{"id":285964,"date":"2025-07-31T05:21:15","date_gmt":"2025-07-31T05:21:15","guid":{"rendered":"https:\/\/www.europesays.com\/fr\/285964\/"},"modified":"2025-07-31T05:21:15","modified_gmt":"2025-07-31T05:21:15","slug":"gabriel-osson-suzanne-louverture-na-eu-de-cesse-de-vouloir-rentrer-chez-elle","status":"publish","type":"post","link":"https:\/\/www.europesays.com\/fr\/285964\/","title":{"rendered":"Gabriel Osson\u00a0:\u00a0\u00ab\u00a0Suzanne Louverture n\u2019a eu de cesse de vouloir rentrer chez elle\u00a0\u00bb"},"content":{"rendered":"<p class=\"sc-jbo7hw-7 bDkRIk\">L\u2019auteur franco-torontois, natif d\u2019Ha\u00efti, Gabriel Osson consacre son dernier livre \u00e0 Suzanne Louverture, \u00e9pouse du chef de la r\u00e9volution ha\u00eftienne Toussaint Louverture.<\/p>\n<p class=\"sc-jbo7hw-7 bDkRIk\">Un lancement de l\u2019ouvrage est organis\u00e9 jeudi soir au centre culturel Blackhurst, sur la rue Bathurst \u00e0 Toronto. La rencontre sera anim\u00e9e par l\u2019\u00e9crivain Didier Leclair.<\/p>\n<p class=\"sc-jbo7hw-7 bDkRIk\"><strong>Hadrien Volle<\/strong>\u00a0<strong>: Ce livre est l\u2019aboutissement d\u2019une aventure qui a commenc\u00e9 il y a plusieurs ann\u00e9es pour vous. Est-ce que vous pouvez revenir sur ce qui vous a conduit \u00e0 raconter l\u2019histoire de Suzanne Louverture ?<\/strong><\/p>\n<p class=\"sc-jbo7hw-7 bDkRIk\"><strong>Gabriel Osson<\/strong>\u00a0<strong>: <\/strong>J\u2019ai commenc\u00e9 \u00e0 travailler sur ce livre il y a trois ans, mais j\u2019ai appris l\u2019existence de Suzanne Louverture il y a cinq ans. J\u2019\u00e9tais au mariage d\u2019une petite ni\u00e8ce \u00e0 Agen [France] et parmi les invit\u00e9s il y avait une dame qui \u00e9tait responsable de la culture pour la ville. Elle est venue me voir et elle m\u2019a demand\u00e9 si je savais qu\u2019Agen avait accueilli un personnage historique de Saint-Domingue [l\u2019ancien nom d\u2019Ha\u00efti] jusqu\u2019\u00e0 sa mort ? Et c\u2019est l\u00e0 que j\u2019ai connu Suzanne Louverture.<\/p>\n<p class=\"sc-jbo7hw-7 bDkRIk\"><strong>H.V.<\/strong>\u00a0<strong>: Comment ont d\u00e9but\u00e9 les recherches<\/strong>\u00a0<strong>?<\/strong><\/p>\n<p class=\"sc-jbo7hw-7 bDkRIk\"><strong>G.O.<\/strong>\u00a0<strong>:<\/strong> Je suis retourn\u00e9 l\u2019\u00e9t\u00e9 suivant \u00e0 Agen pour rencontrer le personnel des Archives d\u00e9partementales du Lot-et-Garonne. J\u2019ai \u00e9t\u00e9 surpris par la somme de mat\u00e9riel qui \u00e9tait disponible.<\/p>\n<p class=\"sc-jbo7hw-7 bDkRIk\">Par la suite, j\u2019ai re\u00e7u une subvention du Conseil des arts du Canada qui m\u2019a permis de faire davantage de recherches en France. Je suis all\u00e9 dans les diff\u00e9rentes villes o\u00f9 Suzanne Louverture a transit\u00e9. D\u2019Agen, je suis all\u00e9 \u00e0 Pau, pour apprendre que les archives n\u2019y \u00e9taient plus depuis\u00a01917 et qu\u2019il fallait que j\u2019aille \u00e0 Aix-en-Provence o\u00f9 sont class\u00e9s les fichiers concernant les outremers.<\/p>\n<p class=\"sc-jbo7hw-7 bDkRIk\">J\u2019ai d\u00fb aussi aller \u00e0 Brest puisque c\u2019est l\u00e0-bas que sont class\u00e9s les fichiers maritimes. \u00c7a tombait bien puisque le bateau qui emmenait Mme Louverture de Saint-Domingue, et qui s\u2019appelait Le H\u00e9ros, a d\u00e9barqu\u00e9 \u00e0 Brest. En consultant le registre du navire, j\u2019ai pu confirmer qu\u2019elle est arriv\u00e9e en France \u00e0 la fin du mois d\u2019ao\u00fbt\u00a01802.<\/p>\n<p><img decoding=\"async\" alt=\"L\u2019artiste Gabriel Osson avec plusieurs de ses \u0153uvres dans ses mains. \" class=\"absolute left-0 top-0 size-full object-cover transition-opacity ease-out print:relative html-dark:brightness-[.8]\" loading=\"lazy\" src=\"https:\/\/www.europesays.com\/fr\/wp-content\/uploads\/2025\/07\/gabriel-osson-ecrivain-la-billetterie.jpg\"\/>6:53<\/p>\n<p class=\"sc-ic6be9-2 kYrgAK\">L\u2019artiste Gabriel Osson avec plusieurs de ses \u0153uvres dans ses mains. <\/p>\n<p class=\"sc-ic6be9-1 cJJtvJ text-gray600 light:text-gray600 dark:text-gray400\">Photo : Radio-Canada \/ La Billetterie<\/p>\n<p class=\"sc-jbo7hw-7 bDkRIk\"><strong>H.V.<\/strong>\u00a0<strong>: Qu\u2019est-ce que vos recherches vous ont appris sur la personnalit\u00e9 de Suzanne Louverture ?<\/strong><\/p>\n<p class=\"sc-jbo7hw-7 bDkRIk\"><strong>G.O.<\/strong>\u00a0<strong>: <\/strong>Suzanne et Toussaint se sont mari\u00e9s en\u00a01793. Ensemble ils ont eu deux enfants, qui sont venu s\u2019ajouter \u00e0 un autre que Suzanne avait eu \u00e0 la suite d\u2019un viol avant son mariage et que Toussain a adopt\u00e9 comme son propre fils. Tous deux \u00e9taient des esclaves affranchis et lorsque le mari a commenc\u00e9 \u00e0 travailler pour l\u2019arm\u00e9e fran\u00e7aise \u00e0 Saint-Domingue, elle s\u2019occupait des terres et de leurs propres esclaves.<\/p>\n<p class=\"sc-jbo7hw-7 bDkRIk\"><strong>H.V.<\/strong>\u00a0<strong>: Qu\u2019est-ce qui a pouss\u00e9 Suzanne Louverture \u00e0 quitter Saint-Domingue ?<\/strong><\/p>\n<p class=\"sc-jbo7hw-7 bDkRIk\"><strong>G.O.<\/strong>\u00a0<strong>: <\/strong>Parce que Napol\u00e9on Bonaparte a d\u00e9cid\u00e9 de d\u00e9porter toute la famille vers ce qui \u00e9tait, pour eux, une destination inconnue. Une fois arriv\u00e9e en France, elle a souvent \u00e9crit au minist\u00e8re pour demander \u00e0 pouvoir retourner sur son \u00eele, arguant qu\u2019elle n\u2019avait rien \u00e0 voir avec les histoires de son mari. Mais c\u2019\u00e9tait mal comprendre Bonaparte qui ne voulait pas que Toussaint Louverture ait une descendance en Ha\u00efti. Ses requ\u00eates sont donc toutes rest\u00e9es lettres mortes.<\/p>\n<p class=\"sc-jbo7hw-7 bDkRIk\">Mais ce qui \u00e9tait int\u00e9ressant c\u2019est que Toussaint Louverture \u00e9tant devenu commandant en chef de l\u2019arm\u00e9e sur l\u2019\u00eele, Suzanne \u00e9tait consid\u00e9r\u00e9e comme la premi\u00e8re dame de Saint-Domingue. Et c\u2019est ainsi qu\u2019elle \u00e9tait vue en France pendant son exil. Ses besoins vitaux \u00e9taient combl\u00e9s par une pension de l\u2019\u00c9tat fran\u00e7ais.<\/p>\n<p><img decoding=\"async\" alt=\"La couverture du livre.\" class=\"absolute left-0 top-0 size-full object-cover transition-opacity ease-out print:relative html-dark:brightness-[.8]\" loading=\"lazy\" src=\"https:\/\/www.europesays.com\/fr\/wp-content\/uploads\/2025\/07\/suzanne-louverture-livre-grabriel-osson-2025-couverture.png\"\/>Ouvrir en mode plein \u00e9cran<\/p>\n<p class=\"sc-ic6be9-2 kYrgAK\">La couverture du livre de Gabriel Osson consacr\u00e9 \u00e0 Suzanne Louverture.<\/p>\n<p class=\"sc-ic6be9-1 cJJtvJ text-gray600 light:text-gray600 dark:text-gray400\">Photo : \u00c9ditions du CIDIHCA<\/p>\n<p class=\"sc-jbo7hw-7 bDkRIk\"><strong>RC<\/strong>\u00a0<strong>: Vous qui \u00eates un auteur aux multiples int\u00e9r\u00eats, comment avez-vous d\u00e9cid\u00e9 de raconter cette histoire ?<\/strong><\/p>\n<p class=\"sc-jbo7hw-7 bDkRIk\"><strong>G.O.<\/strong>\u00a0<strong>: <\/strong>C\u2019\u00e9tait tout un d\u00e9fi parce que d\u2019une part il y avait beaucoup de mat\u00e9riel historique et, d\u2019autre part, il y en avait tr\u00e8s peu qui parlaient de Suzanne directement. Il n\u2019y a aucune photographie, seulement deux illustrations posthumes. J\u2019ai trouv\u00e9 une lettre qui la d\u00e9crivait vaguement, c\u2019est \u00e0 peu pr\u00e8s tout ce que j\u2019avais pour me donner une id\u00e9e.<\/p>\n<p class=\"sc-jbo7hw-7 bDkRIk\">J\u2019ai donc d\u00e9cid\u00e9 d\u2019\u00e9crire son histoire en parall\u00e8le de celle de Toussaint Louverture car si Toussaint \u00e9tait quelque part, Suzanne n\u2019\u00e9tait pas tr\u00e8s loin. J\u2019ai certainement pris quelques libert\u00e9s, mais j\u2019ai respect\u00e9 les dates et les lieux, par o\u00f9 elle a transit\u00e9, etc. Il y a une volont\u00e9 biographique de ma part, tout en restant dans un roman.<\/p>\n<p class=\"sc-jbo7hw-7 bDkRIk\">Suzanne Louverture, d\u2019esclave \u00e0 premi\u00e8re dame de Gabriel Osson est publi\u00e9 aux \u00c9ditions du CIDIHCA.<\/p>\n<p class=\"sc-jbo7hw-7 bDkRIk\">Le lancement du livre se d\u00e9roulera \u00e0 Toronto le mercredi 31\u00a0juillet au centre culturel Blackhurst, 777\u00a0rue Bathurst de 18h30 \u00e0\u00a020h30.<\/p>\n","protected":false},"excerpt":{"rendered":"L\u2019auteur franco-torontois, natif d\u2019Ha\u00efti, Gabriel Osson consacre son dernier livre \u00e0 Suzanne Louverture, \u00e9pouse du chef de la&hellip;\n","protected":false},"author":2,"featured_media":285965,"comment_status":"","ping_status":"","sticky":false,"template":"","format":"standard","meta":{"footnotes":""},"categories":[1586],"tags":[11,1777,674,1779,1011,27,12,25,1778,364],"class_list":{"0":"post-285964","1":"post","2":"type-post","3":"status-publish","4":"format-standard","5":"has-post-thumbnail","7":"category-europe","8":"tag-actualites","9":"tag-eu","10":"tag-europe","11":"tag-european-union","12":"tag-fr","13":"tag-france","14":"tag-news","15":"tag-republique-francaise","16":"tag-ue","17":"tag-union-europeenne"},"share_on_mastodon":{"url":"https:\/\/pubeurope.com\/@fr\/114946171700036623","error":""},"_links":{"self":[{"href":"https:\/\/www.europesays.com\/fr\/wp-json\/wp\/v2\/posts\/285964","targetHints":{"allow":["GET"]}}],"collection":[{"href":"https:\/\/www.europesays.com\/fr\/wp-json\/wp\/v2\/posts"}],"about":[{"href":"https:\/\/www.europesays.com\/fr\/wp-json\/wp\/v2\/types\/post"}],"author":[{"embeddable":true,"href":"https:\/\/www.europesays.com\/fr\/wp-json\/wp\/v2\/users\/2"}],"replies":[{"embeddable":true,"href":"https:\/\/www.europesays.com\/fr\/wp-json\/wp\/v2\/comments?post=285964"}],"version-history":[{"count":0,"href":"https:\/\/www.europesays.com\/fr\/wp-json\/wp\/v2\/posts\/285964\/revisions"}],"wp:featuredmedia":[{"embeddable":true,"href":"https:\/\/www.europesays.com\/fr\/wp-json\/wp\/v2\/media\/285965"}],"wp:attachment":[{"href":"https:\/\/www.europesays.com\/fr\/wp-json\/wp\/v2\/media?parent=285964"}],"wp:term":[{"taxonomy":"category","embeddable":true,"href":"https:\/\/www.europesays.com\/fr\/wp-json\/wp\/v2\/categories?post=285964"},{"taxonomy":"post_tag","embeddable":true,"href":"https:\/\/www.europesays.com\/fr\/wp-json\/wp\/v2\/tags?post=285964"}],"curies":[{"name":"wp","href":"https:\/\/api.w.org\/{rel}","templated":true}]}}