{"id":285975,"date":"2025-07-31T05:28:12","date_gmt":"2025-07-31T05:28:12","guid":{"rendered":"https:\/\/www.europesays.com\/fr\/285975\/"},"modified":"2025-07-31T05:28:12","modified_gmt":"2025-07-31T05:28:12","slug":"ca-dependra-de-la-volonte-dalexander-de-changer-et-dessayer-de-nouvelles-choses-safina-se-prononce-sur-la-possible-collaboration-entre-zverev-et-toni-nadal","status":"publish","type":"post","link":"https:\/\/www.europesays.com\/fr\/285975\/","title":{"rendered":"\u00ab \u00c7a d\u00e9pendra de la volont\u00e9 d\u2019Alexander de changer et d\u2019essayer de nouvelles choses \u00bb, Safina se prononce sur la possible collaboration entre Zverev et Toni Nadal"},"content":{"rendered":"<p>                <img decoding=\"async\" src=\"https:\/\/www.europesays.com\/fr\/wp-content\/uploads\/2025\/07\/AgFL.jpg\" alt=\"\u00ab \u00c7a d\u00e9pendra de la volont\u00e9 d\u2019Alexander de changer et d\u2019essayer de nouvelles choses \u00bb, Safina se prononce sur la possible collaboration entre Zverev et Toni Nadal\"\/><\/p>\n<p>Avant d\u2019attaquer la tourn\u00e9e am\u00e9ricaine \u00e0 Montr\u00e9al, Alexander Zverev a effectu\u00e9 une semaine d\u2019entra\u00eenement \u00e0 Majorque au sein de la Rafa Nadal Academy.<\/p>\n<p>Supervis\u00e9 par Toni Nadal, le n\u00b03 mondial semblerait dispos\u00e9 \u00e0 changer l\u2019organisation de son \u00e9quipe pour se donner des chances suppl\u00e9mentaires d\u2019aller chercher un premier titre du Grand Chelem. Dans des propos relay\u00e9s par le site Tennis365, l\u2019ancienne n\u00b01 mondiale Dinara s\u2019est exprim\u00e9e sur cette collaboration qui pourrait prendre forme prochainement :<\/p>\n<p>\u00ab Ce serait int\u00e9ressant \u00e0 voir. Toni est quelqu\u2019un de tr\u00e8s direct. Je ne sais pas dans quelle mesure Alexander est pr\u00eat \u00e0 changer et \u00e0 int\u00e9grer quelqu\u2019un d\u2019autre dans son \u00e9quipe. Nous verrons. Selon moi, la collaboration d\u00e9pendra beaucoup d\u2019Alexander, de sa volont\u00e9 de changer, d\u2019\u00e9couter et d\u2019essayer de nouvelles choses. \u00bb<\/p>\n","protected":false},"excerpt":{"rendered":"Avant d\u2019attaquer la tourn\u00e9e am\u00e9ricaine \u00e0 Montr\u00e9al, Alexander Zverev a effectu\u00e9 une semaine d\u2019entra\u00eenement \u00e0 Majorque au sein&hellip;\n","protected":false},"author":2,"featured_media":285976,"comment_status":"","ping_status":"","sticky":false,"template":"","format":"standard","meta":{"footnotes":""},"categories":[1415],"tags":[1011,27,60,1467],"class_list":{"0":"post-285975","1":"post","2":"type-post","3":"status-publish","4":"format-standard","5":"has-post-thumbnail","7":"category-tennis","8":"tag-fr","9":"tag-france","10":"tag-sports","11":"tag-tennis"},"share_on_mastodon":{"url":"https:\/\/pubeurope.com\/@fr\/114946198939500245","error":""},"_links":{"self":[{"href":"https:\/\/www.europesays.com\/fr\/wp-json\/wp\/v2\/posts\/285975","targetHints":{"allow":["GET"]}}],"collection":[{"href":"https:\/\/www.europesays.com\/fr\/wp-json\/wp\/v2\/posts"}],"about":[{"href":"https:\/\/www.europesays.com\/fr\/wp-json\/wp\/v2\/types\/post"}],"author":[{"embeddable":true,"href":"https:\/\/www.europesays.com\/fr\/wp-json\/wp\/v2\/users\/2"}],"replies":[{"embeddable":true,"href":"https:\/\/www.europesays.com\/fr\/wp-json\/wp\/v2\/comments?post=285975"}],"version-history":[{"count":0,"href":"https:\/\/www.europesays.com\/fr\/wp-json\/wp\/v2\/posts\/285975\/revisions"}],"wp:featuredmedia":[{"embeddable":true,"href":"https:\/\/www.europesays.com\/fr\/wp-json\/wp\/v2\/media\/285976"}],"wp:attachment":[{"href":"https:\/\/www.europesays.com\/fr\/wp-json\/wp\/v2\/media?parent=285975"}],"wp:term":[{"taxonomy":"category","embeddable":true,"href":"https:\/\/www.europesays.com\/fr\/wp-json\/wp\/v2\/categories?post=285975"},{"taxonomy":"post_tag","embeddable":true,"href":"https:\/\/www.europesays.com\/fr\/wp-json\/wp\/v2\/tags?post=285975"}],"curies":[{"name":"wp","href":"https:\/\/api.w.org\/{rel}","templated":true}]}}