{"id":285977,"date":"2025-07-31T05:30:20","date_gmt":"2025-07-31T05:30:20","guid":{"rendered":"https:\/\/www.europesays.com\/fr\/285977\/"},"modified":"2025-07-31T05:30:20","modified_gmt":"2025-07-31T05:30:20","slug":"motogp-carlo-pernat-revient-sur-sa-position-ducati-a-eu-raison-de-choisir-marc-marquez-la-gp25-a-besoin-dun-extraterrestre","status":"publish","type":"post","link":"https:\/\/www.europesays.com\/fr\/285977\/","title":{"rendered":"MotoGP, Carlo Pernat revient sur sa position : \u00ab\u00a0Ducati a eu raison de choisir Marc Marquez, la GP25 a besoin d&rsquo;un extraterrestre\u00a0\u00bb"},"content":{"rendered":"<p><strong>Lorsqu\u2019en pleine saison 2024, Ducati a pris la d\u00e9cision<br \/>\nexplosive de faire monter Marc Marquez dans son \u00e9quipe d\u2019usine aux<br \/>\nc\u00f4t\u00e9s de Pecco Bagnaia pour 2025, le paddock MotoGP s\u2019est enflamm\u00e9.<br \/>\nCette man\u0153uvre strat\u00e9gique a non seulement provoqu\u00e9 le d\u00e9part de<br \/>\nJorge Martin vers Aprilia et d\u2019Enea Bastianini vers Tech3 KTM, mais<br \/>\na aussi entra\u00een\u00e9 la perte de l\u2019\u00e9quipe satellite Pramac, d\u00e9sormais<br \/>\npass\u00e9e chez Yamaha.<\/strong><\/p>\n<p>Critiqu\u00e9e, risqu\u00e9e, voire jug\u00e9e comme une trahison de la<br \/>\nphilosophie <strong>Ducati<\/strong> centr\u00e9e sur les talents \u00ab<br \/>\nmaison \u00bb, la d\u00e9cision de <strong>Gigi Dall\u2019Igna<\/strong> n\u2019a pas<br \/>\nfait l\u2019unanimit\u00e9. Parmi les voix sceptiques \u00e0 l\u2019\u00e9poque :<br \/>\n<strong>Carlo Pernat<\/strong>, v\u00e9t\u00e9ran respect\u00e9 du paddock et<br \/>\nmanager d\u2019<strong>Enea Bastianini.<\/strong><\/p>\n<p>Dans une r\u00e9cente interview accord\u00e9e \u00e0 <a href=\"https:\/\/mowmag.com\/sport\/carlo-pernat-a-mow-dall-igna-ha-avuto-ragione-la-gp25-non-va-e-valentino-rossi-vede-in-pedro-acosta-il-suo-marc-marquez-ma-la-vera-notizia-clamorosa-e-un-altra#goog_rewarded\" rel=\"nofollow noopener\" target=\"_blank\"><br \/>\nMOW Magazine<\/a>, <strong>Pernat<\/strong> reconna\u00eet avoir chang\u00e9<br \/>\nd\u2019avis.<\/p>\n<p>\u00ab <strong>Je n\u2019ai jamais cach\u00e9 mes critiques envers<br \/>\nDucati<\/strong>. Pour moi, prendre Marc Marquez, c\u2019\u00e9tait<br \/>\ntourner le dos \u00e0 la politique de formation locale qui faisait leur<br \/>\nfiert\u00e9 \u00e0 Borgo Panigale \u00bb, admet-il.<\/p>\n<p>Mais aujourd\u2019hui, les r\u00e9sultats parlent d\u2019eux-m\u00eames. Et<br \/>\n<strong>Pernat<\/strong> s\u2019incline :<\/p>\n<p>\u00ab <strong>Il faut reconna\u00eetre que Gigi Dall\u2019Igna avait<br \/>\nraison<\/strong>. Les chiffres le prouvent <strong>: la<br \/>\nGP25 est imparfaite, elle a atteint un plafond technique. Et Gigi<br \/>\nl\u2019avait anticip\u00e9<\/strong>. Il savait qu\u2019il fallait <strong>un<br \/>\npilote capable de compenser ces limites par son propre<br \/>\ntalent<\/strong>. \u00bb<\/p>\n<p>\u00a0<\/p>\n<p><strong><img loading=\"lazy\" decoding=\"async\" class=\"aligncenter size-full wp-image-1314808\" src=\"https:\/\/www.europesays.com\/fr\/wp-content\/uploads\/2025\/07\/Ducati-2.jpg\" alt=\"Marc Marquez \" width=\"595\" height=\"389\"  \/>Carlo Pernat\u00a0:<br \/>\n\u00ab\u00a0Ducati savait que sa moto ne pouvait ne plus progresser<br \/>\n\u2014 voire r\u00e9gresser\u00a0\u00bb<\/strong><\/p>\n<p>Selon <strong>Pernat<\/strong>, la signature de<br \/>\n<strong>Marquez<\/strong> n\u2019est pas une tentative de construire une<br \/>\nmoto autour de lui, comme certains l\u2019ont sugg\u00e9r\u00e9, mais plut\u00f4t une<br \/>\nr\u00e9ponse pragmatique \u00e0 un plafond technique d\u00e9j\u00e0 atteint avec la<br \/>\nDesmosedici.<\/p>\n<p>\u00ab Ce n\u2019est pas que la moto a \u00e9t\u00e9 faite pour lui, mais Ducati<br \/>\nsavait qu\u2019elle pouvait ne plus progresser \u2014 voire r\u00e9gresser.<br \/>\n<strong>Ils ont donc pris le seul pilote capable de faire deux pas<br \/>\nen avant, m\u00eame avec une moto imparfaite<\/strong>. \u00bb<\/p>\n<p>La saison 2025 donne totalement raison \u00e0 cette strat\u00e9gie. \u00c0 la<br \/>\ntr\u00eave estivale, <strong>Marc Marquez<\/strong> \u00e9crase la concurrence<br \/>\n: 19 victoires en 24 courses, dont 11 sprints et 8 Grands Prix.<\/p>\n<p>Il y a aussi 381 points au <a href=\"https:\/\/www.paddock-gp.com\/motogp-brno-championnat-huitieme-victoire-de-la-saison-120-points-davance-marc-marquez-peut-profiter-de-ses-vacances\/\" rel=\"nofollow noopener\" target=\"_blank\"><br \/>\n<strong>classement<\/strong><\/a>, soit 120 de plus que son fr\u00e8re<br \/>\n<strong>Alex<\/strong>, deuxi\u00e8me sur une <strong>GP24<\/strong> chez<br \/>\nGresini. Pendant ce temps, <a href=\"https:\/\/www.paddock-gp.com\/motogp-pecco-bagnaia-sous-pression-chez-ducati-giacomo-agostini-suggere-aldeguer-ou-bezzecchi-comme-remplacants\/\" rel=\"nofollow noopener\" target=\"_blank\"><br \/>\n<strong>Pecco Bagnaia<\/strong><\/a> peine \u00e0 s\u2019adapter \u00e0 l\u2019avant de<br \/>\nla <strong>GP25<\/strong>, avec une seule victoire (\u00e0 Austin) et une<br \/>\npole \u00e0 <strong>Brno<\/strong>. Il est actuellement troisi\u00e8me, \u00e0 168<br \/>\npoints.<\/p>\n<p>Avec cette domination, <a href=\"https:\/\/www.paddock-gp.com\/wsbk-alvaro-bautista-marc-marquez-gagne-tout-comme-je-le-faisais-mais-ils-ne-lont-jamais-penalise\/\" rel=\"nofollow noopener\" target=\"_blank\"><br \/>\n<strong>Marc Marquez<\/strong><\/a> est en passe d\u2019offrir \u00e0<br \/>\n<strong>Ducati<\/strong> une saison historique, malgr\u00e9 les<br \/>\nsacrifices internes impos\u00e9s pour l\u2019accueillir. Et m\u00eame les plus<br \/>\nsceptiques comme <strong>Pernat<\/strong> doivent aujourd\u2019hui<br \/>\nl\u2019admettre : la prise de risque de <strong>Gigi Dall\u2019Igna<\/strong><br \/>\na \u00e9t\u00e9 payante.<\/p>\n<p><img loading=\"lazy\" decoding=\"async\" class=\"aligncenter size-full wp-image-1314809\" src=\"https:\/\/www.europesays.com\/fr\/wp-content\/uploads\/2025\/07\/Ducati-3.jpg\" alt=\"Marc Marquez\" width=\"647\" height=\"465\"  \/><\/p>\n","protected":false},"excerpt":{"rendered":"Lorsqu\u2019en pleine saison 2024, Ducati a pris la d\u00e9cision explosive de faire monter Marc Marquez dans son \u00e9quipe&hellip;\n","protected":false},"author":2,"featured_media":285978,"comment_status":"","ping_status":"","sticky":false,"template":"","format":"standard","meta":{"footnotes":""},"categories":[1413],"tags":[1011,27,1457,1456,60],"class_list":{"0":"post-285977","1":"post","2":"type-post","3":"status-publish","4":"format-standard","5":"has-post-thumbnail","7":"category-moto","8":"tag-fr","9":"tag-france","10":"tag-moto","11":"tag-motocycle","12":"tag-sports"},"share_on_mastodon":{"url":"https:\/\/pubeurope.com\/@fr\/114946206913898662","error":""},"_links":{"self":[{"href":"https:\/\/www.europesays.com\/fr\/wp-json\/wp\/v2\/posts\/285977","targetHints":{"allow":["GET"]}}],"collection":[{"href":"https:\/\/www.europesays.com\/fr\/wp-json\/wp\/v2\/posts"}],"about":[{"href":"https:\/\/www.europesays.com\/fr\/wp-json\/wp\/v2\/types\/post"}],"author":[{"embeddable":true,"href":"https:\/\/www.europesays.com\/fr\/wp-json\/wp\/v2\/users\/2"}],"replies":[{"embeddable":true,"href":"https:\/\/www.europesays.com\/fr\/wp-json\/wp\/v2\/comments?post=285977"}],"version-history":[{"count":0,"href":"https:\/\/www.europesays.com\/fr\/wp-json\/wp\/v2\/posts\/285977\/revisions"}],"wp:featuredmedia":[{"embeddable":true,"href":"https:\/\/www.europesays.com\/fr\/wp-json\/wp\/v2\/media\/285978"}],"wp:attachment":[{"href":"https:\/\/www.europesays.com\/fr\/wp-json\/wp\/v2\/media?parent=285977"}],"wp:term":[{"taxonomy":"category","embeddable":true,"href":"https:\/\/www.europesays.com\/fr\/wp-json\/wp\/v2\/categories?post=285977"},{"taxonomy":"post_tag","embeddable":true,"href":"https:\/\/www.europesays.com\/fr\/wp-json\/wp\/v2\/tags?post=285977"}],"curies":[{"name":"wp","href":"https:\/\/api.w.org\/{rel}","templated":true}]}}