{"id":285979,"date":"2025-07-31T05:31:17","date_gmt":"2025-07-31T05:31:17","guid":{"rendered":"https:\/\/www.europesays.com\/fr\/285979\/"},"modified":"2025-07-31T05:31:17","modified_gmt":"2025-07-31T05:31:17","slug":"pourquoi-hulkenberg-sest-il-arrete-une-seconde-fois-a-spa","status":"publish","type":"post","link":"https:\/\/www.europesays.com\/fr\/285979\/","title":{"rendered":"Pourquoi H\u00fclkenberg s&rsquo;est-il arr\u00eat\u00e9 une seconde fois \u00e0 Spa ?"},"content":{"rendered":"<p>La double entr\u00e9e dans les points de <a href=\"https:\/\/fr.motorsport.com\/team\/stake-sauber\/612\/\" target=\"_blank\" rel=\"noopener\">Stake Sauber<\/a> \u00e0 Spa aura \u00e9t\u00e9 envisag\u00e9e jusqu&rsquo;\u00e0 la fin de la course. N\u00e9anmoins, <a href=\"https:\/\/fr.motorsport.com\/f1\/news\/bortoleto-apprend-erreurs-signe-nouveau-top-10\/10746429\/\" target=\"_self\" rel=\"noopener\">seul Gabriel Bortoleto a finalement franchi la ligne d&rsquo;arriv\u00e9e du GP de Belgique dans le top 10<\/a>, pendant que <a href=\"https:\/\/fr.motorsport.com\/driver\/nico-hulkenberg\/84891\/\" target=\"_blank\" rel=\"noopener\">Nico H\u00fclkenberg<\/a> terminait 12e. Un r\u00e9sultat un peu amer pour l&rsquo;Allemand, au vu de sa derni\u00e8re performance \u00e0 Silverstone, qui l&rsquo;avait vu monter sur le podium pour la premi\u00e8re fois de sa carri\u00e8re.<\/p>\n<p>Apr\u00e8s des qualifications loup\u00e9es, o\u00f9 il n&rsquo;avait d\u00e9croch\u00e9 que la 14e place pendant que son voisin de garage passait en Q3, H\u00fclkenberg a tent\u00e9 le tout pour le tout dimanche. Imitant <a href=\"https:\/\/fr.motorsport.com\/driver\/lewis-hamilton\/76878\/\" target=\"_blank\" rel=\"noopener\">Lewis Hamilton<\/a>, <a href=\"https:\/\/fr.motorsport.com\/driver\/pierre-gasly\/95098\/\" target=\"_blank\" rel=\"noopener\">Pierre Gasly<\/a> ou encore <a href=\"https:\/\/fr.motorsport.com\/driver\/fernando-alonso\/76096\/\" target=\"_blank\" rel=\"noopener\">Fernando Alonso<\/a>, le pilote Sauber a plong\u00e9 dans les stands au 11e tour seulement, anticipant le passage aux pneus slicks alors que la pluie venait \u00e0 peine de se stopper et que la piste \u00e9tait encore humide.\u00a0<\/p>\n<p>Un pari risqu\u00e9, mais qui a initialement pay\u00e9. H\u00fclkenberg s&rsquo;est retrouv\u00e9 en neuvi\u00e8me position, juste devant son co\u00e9quipier et derri\u00e8re <a href=\"https:\/\/fr.motorsport.com\/driver\/liam-lawson\/826061\/\" target=\"_blank\" rel=\"noopener\">Liam Lawson<\/a>, remontant de cinq positions d&rsquo;un coup. Pourtant, ce deuxi\u00e8me relais ne s&rsquo;est pas bien pass\u00e9 pour l&rsquo;Allemand. Rapidement, H\u00fclkenberg a commenc\u00e9 \u00e0 faire des erreurs, \u00e0 bloquer ses roues et \u00e0 retenir Bortoleto, qui se trouvait sur un meilleur rythme. L&rsquo;\u00e9quipe a donc demand\u00e9 \u00e0 ce que les deux voitures \u00e9changent leur position.\u00a0<\/p>\n<blockquote>\n<p>Je ne pense pas que j&rsquo;aurais pu survivre [sans ce deuxi\u00e8me arr\u00eat].<\/p>\n<\/blockquote>\n<p>\u00c0 partir de l\u00e0, les choses ont empir\u00e9. Incapable de rester en piste avec ce train de gommes, H\u00fclkenberg a \u00e9t\u00e9 forc\u00e9 de rentrer au stand une seconde fois, au 32e tour, pour chausser des nouveaux pneus mediums. Il est ressorti 15e, perdant tout l&rsquo;avantage qu&rsquo;il s&rsquo;\u00e9tait construit en d\u00e9but de course.\u00a0<\/p>\n<p>   <img decoding=\"async\" draggable=\"false\" src=\"https:\/\/www.europesays.com\/fr\/wp-content\/uploads\/2025\/07\/1753939877_292_nico-hulkenberg-sauber.jpg\" alt=\"Nico H\u00fclkenberg devant Pierre Gasly \u00e0 Spa.\" width=\"1200\" height=\"800\" loading=\"lazy\"\/> <\/p>\n<p class=\"title\">Nico H\u00fclkenberg devant Pierre Gasly \u00e0 Spa.<\/p>\n<p class=\"photographer\">Photo de: Sam Bloxham \/ LAT Images via Getty Images<\/p>\n<p>\u00ab\u00a0Mes pneus avant commen\u00e7aient \u00e0 l\u00e2cher lors du premier relais [en slicks]\u00a0\u00bb, a expliqu\u00e9 le pilote. \u00ab\u00a0Je commen\u00e7ais \u00e0 bloquer l&rsquo;avant, avec beaucoup de sous-virage, et je ne pense pas que j&rsquo;aurais pu survivre et rester devant Pierre et tout ce groupe [sans ce deuxi\u00e8me arr\u00eat].\u00a0\u00bb<\/p>\n<p>\u00ab\u00a0Surtout qu&rsquo;on roulait avec plus d&rsquo;appui a\u00e9rodynamique alors qu&rsquo;il [Gasly] \u00e9tait en configuration \u00e0 faible appui. D\u00e8s qu&rsquo;il serait entr\u00e9 dans mon sillage et qu&rsquo;il se serait rapproch\u00e9, j&rsquo;aurais \u00e9t\u00e9 une cible facile. C&rsquo;est pour \u00e7a que j&rsquo;ai demand\u00e9 le deuxi\u00e8me arr\u00eat, en esp\u00e9rant r\u00e9cup\u00e9rer [les places perdues], ce qui \u00e9videmment n&rsquo;a pas vraiment fonctionn\u00e9.\u00a0\u00bb<\/p>\n<p>\u00ab\u00a0Je n&rsquo;ai pas r\u00e9ussi \u00e0 faire durer mon premier relais en pneus mediums\u00a0\u00bb, a-t-il ajout\u00e9 au micro de Sky Sports. \u00ab\u00a0Ils n&rsquo;ont tout simplement pas tenu. Je pense qu&rsquo;on n&rsquo;avait pas mis assez d&rsquo;appui a\u00e9ro, ou qu&rsquo;on n&rsquo;a pas pris la bonne d\u00e9cision au moment de passer aux slicks lors de l&rsquo;arr\u00eat aux stands.\u00a0\u00bb<\/p>\n<p>Pourtant, H\u00fclkenberg a indiqu\u00e9 avoir cru au top 10 jusqu&rsquo;\u00e0 la fin : \u00ab\u00a0On pensait avoir une chance, on ne sait jamais. \u00c9videmment, le fait d&rsquo;\u00eatre coinc\u00e9 dans un train DRS n&rsquo;a rien arrang\u00e9, mais \u00e0 15 tours de la fin, tu te dis que ce train va peut-\u00eatre se disloquer, et qu&rsquo;une fois que tu y arrives, ce sera diff\u00e9rent\u2026 mais ce n&rsquo;\u00e9tait pas le cas. Donc c&rsquo;\u00e9tait juste une situation classique en course.\u00a0\u00bb<\/p>\n<p style=\"text-align: right;\">Propos recueillis par Benjamin Vinel<\/p>\n<p>Lire aussi :<\/p>\n<p>Dans cet article<\/p>\n<p>Soyez le premier inform\u00e9 et souscrivez aux alertes mails pour recevoir les infos en temps r\u00e9el<\/p>\n<p>    S&rsquo;abonner aux alertes de news<\/p>\n","protected":false},"excerpt":{"rendered":"La double entr\u00e9e dans les points de Stake Sauber \u00e0 Spa aura \u00e9t\u00e9 envisag\u00e9e jusqu&rsquo;\u00e0 la fin de&hellip;\n","protected":false},"author":2,"featured_media":285980,"comment_status":"","ping_status":"","sticky":false,"template":"","format":"standard","meta":{"footnotes":""},"categories":[1412],"tags":[1451,1452,1453,1454,1455,1011,27,38196,9107,19528,60,9106],"class_list":{"0":"post-285979","1":"post","2":"type-post","3":"status-publish","4":"format-standard","5":"has-post-thumbnail","7":"category-f1","8":"tag-f1","9":"tag-formula-1","10":"tag-formula1","11":"tag-formule-1","12":"tag-formule1","13":"tag-fr","14":"tag-france","15":"tag-gp-de-belgique","16":"tag-nico-hu00fclkenberg","17":"tag-spa-francorchamps","18":"tag-sports","19":"tag-stake-sauber"},"share_on_mastodon":{"url":"https:\/\/pubeurope.com\/@fr\/114946210714869754","error":""},"_links":{"self":[{"href":"https:\/\/www.europesays.com\/fr\/wp-json\/wp\/v2\/posts\/285979","targetHints":{"allow":["GET"]}}],"collection":[{"href":"https:\/\/www.europesays.com\/fr\/wp-json\/wp\/v2\/posts"}],"about":[{"href":"https:\/\/www.europesays.com\/fr\/wp-json\/wp\/v2\/types\/post"}],"author":[{"embeddable":true,"href":"https:\/\/www.europesays.com\/fr\/wp-json\/wp\/v2\/users\/2"}],"replies":[{"embeddable":true,"href":"https:\/\/www.europesays.com\/fr\/wp-json\/wp\/v2\/comments?post=285979"}],"version-history":[{"count":0,"href":"https:\/\/www.europesays.com\/fr\/wp-json\/wp\/v2\/posts\/285979\/revisions"}],"wp:featuredmedia":[{"embeddable":true,"href":"https:\/\/www.europesays.com\/fr\/wp-json\/wp\/v2\/media\/285980"}],"wp:attachment":[{"href":"https:\/\/www.europesays.com\/fr\/wp-json\/wp\/v2\/media?parent=285979"}],"wp:term":[{"taxonomy":"category","embeddable":true,"href":"https:\/\/www.europesays.com\/fr\/wp-json\/wp\/v2\/categories?post=285979"},{"taxonomy":"post_tag","embeddable":true,"href":"https:\/\/www.europesays.com\/fr\/wp-json\/wp\/v2\/tags?post=285979"}],"curies":[{"name":"wp","href":"https:\/\/api.w.org\/{rel}","templated":true}]}}