{"id":285985,"date":"2025-07-31T05:34:10","date_gmt":"2025-07-31T05:34:10","guid":{"rendered":"https:\/\/www.europesays.com\/fr\/285985\/"},"modified":"2025-07-31T05:34:10","modified_gmt":"2025-07-31T05:34:10","slug":"quitter-le-plateau-lea-salame-prevenue-par-anne-sophie-lapix-avant-son-grand-saut","status":"publish","type":"post","link":"https:\/\/www.europesays.com\/fr\/285985\/","title":{"rendered":"\u201cQuitter le plateau\u2026\u201d : L\u00e9a Salam\u00e9 pr\u00e9venue par Anne-Sophie Lapix avant son grand saut"},"content":{"rendered":"<p class=\"p1\">Anne-Sophie Lapix a <strong>quitt\u00e9 France 2<\/strong>.<br \/>\nJeudi 26 juin, la journaliste a fait ses adieux au <a href=\"https:\/\/www.closermag.fr\/people\/anne-sophie-lapix-a-quoi-ressemblait-elle-pour-son-premier-jt-3558431\" target=\"_blank\" rel=\"noopener\"><br \/>\njournal t\u00e9l\u00e9vis\u00e9<\/a> qu\u2019elle animait depuis septembre 2017. Au<br \/>\nmoment de son d\u00e9part, elle a tenu \u00e0 adresser quelques mots aux<br \/>\nt\u00e9l\u00e9spectateurs, mais aussi \u00e0 sa future rempla\u00e7ante, <strong>L\u00e9a<br \/>\nSalam\u00e9<\/strong>.<\/p>\n<p class=\"p1\">Face cam\u00e9ra, Anne-Sophie Lapix a ainsi souhait\u00e9<br \/>\n\u201cbonne chance\u201d \u00e0 l\u2019animatrice de Quelle \u00e9poque !. Elle l\u2019a<br \/>\nensuite d\u00e9crite comme une journaliste \u201c\u00e0 la fois tr\u00e8s<br \/>\ntalentueuse, tr\u00e8s forte et tr\u00e8s chaleureuse\u201d. Avant son<br \/>\ndernier JT, <a href=\"https:\/\/www.closermag.fr\/tv_tele_realite\/anne-sophie-lapix-dit-adieu-au-20h-et-ses-mots-pour-lea-salame-feront-fermer-des-bouches-3558732\" target=\"_blank\" rel=\"noopener\"><br \/>\nL\u00e9a Salam\u00e9<\/a> a \u00e9galement d\u00e9cid\u00e9 de <strong>lui adresser un<br \/>\nmessage<\/strong> sur Instagram. Elle a post\u00e9 une photo d\u2019elle avec<br \/>\nla mention \u201cQueen (reine en anglais)\u201d.<\/p>\n<p>Anne-Sophie Lapix a offert un carnet \u00e0 la<br \/>\npr\u00e9sentatrice<\/p>\n<p class=\"p1\">Si Anne-Sophie Lapix et L\u00e9a Salam\u00e9 ne sont pas<br \/>\napparues ensemble \u00e0 l\u2019antenne, elles se sont tout de m\u00eame<br \/>\n<strong>rencontr\u00e9es en coulisse<\/strong>. En effet, selon Ici<br \/>\nParis, elles ont \u00e9chang\u00e9 \u00e0 propos du poste et <a href=\"https:\/\/www.closermag.fr\/people\/anne-sophie-lapix-quitte-le-20h-lattaque-assassine-de-son-mari-a-son-pot-de-depart-3559075\" target=\"_blank\" rel=\"noopener\"><br \/>\nla femme d\u2019Arthur Sadoun<\/a> a tenu \u00e0 faire <strong>un petit<br \/>\ncadeau<\/strong> \u00e0 la nouvelle pr\u00e9sentatrice du JT.<\/p>\n<p class=\"p1\">L\u00e9a Salam\u00e9 aurait effectivement re\u00e7u <strong>un<br \/>\ncarnet<\/strong> de la part de la journaliste. Dedans, celle-ci lui<br \/>\naurait <strong>consign\u00e9 des r\u00e9flexions et conseils<\/strong><br \/>\ninspir\u00e9s de sa longue exp\u00e9rience sur France 2. Le magazine pr\u00e9cise<br \/>\nd\u2019ailleurs que <a href=\"https:\/\/www.closermag.fr\/people\/lea-salame-son-salaire-tres-confortable-a-france-2-fait-des-jaloux-en-politique-3566784\" target=\"_blank\" rel=\"noopener\"><br \/>\nla femme de 45 ans<\/a> a d\u00e9j\u00e0 pris note de certains conseils.<\/p>\n<p>L\u00e9a Salam\u00e9 a re\u00e7u des conseils<br \/>\navis\u00e9s<\/p>\n<p class=\"p1\">Tout le contenu du carnet offert par <a href=\"https:\/\/www.closermag.fr\/people\/anne-sophie-lapix-trop-partiale-avec-les-politiques-pas-sure-de-la-journaliste-fait-son-auto-critique-3508042\" target=\"_blank\" rel=\"noopener\"><br \/>\nAnne-Sophie Lapix<\/a> \u00e0 L\u00e9a Salam\u00e9 n\u2019a pas \u00e9t\u00e9 d\u00e9voil\u00e9. Certains<br \/>\nconseils ont cependant fuit\u00e9. Elle lui a par exemple indiqu\u00e9 :<br \/>\n\u201cSois ferme sans \u00eatre fig\u00e9e, la cr\u00e9dibilit\u00e9 vient de la<br \/>\nrigueur, mais la connexion vient de ton regard. Laisse la vivacit\u00e9<br \/>\nde ton esprit respirer \u00e0 travers ton sourire\u201d.<\/p>\n<p class=\"p1\">Concernant ses <strong>futurs invit\u00e9s en<br \/>\nplateau<\/strong>, la journaliste a not\u00e9 : \u00ab\u00a0L\u2019interview n\u2019est<br \/>\npas une ar\u00e8ne, c\u2019est un miroir tendu \u00e0 l\u2019autre\u201d. Elle lui a<br \/>\n\u00e9galement indiqu\u00e9, \u00e0 propos des <strong>critiques<\/strong> :<br \/>\n\u201cN\u2019oublie pas que ceux qui commentent sont loin du<br \/>\ndirect\u201d. Finalement, Anne-Sophie Lapix a conseill\u00e9 \u00e0 la<br \/>\ncompagne de <a href=\"https:\/\/www.telestar.fr\/people\/lea-salame-au-20h-raphael-glucksmann-repond-a-la-polemique-et-dit-vraiment-ce-quil-pense-1728362\" target=\"_blank\" rel=\"noopener\">Rapha\u00ebl Glucksmann<\/a> :<br \/>\n\u201cQuitter le plateau avant de se lasser, c\u2019est un<br \/>\nprivil\u00e8ge\u201d. Des conseils avis\u00e9s dont L\u00e9a Salam\u00e9 devrait donc<br \/>\ntenir compte.<\/p>\n","protected":false},"excerpt":{"rendered":"Anne-Sophie Lapix a quitt\u00e9 France 2. Jeudi 26 juin, la journaliste a fait ses adieux au journal t\u00e9l\u00e9vis\u00e9&hellip;\n","protected":false},"author":2,"featured_media":285986,"comment_status":"","ping_status":"","sticky":false,"template":"","format":"standard","meta":{"footnotes":""},"categories":[1359],"tags":[21313,548,58,59,1011,27,3806,973],"class_list":{"0":"post-285985","1":"post","2":"type-post","3":"status-publish","4":"format-standard","5":"has-post-thumbnail","7":"category-people","8":"tag-anne-sophie-lapix","9":"tag-article-simple","10":"tag-divertissement","11":"tag-entertainment","12":"tag-fr","13":"tag-france","14":"tag-lea-salame","15":"tag-people"},"share_on_mastodon":{"url":"https:\/\/pubeurope.com\/@fr\/114946222495385323","error":""},"_links":{"self":[{"href":"https:\/\/www.europesays.com\/fr\/wp-json\/wp\/v2\/posts\/285985","targetHints":{"allow":["GET"]}}],"collection":[{"href":"https:\/\/www.europesays.com\/fr\/wp-json\/wp\/v2\/posts"}],"about":[{"href":"https:\/\/www.europesays.com\/fr\/wp-json\/wp\/v2\/types\/post"}],"author":[{"embeddable":true,"href":"https:\/\/www.europesays.com\/fr\/wp-json\/wp\/v2\/users\/2"}],"replies":[{"embeddable":true,"href":"https:\/\/www.europesays.com\/fr\/wp-json\/wp\/v2\/comments?post=285985"}],"version-history":[{"count":0,"href":"https:\/\/www.europesays.com\/fr\/wp-json\/wp\/v2\/posts\/285985\/revisions"}],"wp:featuredmedia":[{"embeddable":true,"href":"https:\/\/www.europesays.com\/fr\/wp-json\/wp\/v2\/media\/285986"}],"wp:attachment":[{"href":"https:\/\/www.europesays.com\/fr\/wp-json\/wp\/v2\/media?parent=285985"}],"wp:term":[{"taxonomy":"category","embeddable":true,"href":"https:\/\/www.europesays.com\/fr\/wp-json\/wp\/v2\/categories?post=285985"},{"taxonomy":"post_tag","embeddable":true,"href":"https:\/\/www.europesays.com\/fr\/wp-json\/wp\/v2\/tags?post=285985"}],"curies":[{"name":"wp","href":"https:\/\/api.w.org\/{rel}","templated":true}]}}