{"id":285987,"date":"2025-07-31T05:36:12","date_gmt":"2025-07-31T05:36:12","guid":{"rendered":"https:\/\/www.europesays.com\/fr\/285987\/"},"modified":"2025-07-31T05:36:12","modified_gmt":"2025-07-31T05:36:12","slug":"a-livre-ouvert-a-la-bibliotheque-de-bartenheim-les-enfants-a-bonne-ecole","status":"publish","type":"post","link":"https:\/\/www.europesays.com\/fr\/285987\/","title":{"rendered":"\u00c0 livre ouvert. \u00c0 la biblioth\u00e8que de Bartenheim, les enfants \u00e0 bonne \u00e9cole"},"content":{"rendered":"<p>                            La\u00a0m\u00eame responsable depuis trente-trois ans<\/p>\n<p>Oui, Nathalie Desbois fait partie des murs. L\u2019\u00e9crire n\u2019est en rien une injure. \u00c7a la rend m\u00eame dr\u00f4lement fi\u00e8re. Cette ancienne Mulhousienne qui s\u2019est rapproch\u00e9e de la r\u00e9gion des Trois fronti\u00e8res a pris la direction de la biblioth\u00e8que de Bartenheim \u00e0 la fin de l\u2019ann\u00e9e 1992, pr\u00e8s de neuf mois apr\u00e8s la cr\u00e9ation de la structure, au premier \u00e9tage de la Maison pour tous. Trente-trois ans plus tard, elle est toujours l\u00e0. Ainsi que la moquette, rest\u00e9e sensiblement la m\u00eame durant toutes ces ann\u00e9es.<\/p>\n<p>Une biblioth\u00e8que de proximit\u00e9<\/p>\n<p>\u00ab\u00a0Il y avait \u00e0 l\u2019\u00e9poque une r\u00e9elle volont\u00e9 de se doter d\u2019une biblioth\u00e8que municipale\u00a0\u00bb, se rem\u00e9more Nathalie Desbois. Celle-ci \u00e9tait port\u00e9e par Hubert Zimmermann, ancien instituteur et directeur de l\u2019\u00e9cole Charles P\u00e9guy de Bartenheim ayant au pr\u00e9alable cr\u00e9\u00e9 une&#8230;<\/p>\n","protected":false},"excerpt":{"rendered":"La\u00a0m\u00eame responsable depuis trente-trois ans Oui, Nathalie Desbois fait partie des murs. L\u2019\u00e9crire n\u2019est en rien une injure.&hellip;\n","protected":false},"author":2,"featured_media":285988,"comment_status":"","ping_status":"","sticky":false,"template":"","format":"standard","meta":{"footnotes":""},"categories":[1357],"tags":[42487,1379,6211,1687,58,13971,1057,59,107,1011,27,6225,1380,2410,10425,973,5486,41407,104,3140,13970],"class_list":{"0":"post-285987","1":"post","2":"type-post","3":"status-publish","4":"format-standard","5":"has-post-thumbnail","7":"category-livres","8":"tag-bartenheim","9":"tag-books","10":"tag-conference","11":"tag-culture-loisirs","12":"tag-divertissement","13":"tag-edition-sundgau-trois-frontieres","14":"tag-education","15":"tag-entertainment","16":"tag-fil-info","17":"tag-fr","18":"tag-france","19":"tag-la-matinale","20":"tag-livres","21":"tag-livres-bd","22":"tag-maternelle-elementaire","23":"tag-people","24":"tag-rencontre","25":"tag-serie-dete","26":"tag-societe","27":"tag-spectacle","28":"tag-trois-frontieres"},"share_on_mastodon":{"url":"https:\/\/pubeurope.com\/@fr\/114946230390470939","error":""},"_links":{"self":[{"href":"https:\/\/www.europesays.com\/fr\/wp-json\/wp\/v2\/posts\/285987","targetHints":{"allow":["GET"]}}],"collection":[{"href":"https:\/\/www.europesays.com\/fr\/wp-json\/wp\/v2\/posts"}],"about":[{"href":"https:\/\/www.europesays.com\/fr\/wp-json\/wp\/v2\/types\/post"}],"author":[{"embeddable":true,"href":"https:\/\/www.europesays.com\/fr\/wp-json\/wp\/v2\/users\/2"}],"replies":[{"embeddable":true,"href":"https:\/\/www.europesays.com\/fr\/wp-json\/wp\/v2\/comments?post=285987"}],"version-history":[{"count":0,"href":"https:\/\/www.europesays.com\/fr\/wp-json\/wp\/v2\/posts\/285987\/revisions"}],"wp:featuredmedia":[{"embeddable":true,"href":"https:\/\/www.europesays.com\/fr\/wp-json\/wp\/v2\/media\/285988"}],"wp:attachment":[{"href":"https:\/\/www.europesays.com\/fr\/wp-json\/wp\/v2\/media?parent=285987"}],"wp:term":[{"taxonomy":"category","embeddable":true,"href":"https:\/\/www.europesays.com\/fr\/wp-json\/wp\/v2\/categories?post=285987"},{"taxonomy":"post_tag","embeddable":true,"href":"https:\/\/www.europesays.com\/fr\/wp-json\/wp\/v2\/tags?post=285987"}],"curies":[{"name":"wp","href":"https:\/\/api.w.org\/{rel}","templated":true}]}}