{"id":285989,"date":"2025-07-31T05:37:11","date_gmt":"2025-07-31T05:37:11","guid":{"rendered":"https:\/\/www.europesays.com\/fr\/285989\/"},"modified":"2025-07-31T05:37:11","modified_gmt":"2025-07-31T05:37:11","slug":"vu-a-la-tele-et-apres-que-deviennent-ces-loir-et-cheriens-apres-lemission-cet-ete-ils-racontent","status":"publish","type":"post","link":"https:\/\/www.europesays.com\/fr\/285989\/","title":{"rendered":"Vu \u00e0 la t\u00e9l\u00e9, et apr\u00e8s ? Que deviennent ces Loir-et-Ch\u00e9riens apr\u00e8s l\u2019\u00e9mission : cet \u00e9t\u00e9, ils racontent"},"content":{"rendered":"<p>Avec le temps, l\u2019effet t\u00e9l\u00e9vision s\u2019est estomp\u00e9 dans la boutique. Logique un peu plus de deux ans apr\u00e8s la diffusion de La Meilleure Boulangerie de France sur M6 \u00e0 laquelle ont particip\u00e9 Dylan et Julie Chatelin. Ces boulangers install\u00e9s \u00e0 Tour-en-Sologne gardent de tr\u00e8s bons souvenirs de l\u2019\u00e9mission. Et relatent l\u2019exp\u00e9rience encore avec gourmandise.<\/p>\n<p>Du c\u00f4t\u00e9 du Vend\u00f4mois, c\u2019est une famille enti\u00e8re qui a succomb\u00e9 \u00e0 l\u2019appel du petit \u00e9cran. Avec\u00a0Super Nanny, incarn\u00e9e par Sylvie Jenaly, diffus\u00e9 sur TFX. Que retiennent-ils de l\u2019exp\u00e9rience\u00a0? Que deviennent-ils\u00a0? Et surtout comment se passe d\u00e9sormais leur quotidien avec leurs quatre filles, apr\u00e8s leur passage dans l\u2019\u00e9mission\u00a0? Ils nous ont expliqu\u00e9, d\u00e9taill\u00e9. Avec plaisir.<\/p>\n<p>Ce ne sont pas les seuls \u00e0 avoir v\u00e9cu cette aventure t\u00e9l\u00e9visuelle pas comme les autres. Qui bouscule souvent un peu la routine quotidienne. Et laisse in\u00e9vitablement des traces. Cathodiques d\u00e9j\u00e0\u00a0! Des histoires \u00e0 retrouver tout l\u2019\u00e9t\u00e9.<\/p>\n<p><strong>Les six volets de notre s\u00e9rie<\/strong><\/p>\n<p>Ils ont particip\u00e9 \u00e0 des \u00e9missions de t\u00e9l\u00e9 et nous confient ce qu\u2019il en reste, tout l\u2019\u00e9t\u00e9<\/p>\n","protected":false},"excerpt":{"rendered":"Avec le temps, l\u2019effet t\u00e9l\u00e9vision s\u2019est estomp\u00e9 dans la boutique. Logique un peu plus de deux ans apr\u00e8s&hellip;\n","protected":false},"author":2,"featured_media":285990,"comment_status":"","ping_status":"","sticky":false,"template":"","format":"standard","meta":{"footnotes":""},"categories":[1356],"tags":[1392,258,3469,58,1057,59,652,1011,27,4368,1393,500,29142,6197,9559,252,1364,4369],"class_list":{"0":"post-285989","1":"post","2":"type-post","3":"status-publish","4":"format-standard","5":"has-post-thumbnail","7":"category-television","8":"tag-a-la-une-local","9":"tag-alimentation","10":"tag-blois","11":"tag-divertissement","12":"tag-education","13":"tag-entertainment","14":"tag-famille","15":"tag-fr","16":"tag-france","17":"tag-loir-et-cher","18":"tag-loisirs","19":"tag-medias","20":"tag-nos-vies-de-parents","21":"tag-parentalite","22":"tag-romorantin-lanthenay","23":"tag-television","24":"tag-tv","25":"tag-vendome"},"share_on_mastodon":{"url":"https:\/\/pubeurope.com\/@fr\/114946234396705358","error":""},"_links":{"self":[{"href":"https:\/\/www.europesays.com\/fr\/wp-json\/wp\/v2\/posts\/285989","targetHints":{"allow":["GET"]}}],"collection":[{"href":"https:\/\/www.europesays.com\/fr\/wp-json\/wp\/v2\/posts"}],"about":[{"href":"https:\/\/www.europesays.com\/fr\/wp-json\/wp\/v2\/types\/post"}],"author":[{"embeddable":true,"href":"https:\/\/www.europesays.com\/fr\/wp-json\/wp\/v2\/users\/2"}],"replies":[{"embeddable":true,"href":"https:\/\/www.europesays.com\/fr\/wp-json\/wp\/v2\/comments?post=285989"}],"version-history":[{"count":0,"href":"https:\/\/www.europesays.com\/fr\/wp-json\/wp\/v2\/posts\/285989\/revisions"}],"wp:featuredmedia":[{"embeddable":true,"href":"https:\/\/www.europesays.com\/fr\/wp-json\/wp\/v2\/media\/285990"}],"wp:attachment":[{"href":"https:\/\/www.europesays.com\/fr\/wp-json\/wp\/v2\/media?parent=285989"}],"wp:term":[{"taxonomy":"category","embeddable":true,"href":"https:\/\/www.europesays.com\/fr\/wp-json\/wp\/v2\/categories?post=285989"},{"taxonomy":"post_tag","embeddable":true,"href":"https:\/\/www.europesays.com\/fr\/wp-json\/wp\/v2\/tags?post=285989"}],"curies":[{"name":"wp","href":"https:\/\/api.w.org\/{rel}","templated":true}]}}