{"id":286000,"date":"2025-07-31T05:43:21","date_gmt":"2025-07-31T05:43:21","guid":{"rendered":"https:\/\/www.europesays.com\/fr\/286000\/"},"modified":"2025-07-31T05:43:21","modified_gmt":"2025-07-31T05:43:21","slug":"liphone-17-pro-aurait-un-magsafe-different-du-reste-de-la-gamme","status":"publish","type":"post","link":"https:\/\/www.europesays.com\/fr\/286000\/","title":{"rendered":"L&rsquo;iPhone 17 Pro aurait un MagSafe diff\u00e9rent du reste de la gamme"},"content":{"rendered":"<p>Un rendu 3D de coques de protection de la gamme des iPhone 17 montre un r\u00e9agencement des aimants MagSafe, avec une modification pour l\u2019iPhone 17 Pro<\/p>\n<p><a href=\"https:\/\/images.frandroid.com\/wp-content\/uploads\/2025\/07\/64533-134417-000-lead-magsafe-xl.jpg\" target=\"_blank\" class=\"article-content__figure\" rel=\"noopener\"><img fetchpriority=\"high\" decoding=\"async\" loading=\"eager\" width=\"1200\" height=\"675\" src=\"https:\/\/www.europesays.com\/fr\/wp-content\/uploads\/2025\/07\/64533-134417-000-lead-magsafe-xl.jpg\" alt=\"\" class=\"wp-image-2748611 wp-image wp-image\"  \/><\/a>Les aimants MagSafe sur la gamme iPhone 17 \/\/ Source : <a href=\"https:\/\/weibo.com\/5367283758\/PCIUckade\" rel=\"nofollow noopener\" target=\"_blank\">UnclePan<\/a><\/p>\n<p>Il y a de \u00e7a quelques mois, <a target=\"_blank\" href=\"https:\/\/appleinsider.com\/articles\/25\/07\/02\/apple-may-need-to-lower-magsafe-in-iphone-17-to-fit-hugely-larger-camera-bumps\" rel=\"noopener\">des rumeurs indiquaient une modification de la position des aimants MagSafe<\/a> sur les <a href=\"https:\/\/www.frandroid.com\/marques\/apple\/2581183_iphone-17-et-17-pro-design-caracteristiques-fenetre-de-sortie-tout-ce-que-lon-sait-sur-la-gamme-2025-dapple\" target=\"_blank\" rel=\"noopener\">iPhone 17<\/a>, vers le bas du ch\u00e2ssis. La cause? La bosse du bloc photo, beaucoup plus imposante pour les iPhone 17 Pro et 17 Pro Max.<\/p>\n<p>Un nouveau rendu 3D confirmerait donc l\u2019abaissement des aimants sur les prochains <a href=\"https:\/\/www.frandroid.com\/guide-dachat\/smartphones\/705312_meilleur-iphone\" target=\"_blank\" rel=\"noopener\">iPhone d\u2019Apple<\/a>, avec un travail plus important pour les aimants de la gamme Pro.<\/p>\n<p>L\u2019anneau pert son cercle parfait<\/p>\n<p>C\u2019est sur le r\u00e9seau social chinois Weibo qu\u2019un internaute, du nom de <a target=\"_blank\" href=\"https:\/\/weibo.com\/5367283758\/PCIUckade\" rel=\"noopener\">UnclePan<\/a>, publie un rendu de ce que pourrait \u00eatre des coques de protection pour les prochains iPhone 17.<\/p>\n<p>Ce rendu montre des aimants MagSafe positionn\u00e9s plus bas que ce qu\u2019on peut connaitre avec la gamme actuelle. Le bloc photo plus imposant pourrait \u00eatre une explication plausible. L\u2019iPhone 17 Pro semble quant \u00e0 lui conna\u00eetre un travail plus important sur l\u2019agencement de ses aimants : fini le cercle parfait, une d\u00e9coupe est clairement visible sur le bas de l\u2019anneau principal. <\/p>\n<p>Plusieurs th\u00e9ories circulent sur la raison de ce choix, entre \u00e9conomies des aimants, arriv\u00e9e d\u2019une chambre \u00e0 vapeur, ou encore repositionnement du logo\u2026 Difficile de d\u00e9m\u00ealer le vrai du faux.<\/p>\n<p><a href=\"https:\/\/www.europesays.com\/fr\/wp-content\/uploads\/2025\/07\/capture-decran-2025-07-30-a-104207.jpg\" target=\"_blank\" class=\"article-content__figure\"><img loading=\"lazy\" decoding=\"async\" width=\"1088\" height=\"1374\" src=\"https:\/\/www.europesays.com\/fr\/wp-content\/uploads\/2025\/07\/capture-decran-2025-07-30-a-104207.jpg\" alt=\"\" class=\"wp-image-2748657 wp-image\"  \/><\/a>Les nouveaux aimants des iPhone 17 Pro et 17 Pro Max \/\/ Source : <a href=\"https:\/\/weibo.com\/5367283758\/PCIUckade\" rel=\"nofollow noopener\" target=\"_blank\">UnclePan<\/a><\/p>\n<p>Si la d\u00e9coupe du bouton lat\u00e9ral d\u00e9di\u00e9 \u00e0 la cam\u00e9ra est facilement visible, ou peut toutefois notifier l\u2019absence de d\u00e9coupe d\u00e9di\u00e9 \u00e0 un nouveau bouton \u00ab\u00a0Pro\u00a0\u00bb, <a href=\"https:\/\/www.frandroid.com\/marques\/apple\/2746425_iphone-17-pro-un-zoom-surpuissant-et-une-nouvelle-app-photo-avec-un-mode-pro#:~:text=Un%20nouveau%20bouton%20pour%20une%20exp%C3%A9rience%20%C2%AB%20pro%20%C2%BB%20compl%C3%A8te&amp;text=L&#039;iPhone%2017%20Pro%20b%C3%A9n%C3%A9ficierait,tranche%20droite%20des%20iPhone%2016.\" target=\"_blank\" rel=\"noopener\">comme certaines rumeurs pouvaient en indiquer l\u2019existence<\/a>. De plus, ces rendus sont bien \u00e9videmment \u00e0 prendre avec des pincettes. <a href=\"https:\/\/appleinsider.com\/articles\/25\/07\/29\/new-iphone-17-pro-magsafe-redesign-shown-in-leaked-image\" target=\"_blank\" rel=\"noopener\">AppleInsider<\/a> avertit que l\u2019internaute s\u2019\u00e9tait d\u00e9j\u00e0 <a href=\"https:\/\/appleinsider.com\/articles\/22\/08\/29\/apple-watch-pro-may-be-incompatible-with-older-watch-bands\" target=\"_blank\" rel=\"noopener\">tromp\u00e9 au sujets des bracelets d\u2019Apple Watch<\/a> il y a quelques temps.<\/p>\n<p>Quoi qu\u2019il en soit, les prochains smartphones d\u2019Apple ne seront pas pr\u00e9sent\u00e9s avant le mois de septembre. Il va falloir encore patienter pour d\u00e9couvrir \u00e0 quoi ressembleront les iPhone 17, iPhone 17 Air, iPhone 17 Pro, et iPhone 17 Pro Max.<\/p>\n","protected":false},"excerpt":{"rendered":"Un rendu 3D de coques de protection de la gamme des iPhone 17 montre un r\u00e9agencement des aimants&hellip;\n","protected":false},"author":2,"featured_media":286001,"comment_status":"","ping_status":"","sticky":false,"template":"","format":"standard","meta":{"footnotes":""},"categories":[7],"tags":[12575,12576,12578,12579,1011,27,43,40,41,39,42,44],"class_list":{"0":"post-286000","1":"post","2":"type-post","3":"status-publish","4":"format-standard","5":"has-post-thumbnail","7":"category-sciences-et-technologies","8":"tag-apple-iphone-17","9":"tag-apple-iphone-17-air","10":"tag-apple-iphone-17-pro","11":"tag-apple-iphone-17-pro-max","12":"tag-fr","13":"tag-france","14":"tag-science","15":"tag-science-and-technology","16":"tag-sciences","17":"tag-sciences-et-technologies","18":"tag-technologies","19":"tag-technology"},"share_on_mastodon":{"url":"https:\/\/pubeurope.com\/@fr\/114946258007145969","error":""},"_links":{"self":[{"href":"https:\/\/www.europesays.com\/fr\/wp-json\/wp\/v2\/posts\/286000","targetHints":{"allow":["GET"]}}],"collection":[{"href":"https:\/\/www.europesays.com\/fr\/wp-json\/wp\/v2\/posts"}],"about":[{"href":"https:\/\/www.europesays.com\/fr\/wp-json\/wp\/v2\/types\/post"}],"author":[{"embeddable":true,"href":"https:\/\/www.europesays.com\/fr\/wp-json\/wp\/v2\/users\/2"}],"replies":[{"embeddable":true,"href":"https:\/\/www.europesays.com\/fr\/wp-json\/wp\/v2\/comments?post=286000"}],"version-history":[{"count":0,"href":"https:\/\/www.europesays.com\/fr\/wp-json\/wp\/v2\/posts\/286000\/revisions"}],"wp:featuredmedia":[{"embeddable":true,"href":"https:\/\/www.europesays.com\/fr\/wp-json\/wp\/v2\/media\/286001"}],"wp:attachment":[{"href":"https:\/\/www.europesays.com\/fr\/wp-json\/wp\/v2\/media?parent=286000"}],"wp:term":[{"taxonomy":"category","embeddable":true,"href":"https:\/\/www.europesays.com\/fr\/wp-json\/wp\/v2\/categories?post=286000"},{"taxonomy":"post_tag","embeddable":true,"href":"https:\/\/www.europesays.com\/fr\/wp-json\/wp\/v2\/tags?post=286000"}],"curies":[{"name":"wp","href":"https:\/\/api.w.org\/{rel}","templated":true}]}}