{"id":286009,"date":"2025-07-31T05:48:18","date_gmt":"2025-07-31T05:48:18","guid":{"rendered":"https:\/\/www.europesays.com\/fr\/286009\/"},"modified":"2025-07-31T05:48:18","modified_gmt":"2025-07-31T05:48:18","slug":"en-balade-sur-les-traces-du-corbusier-ce-tresor-du-patrimoine-a-firminy-vert","status":"publish","type":"post","link":"https:\/\/www.europesays.com\/fr\/286009\/","title":{"rendered":"en balade sur les traces du\u00a0Corbusier, ce tr\u00e9sor du patrimoine, \u00e0 Firminy-Vert"},"content":{"rendered":"<p>C\u2019est au c\u0153ur de ce quartier que Charles-\u00c9douard Jeanneret-Gris, dit Le Corbusier, a con\u00e7u son ensemble architectural le plus important en Europe\u00a0: une \u00ab ville dans la ville \u00bb, fa\u00e7onn\u00e9e selon les principes du \u00ab\u00a0soleil, de la verdure et de l\u2019espace\u00a0\u00bb.<\/p>\n<p>Ce tr\u00e9sor du patrimoine, on le doit \u00e0 Eug\u00e8ne Claudius-Petit, \u00e9lu maire de Firminy en 1953. Au sortir de la guerre, la majorit\u00e9 des b\u00e2timents du centre-ville sont insalubres, d\u00e9pourvus d\u2019\u00e9lectricit\u00e9 et d\u2019eau courante. L\u2019\u00e9dile d\u00e9cide alors de cr\u00e9er un nouveau quartier, moderne et confortable\u00a0: Firminy-Vert.<\/p>\n<p>  Une unit\u00e9 d&rsquo;habitation pens\u00e9e comme une ville verticale<\/p>\n<p>Il fait appel \u00e0 plusieurs architectes, dont Le Corbusier, qui con\u00e7oit plusieurs \u00e9difices favorisant le vivre-ensemble\u00a0: une maison de la Culture, un stade, une\u00a0\u00e9glise et une \u00ab\u00a0unit\u00e9 d\u2019habitation\u00a0\u00bb, pens\u00e9e comme une \u00ab\u00a0ville verticale\u00a0\u00bb.<\/p>\n<p>Des visites guid\u00e9es du site permettent de plonger dans l\u2019univers de cet architecte visionnaire, entre b\u00e9ton et nature, culture du corps et de l\u2019esprit.<\/p>\n<p class=\"insetTitle\">Des visites guid\u00e9es tout l\u2019\u00e9t\u00e9<\/p>\n<p>Il est possible de d\u00e9couvrir librement la maison de la Culture, l\u2019\u00e9glise Saint-Pierre et les expositions temporaires. Toutefois, nous vous recommandons de privil\u00e9gier les visites guid\u00e9es, qui permettent de mieux appr\u00e9cier la richesse du site, ainsi que les nombreux secrets et anecdotes entourant ces b\u00e2timents class\u00e9s au titre des Monuments historiques.<\/p>\n<p class=\"note\">Infos\u00a0: sitelecorbusier.com<\/p>\n","protected":false},"excerpt":{"rendered":"C\u2019est au c\u0153ur de ce quartier que Charles-\u00c9douard Jeanneret-Gris, dit Le Corbusier, a con\u00e7u son ensemble architectural le&hellip;\n","protected":false},"author":2,"featured_media":284857,"comment_status":"","ping_status":"","sticky":false,"template":"","format":"standard","meta":{"footnotes":""},"categories":[9653],"tags":[1111,11,2430,1687,7539,1777,674,10282,10283,1011,27,37062,3367,12,2661,25,4001],"class_list":{"0":"post-286009","1":"post","2":"type-post","3":"status-publish","4":"format-standard","5":"has-post-thumbnail","7":"category-saint-etienne","8":"tag-actu","9":"tag-actualites","10":"tag-auvergne-rhone-alpes","11":"tag-culture-loisirs","12":"tag-edition-loire-sud","13":"tag-eu","14":"tag-europe","15":"tag-firminy","16":"tag-firminy-ville","17":"tag-fr","18":"tag-france","19":"tag-guide-de-lete","20":"tag-loire","21":"tag-news","22":"tag-patrimoine-culturel","23":"tag-republique-francaise","24":"tag-saint-etienne"},"share_on_mastodon":{"url":"https:\/\/pubeurope.com\/@fr\/114946277619651922","error":""},"_links":{"self":[{"href":"https:\/\/www.europesays.com\/fr\/wp-json\/wp\/v2\/posts\/286009","targetHints":{"allow":["GET"]}}],"collection":[{"href":"https:\/\/www.europesays.com\/fr\/wp-json\/wp\/v2\/posts"}],"about":[{"href":"https:\/\/www.europesays.com\/fr\/wp-json\/wp\/v2\/types\/post"}],"author":[{"embeddable":true,"href":"https:\/\/www.europesays.com\/fr\/wp-json\/wp\/v2\/users\/2"}],"replies":[{"embeddable":true,"href":"https:\/\/www.europesays.com\/fr\/wp-json\/wp\/v2\/comments?post=286009"}],"version-history":[{"count":0,"href":"https:\/\/www.europesays.com\/fr\/wp-json\/wp\/v2\/posts\/286009\/revisions"}],"wp:featuredmedia":[{"embeddable":true,"href":"https:\/\/www.europesays.com\/fr\/wp-json\/wp\/v2\/media\/284857"}],"wp:attachment":[{"href":"https:\/\/www.europesays.com\/fr\/wp-json\/wp\/v2\/media?parent=286009"}],"wp:term":[{"taxonomy":"category","embeddable":true,"href":"https:\/\/www.europesays.com\/fr\/wp-json\/wp\/v2\/categories?post=286009"},{"taxonomy":"post_tag","embeddable":true,"href":"https:\/\/www.europesays.com\/fr\/wp-json\/wp\/v2\/tags?post=286009"}],"curies":[{"name":"wp","href":"https:\/\/api.w.org\/{rel}","templated":true}]}}