{"id":286022,"date":"2025-07-31T05:56:10","date_gmt":"2025-07-31T05:56:10","guid":{"rendered":"https:\/\/www.europesays.com\/fr\/286022\/"},"modified":"2025-07-31T05:56:10","modified_gmt":"2025-07-31T05:56:10","slug":"une-superette-dune-grande-enseigne-va-ouvrir-a-deux-pas-dune-autre-a-rouen","status":"publish","type":"post","link":"https:\/\/www.europesays.com\/fr\/286022\/","title":{"rendered":"Une sup\u00e9rette d&rsquo;une grande enseigne va ouvrir \u00e0 deux pas d&rsquo;une autre \u00e0 Rouen"},"content":{"rendered":"<p>            Par<br \/>\n        <strong><br \/>\n            <a href=\"https:\/\/actu.fr\/auteur\/julien-bouteiller\" title=\"Consulter tous les articles de Julien Bouteiller\" target=\"_blank\" rel=\"noopener\">Julien Bouteiller<\/a><br \/>\n        <\/strong><\/p>\n<p>        Publi\u00e9 le<\/p>\n<p>            31 juil. 2025 \u00e0 7h36        <\/p>\n<p><strong>Vers une concurrence frontale ?<\/strong> Un permis de construire a \u00e9t\u00e9 accord\u00e9 d\u00e9but juillet 2025, autorisant<strong> l\u2019am\u00e9nagement d\u2019une sup\u00e9rette d\u2019une grande enseigne<\/strong> de distribution, \u00e0 deux pas d\u2019un magasin Carrefour City, non loin de la pr\u00e9fecture de <a href=\"https:\/\/actu.fr\/normandie\/rouen_76540\" target=\"_blank\" rel=\"noopener\">Rouen<\/a>. <strong>On vous d\u00e9taille le projet.<\/strong><\/p>\n<p>D\u00e9couvrez le magasin qui s\u2019installe \u00e0 c\u00f4t\u00e9 de Carrefour City<\/p>\n<p class=\" wall-content\">Selon nos informations, <strong>c\u2019est une sup\u00e9rette E.Leclerc<\/strong> qui va prendre la place de l\u2019ancien Cr\u00e9dit Agricole de<strong> l\u2019avenue Pasteur<\/strong>. Derri\u00e8re la demande de permis, on trouve en effet la soci\u00e9t\u00e9 Bapdis, qui g\u00e8re le E.Leclerc de <a href=\"https:\/\/actu.fr\/normandie\/canteleu_76157\" target=\"_blank\" rel=\"noopener\">Canteleu<\/a>.<\/p>\n<p class=\" wall-content\">Avenue Pasteur, elle pr\u00e9voit d\u2019am\u00e9nager <strong>une cellule commerciale d\u2019un peu plus de 1000m\u00b2<\/strong>. Une \u00e9chelle bien plus r\u00e9duite que les magasins E.Leclerc, des hypermarch\u00e9s, auxquels on est habitu\u00e9. Depuis 2023, l\u2019enseigne de grande distribution teste le concept de <strong>magasins de proximit\u00e9<\/strong> avec les E.Leclerc Relais, promettant les m\u00eames prix que dans ses hypermarch\u00e9s.<\/p>\n<p class=\" wall-content\">Il viendra donc en concurrence frontale avec une autre sup\u00e9rette situ\u00e9e \u00e0 quelques pas, le Carrefour City Pasteur, pris\u00e9 des \u00e9tudiants de la fac de droit et des salari\u00e9s du coin sur la pause d\u00e9jeuner.<\/p>\n<p class=\" wall-content\">Sollicit\u00e9s pour en savoir plus sur le magasin E.Leclerc et la date d\u2019ouverture envisag\u00e9e, les g\u00e9rants de la soci\u00e9t\u00e9 Bapdis n\u2019ont pour l\u2019heure pas donn\u00e9 suite.<\/p>\n<p>Suivez l\u2019actualit\u00e9 de Rouen <a href=\"https:\/\/www.whatsapp.com\/channel\/0029VaKfnf99hXF2ddApFB1D\" target=\"_blank\" rel=\"noopener\">sur notre cha\u00eene WhatsApp<\/a> et <a href=\"https:\/\/www.tiktok.com\/@76actu.fr?lang=fr\" target=\"_blank\" rel=\"noopener\">sur notre compte TikTok<\/a><\/p>\n<p class=\" wall-content\">Suivez toute l\u2019actualit\u00e9 de vos villes et m\u00e9dias favoris en vous inscrivant \u00e0 <a href=\"https:\/\/moncompte.actu.fr\" title=\"D\u00e9couvez Mon Actu\" rel=\"nofollow noopener\" data-trk=\"{&quot;cta&quot;:{&quot;action&quot;:&quot;https:\\\/\\\/moncompte.actu.fr&quot;,&quot;category&quot;:&quot;mon compte&quot;,&quot;from&quot;:&quot;article footer&quot;,&quot;name&quot;:&quot;Mon actu&quot;,&quot;type&quot;:&quot;cta&quot;}}\" target=\"_blank\">Mon Actu<\/a>.<\/p>\n<p>                    <script async src=\"\/\/www.tiktok.com\/embed.js\"><\/script><\/p>\n","protected":false},"excerpt":{"rendered":"Par Julien Bouteiller Publi\u00e9 le 31 juil. 2025 \u00e0 7h36 Vers une concurrence frontale ? Un permis de&hellip;\n","protected":false},"author":2,"featured_media":286023,"comment_status":"","ping_status":"","sticky":false,"template":"","format":"standard","meta":{"footnotes":""},"categories":[9587],"tags":[1111,11,9086,215,33,1777,674,1011,27,7755,12,5161,25,9590],"class_list":{"0":"post-286022","1":"post","2":"type-post","3":"status-publish","4":"format-standard","5":"has-post-thumbnail","7":"category-rouen","8":"tag-actu","9":"tag-actualites","10":"tag-bon-plan-a-rouen","11":"tag-commerce","12":"tag-economie","13":"tag-eu","14":"tag-europe","15":"tag-fr","16":"tag-france","17":"tag-leclerc","18":"tag-news","19":"tag-normandie","20":"tag-republique-francaise","21":"tag-rouen"},"share_on_mastodon":{"url":"https:\/\/pubeurope.com\/@fr\/114946309152958890","error":""},"_links":{"self":[{"href":"https:\/\/www.europesays.com\/fr\/wp-json\/wp\/v2\/posts\/286022","targetHints":{"allow":["GET"]}}],"collection":[{"href":"https:\/\/www.europesays.com\/fr\/wp-json\/wp\/v2\/posts"}],"about":[{"href":"https:\/\/www.europesays.com\/fr\/wp-json\/wp\/v2\/types\/post"}],"author":[{"embeddable":true,"href":"https:\/\/www.europesays.com\/fr\/wp-json\/wp\/v2\/users\/2"}],"replies":[{"embeddable":true,"href":"https:\/\/www.europesays.com\/fr\/wp-json\/wp\/v2\/comments?post=286022"}],"version-history":[{"count":0,"href":"https:\/\/www.europesays.com\/fr\/wp-json\/wp\/v2\/posts\/286022\/revisions"}],"wp:featuredmedia":[{"embeddable":true,"href":"https:\/\/www.europesays.com\/fr\/wp-json\/wp\/v2\/media\/286023"}],"wp:attachment":[{"href":"https:\/\/www.europesays.com\/fr\/wp-json\/wp\/v2\/media?parent=286022"}],"wp:term":[{"taxonomy":"category","embeddable":true,"href":"https:\/\/www.europesays.com\/fr\/wp-json\/wp\/v2\/categories?post=286022"},{"taxonomy":"post_tag","embeddable":true,"href":"https:\/\/www.europesays.com\/fr\/wp-json\/wp\/v2\/tags?post=286022"}],"curies":[{"name":"wp","href":"https:\/\/api.w.org\/{rel}","templated":true}]}}