{"id":286026,"date":"2025-07-31T05:59:35","date_gmt":"2025-07-31T05:59:35","guid":{"rendered":"https:\/\/www.europesays.com\/fr\/286026\/"},"modified":"2025-07-31T05:59:35","modified_gmt":"2025-07-31T05:59:35","slug":"match-de-preparation-le-gf38-perd-un-cadre-pour-plusieurs-semaines","status":"publish","type":"post","link":"https:\/\/www.europesays.com\/fr\/286026\/","title":{"rendered":"Match de pr\u00e9paration. Le GF38 perd un cadre pour plusieurs semaines"},"content":{"rendered":"<p>Touch\u00e9 au mollet, <a href=\"https:\/\/www.ledauphine.com\/sport\/2024\/10\/25\/alan-kerouedan-(gf38)-avant-le-choc-a-paris-oui-il-y-a-un-gout-de-revanche\" target=\"_blank\" rel=\"noopener\">Alan K\u00e9rou\u00e9dan<\/a> \u00e9tait absent pour le match face \u00e0 Auxerre <a href=\"https:\/\/www.ledauphine.com\/sport\/2025\/07\/30\/le-gf38-mal-paye-face-a-auxerre\" target=\"_blank\" rel=\"noopener\">qui a vu le GF38 faire match nul<\/a>\u00a0(0-0). Et la blessure de l\u2019attaquant grenoblois est s\u00e9rieuse.<\/p>\n<p>Il souffre en effet d\u2019une d\u00e9chirure musculaire et sera absent entre 4 et 6 semaines. Un coup dur pour le joueur et le club. La saison derni\u00e8re, le Breton avait disput\u00e9 30 matches de Ligue 2 la saison derni\u00e8re.<\/p>\n","protected":false},"excerpt":{"rendered":"Touch\u00e9 au mollet, Alan K\u00e9rou\u00e9dan \u00e9tait absent pour le match face \u00e0 Auxerre qui a vu le GF38&hellip;\n","protected":false},"author":2,"featured_media":286027,"comment_status":"","ping_status":"","sticky":false,"template":"","format":"standard","meta":{"footnotes":""},"categories":[9566],"tags":[1111,11,2430,112,114,1777,674,1701,63,1011,27,12637,2731,2732,108,12636,1985,12,25,517,1947],"class_list":{"0":"post-286026","1":"post","2":"type-post","3":"status-publish","4":"format-standard","5":"has-post-thumbnail","7":"category-grenoble","8":"tag-actu","9":"tag-actualites","10":"tag-auvergne-rhone-alpes","11":"tag-edition-grenoble-agglomeration","12":"tag-edition-voiron-saint-marcellin","13":"tag-eu","14":"tag-europe","15":"tag-fil-info-sport","16":"tag-football","17":"tag-fr","18":"tag-france","19":"tag-gf38-grenoble-foot-38","20":"tag-grenoble","21":"tag-grenoble-bassin","22":"tag-isere","23":"tag-ligue-2-football","24":"tag-metropole-de-grenoble","25":"tag-news","26":"tag-republique-francaise","27":"tag-sport","28":"tag-sport-national"},"share_on_mastodon":{"url":"https:\/\/pubeurope.com\/@fr\/114946320930933606","error":""},"_links":{"self":[{"href":"https:\/\/www.europesays.com\/fr\/wp-json\/wp\/v2\/posts\/286026","targetHints":{"allow":["GET"]}}],"collection":[{"href":"https:\/\/www.europesays.com\/fr\/wp-json\/wp\/v2\/posts"}],"about":[{"href":"https:\/\/www.europesays.com\/fr\/wp-json\/wp\/v2\/types\/post"}],"author":[{"embeddable":true,"href":"https:\/\/www.europesays.com\/fr\/wp-json\/wp\/v2\/users\/2"}],"replies":[{"embeddable":true,"href":"https:\/\/www.europesays.com\/fr\/wp-json\/wp\/v2\/comments?post=286026"}],"version-history":[{"count":0,"href":"https:\/\/www.europesays.com\/fr\/wp-json\/wp\/v2\/posts\/286026\/revisions"}],"wp:featuredmedia":[{"embeddable":true,"href":"https:\/\/www.europesays.com\/fr\/wp-json\/wp\/v2\/media\/286027"}],"wp:attachment":[{"href":"https:\/\/www.europesays.com\/fr\/wp-json\/wp\/v2\/media?parent=286026"}],"wp:term":[{"taxonomy":"category","embeddable":true,"href":"https:\/\/www.europesays.com\/fr\/wp-json\/wp\/v2\/categories?post=286026"},{"taxonomy":"post_tag","embeddable":true,"href":"https:\/\/www.europesays.com\/fr\/wp-json\/wp\/v2\/tags?post=286026"}],"curies":[{"name":"wp","href":"https:\/\/api.w.org\/{rel}","templated":true}]}}