{"id":286030,"date":"2025-07-31T06:03:12","date_gmt":"2025-07-31T06:03:12","guid":{"rendered":"https:\/\/www.europesays.com\/fr\/286030\/"},"modified":"2025-07-31T06:03:12","modified_gmt":"2025-07-31T06:03:12","slug":"strasbourg-deux-rues-du-quartier-des-halles-fermees-a-la-circulation-en-aout-le-detail-des-perturbations","status":"publish","type":"post","link":"https:\/\/www.europesays.com\/fr\/286030\/","title":{"rendered":"Strasbourg. Deux rues du quartier des Halles ferm\u00e9es \u00e0 la circulation en ao\u00fbt : le d\u00e9tail des perturbations"},"content":{"rendered":"<p>            Par<br \/>\n        <strong><br \/>\n            <a href=\"https:\/\/actu.fr\/auteur\/redaction-strasbourg\" title=\"Consulter tous les articles de R\u00e9daction Strasbourg\" rel=\"nofollow noopener\" target=\"_blank\">R\u00e9daction Strasbourg<\/a><br \/>\n        <\/strong><\/p>\n<p>        Publi\u00e9 le<\/p>\n<p>            31 juil. 2025 \u00e0 7h14        <\/p>\n<p>Le <strong>quartier des Halles <\/strong>\u00e0 <a href=\"https:\/\/actu.fr\/strasbourg\/\" rel=\"nofollow noopener\" target=\"_blank\">Strasbourg<\/a> poursuit sa mue. Dans le cadre du projet de <a href=\"https:\/\/actu.fr\/grand-est\/strasbourg_67482\/strasbourg-travaux-dans-le-secteur-des-halles-voici-le-detail-des-perturbations-cts-jusqu-a-fin-aout_62704697.html\" rel=\"nofollow noopener\" target=\"_blank\">r\u00e9am\u00e9nagement du secteur<\/a> dont les <a href=\"https:\/\/actu.fr\/grand-est\/strasbourg_67482\/travaux-a-strasbourg-un-nouveau-chantier-va-debuter-dans-le-secteur-des-halles-voici-les-perturbations_62732914.html\" rel=\"nofollow noopener\" target=\"_blank\">travaux<\/a> ont d\u00e9marr\u00e9 fin 2024, de<strong> nouvelles perturbations<\/strong> sont \u00e0 prendre en compte. En <strong>ao\u00fbt<\/strong>, deux rues seront <strong>ferm\u00e9es \u00e0 la circulation<\/strong>. Voici le d\u00e9tail.<\/p>\n<p>Derni\u00e8re ligne droite pour les travaux<\/p>\n<p class=\" wall-content\">Une grande partie des am\u00e9nagements sera finalis\u00e9e pour la rentr\u00e9e de septembre, fait savoir la Ville. Les travaux <strong>de la Petite rue des Magasins et de la rue du Marais-Vert<\/strong> arrivent \u00e0 terme ce qui entra\u00eenera, au mois d\u2019ao\u00fbt, la fermeture temporaire de ces deux axes \u00e0 la circulation\u2009:<\/p>\n<ul class=\" wall-content\">\n<li><strong>Du 4 au 8\u00a0ao\u00fbt<\/strong> entre <strong>7\u2009h et 17\u2009h<\/strong>\u2009: fermeture \u00e0 la circulation de la rue du Marais-Vert<\/li>\n<li>Du <strong>11 au 29\u00a0ao\u00fbt<\/strong>\u2009: fermeture \u00e0 la circulation de la Petite rue des Magasins et de la sortie centre-ville sur la rue du Bataillon de Marche 24<\/li>\n<\/ul>\n<p>    <a href=\"https:\/\/www.facebook.com\/plugins\/post.php?href=https%3A%2F%2Fwww.facebook.com%2Fstrasbourg.eu%2Fposts%2F1143837094440770&amp;show_text=true&amp;width=350\" title=\"Ouvrie le lien\" rel=\"nofollow noopener\" target=\"_blank\">Cliquez ici pour visualiser le contenu<\/a><\/p>\n<p class=\" wall-content\">Selon l\u2019\u00e9tat d\u2019avancement du chantier et en fonction des conditions m\u00e9t\u00e9o, les dates de fermeture pourraient \u00eatre prolong\u00e9es. Des lettres d\u2019information ont \u00e9t\u00e9 adress\u00e9es aux riverains.<\/p>\n<p>Plus d\u2019informations via la Ligne Info Chantier au 03\u200968\u200998\u200951\u200912<\/p>\n<p class=\" wall-content\">Suivez toute l\u2019actualit\u00e9 de vos villes et m\u00e9dias favoris en vous inscrivant \u00e0 <a href=\"https:\/\/moncompte.actu.fr\" title=\"D\u00e9couvez Mon Actu\" rel=\"nofollow noopener\" data-trk=\"{&quot;cta&quot;:{&quot;action&quot;:&quot;https:\\\/\\\/moncompte.actu.fr&quot;,&quot;category&quot;:&quot;mon compte&quot;,&quot;from&quot;:&quot;article footer&quot;,&quot;name&quot;:&quot;Mon actu&quot;,&quot;type&quot;:&quot;cta&quot;}}\" target=\"_blank\">Mon Actu<\/a>.<\/p>\n","protected":false},"excerpt":{"rendered":"Par R\u00e9daction Strasbourg Publi\u00e9 le 31 juil. 2025 \u00e0 7h14 Le quartier des Halles \u00e0 Strasbourg poursuit sa&hellip;\n","protected":false},"author":2,"featured_media":217483,"comment_status":"","ping_status":"","sticky":false,"template":"","format":"standard","meta":{"footnotes":""},"categories":[2820],"tags":[1111,11,1777,674,1011,27,775,12,25,104,640,2086],"class_list":{"0":"post-286030","1":"post","2":"type-post","3":"status-publish","4":"format-standard","5":"has-post-thumbnail","7":"category-strasbourg","8":"tag-actu","9":"tag-actualites","10":"tag-eu","11":"tag-europe","12":"tag-fr","13":"tag-france","14":"tag-grand-est","15":"tag-news","16":"tag-republique-francaise","17":"tag-societe","18":"tag-strasbourg","19":"tag-travaux"},"share_on_mastodon":{"url":"https:\/\/pubeurope.com\/@fr\/114946336894036829","error":""},"_links":{"self":[{"href":"https:\/\/www.europesays.com\/fr\/wp-json\/wp\/v2\/posts\/286030","targetHints":{"allow":["GET"]}}],"collection":[{"href":"https:\/\/www.europesays.com\/fr\/wp-json\/wp\/v2\/posts"}],"about":[{"href":"https:\/\/www.europesays.com\/fr\/wp-json\/wp\/v2\/types\/post"}],"author":[{"embeddable":true,"href":"https:\/\/www.europesays.com\/fr\/wp-json\/wp\/v2\/users\/2"}],"replies":[{"embeddable":true,"href":"https:\/\/www.europesays.com\/fr\/wp-json\/wp\/v2\/comments?post=286030"}],"version-history":[{"count":0,"href":"https:\/\/www.europesays.com\/fr\/wp-json\/wp\/v2\/posts\/286030\/revisions"}],"wp:featuredmedia":[{"embeddable":true,"href":"https:\/\/www.europesays.com\/fr\/wp-json\/wp\/v2\/media\/217483"}],"wp:attachment":[{"href":"https:\/\/www.europesays.com\/fr\/wp-json\/wp\/v2\/media?parent=286030"}],"wp:term":[{"taxonomy":"category","embeddable":true,"href":"https:\/\/www.europesays.com\/fr\/wp-json\/wp\/v2\/categories?post=286030"},{"taxonomy":"post_tag","embeddable":true,"href":"https:\/\/www.europesays.com\/fr\/wp-json\/wp\/v2\/tags?post=286030"}],"curies":[{"name":"wp","href":"https:\/\/api.w.org\/{rel}","templated":true}]}}