{"id":286031,"date":"2025-07-31T06:04:20","date_gmt":"2025-07-31T06:04:20","guid":{"rendered":"https:\/\/www.europesays.com\/fr\/286031\/"},"modified":"2025-07-31T06:04:20","modified_gmt":"2025-07-31T06:04:20","slug":"basket-ball-strasbourg-lescale-estivale-de-petr-cornelie","status":"publish","type":"post","link":"https:\/\/www.europesays.com\/fr\/286031\/","title":{"rendered":"Basket-ball. Strasbourg, l\u2019escale estivale de Petr Cornelie"},"content":{"rendered":"<p>L\u2019ambiance est studieuse au Basket Center de Strasbourg en ce deuxi\u00e8me matin du Camp Upsilon, quatri\u00e8me du nom. Trois groupes de basketteurs s\u2019affairent sous les directives de diff\u00e9rents coaches.<\/p>\n<p>Celui des \u201cbig men\u201d, o\u00f9 l\u2019on retrouve notamment <a href=\"https:\/\/www.dna.fr\/p\/alexandre-chassang\" target=\"_blank\" rel=\"noopener\">Alexandre Chassang<\/a>, Bodian Massa et Petr Cornelie, cornaqu\u00e9s par Alain Digbeu, travaille le tir en p\u00e9riph\u00e9rie et l\u2019attaque du panier avec, en opposition, <a href=\"https:\/\/www.dna.fr\/p\/helena-ciak\" target=\"_blank\" rel=\"noopener\">H\u00e9l\u00e9na Ciak<\/a>, ancienne internationale tricolore r\u00e9cemment retrait\u00e9e, qui a rejoint le staff du camp. Avec son m\u00e8tre quatre-vingt-dix-sept, la triple championne de France ne rend pas beaucoup de centim\u00e8tres \u00e0 ses vis-\u00e0-vis.<\/p>\n<p>\u00c0 l\u2019issue de la s\u00e9ance, Petr Cornelie se fait soigner une griffure au pouce, plus&#8230;<\/p>\n","protected":false},"excerpt":{"rendered":"L\u2019ambiance est studieuse au Basket Center de Strasbourg en ce deuxi\u00e8me matin du Camp Upsilon, quatri\u00e8me du nom.&hellip;\n","protected":false},"author":2,"featured_media":286032,"comment_status":"","ping_status":"","sticky":false,"template":"","format":"standard","meta":{"footnotes":""},"categories":[2820],"tags":[1111,11,2649,1791,2880,1777,674,107,1011,27,775,3035,12,25,517,640,2879],"class_list":{"0":"post-286031","1":"post","2":"type-post","3":"status-publish","4":"format-standard","5":"has-post-thumbnail","7":"category-strasbourg","8":"tag-actu","9":"tag-actualites","10":"tag-bas-rhin","11":"tag-basket-ball","12":"tag-edition-strasbourg","13":"tag-eu","14":"tag-europe","15":"tag-fil-info","16":"tag-fr","17":"tag-france","18":"tag-grand-est","19":"tag-la-matinale-strasbourg","20":"tag-news","21":"tag-republique-francaise","22":"tag-sport","23":"tag-strasbourg","24":"tag-strasbourg-ville"},"share_on_mastodon":{"url":"https:\/\/pubeurope.com\/@fr\/114946340525005634","error":""},"_links":{"self":[{"href":"https:\/\/www.europesays.com\/fr\/wp-json\/wp\/v2\/posts\/286031","targetHints":{"allow":["GET"]}}],"collection":[{"href":"https:\/\/www.europesays.com\/fr\/wp-json\/wp\/v2\/posts"}],"about":[{"href":"https:\/\/www.europesays.com\/fr\/wp-json\/wp\/v2\/types\/post"}],"author":[{"embeddable":true,"href":"https:\/\/www.europesays.com\/fr\/wp-json\/wp\/v2\/users\/2"}],"replies":[{"embeddable":true,"href":"https:\/\/www.europesays.com\/fr\/wp-json\/wp\/v2\/comments?post=286031"}],"version-history":[{"count":0,"href":"https:\/\/www.europesays.com\/fr\/wp-json\/wp\/v2\/posts\/286031\/revisions"}],"wp:featuredmedia":[{"embeddable":true,"href":"https:\/\/www.europesays.com\/fr\/wp-json\/wp\/v2\/media\/286032"}],"wp:attachment":[{"href":"https:\/\/www.europesays.com\/fr\/wp-json\/wp\/v2\/media?parent=286031"}],"wp:term":[{"taxonomy":"category","embeddable":true,"href":"https:\/\/www.europesays.com\/fr\/wp-json\/wp\/v2\/categories?post=286031"},{"taxonomy":"post_tag","embeddable":true,"href":"https:\/\/www.europesays.com\/fr\/wp-json\/wp\/v2\/tags?post=286031"}],"curies":[{"name":"wp","href":"https:\/\/api.w.org\/{rel}","templated":true}]}}