{"id":286033,"date":"2025-07-31T06:05:11","date_gmt":"2025-07-31T06:05:11","guid":{"rendered":"https:\/\/www.europesays.com\/fr\/286033\/"},"modified":"2025-07-31T06:05:11","modified_gmt":"2025-07-31T06:05:11","slug":"sortant-de-lombre-de-cannes-et-monaco-nice-retrouve-le-gout-du-luxe","status":"publish","type":"post","link":"https:\/\/www.europesays.com\/fr\/286033\/","title":{"rendered":"Sortant de l&rsquo;ombre de Cannes et Monaco, Nice retrouve le go\u00fbt du luxe"},"content":{"rendered":"<p>En juin, le Negresco a ainsi ouvert la suite \u00ab\u00a0Jeanne et Paul\u00a0\u00bb, un appartement double de 400m2 agr\u00e9ment\u00e9 de 200m2 de terrasses aux vues spectaculaires, am\u00e9nag\u00e9 par l&rsquo;architecte Jean-Philippe Nuel dans les appartements au 6e \u00e9tage o\u00f9 vivait Jeanne Augier, l&rsquo;ancienne propri\u00e9taire.<\/p>\n<p>Cette grande amatrice d&rsquo;art, d\u00e9c\u00e9d\u00e9e en 2019, a donn\u00e9 un cachet unique \u00e0 l&rsquo;h\u00f4tel embl\u00e9matique de la ville en y distillant une impressionnante collection de 6.000 \u0153uvres et pi\u00e8ces de mobilier du XVIIe si\u00e8cle \u00e0 nos jours.<\/p>\n<p>A l&rsquo;image de son salon sous la c\u00e9l\u00e8bre coupole rose, la suite offre un cadre raffin\u00e9 o\u00f9 se m\u00ealent boiseries Louis XIII, meubles sur mesure, tapisseries pr\u00e9cieuses, arts premiers et oeuvres allant de Rubens \u00e0 Niki de Saint Phalle.<\/p>\n<p>D\u00e9j\u00e0 lou\u00e9e \u00e0 un chef de gouvernement, \u00e0 un philanthrope am\u00e9ricain ou encore \u00e0 un jeune Fran\u00e7ais de 25 ans, la suite, factur\u00e9e entre 25.000 et 35.000 euros la nuit, vient couronner six ans de r\u00e9novation du Negresco, d\u00e9sormais enrichi d&rsquo;une plage priv\u00e9e et d&rsquo;un spa de 700 m2.<\/p>\n<p>L&rsquo;ambition est de repr\u00e9senter \u00ab\u00a0l&rsquo;excellence \u00e0 la Fran\u00e7aise\u00a0\u00bb, pour obtenir dans les prochaines ann\u00e9es le label \u00ab\u00a0palace\u00a0\u00bb et tirer l&rsquo;h\u00f4tellerie ni\u00e7oise vers le haut pour retrouver son ancienne gloire, explique le directeur Lionel Servant.<\/p>\n<p>\u00ab\u00a0Historiquement, \u00a0au XIXe et au d\u00e9but du XX\u00e8me si\u00e8cle, Nice \u00e9tait la destination de la client\u00e8le fortun\u00e9e de toute l&rsquo;Europe\u00a0\u00bb, rappelle Eric Abihssira, pr\u00e9sident de l&rsquo;Umih (Union des m\u00e9tiers et des industries de l&rsquo;h\u00f4tellerie) pour la m\u00e9tropole ni\u00e7oise.<\/p>\n<p>\u00ab\u00a0Uniques et atypiques\u00a0\u00bb<\/p>\n<p>Mais, au fil des d\u00e9cennies, la ville a bifurqu\u00e9 vers un tourisme de masse, laissant les plus riches investir d&rsquo;autres hauts lieux de la C\u00f4te d&rsquo;Azur. Avant donc de se relancer ces derni\u00e8res ann\u00e9es, avec une politique d&#8217;embellissement du centre et un d\u00e9veloppement du haut de gamme.<\/p>\n<p>Rejoignant le Negresco et le Hyatt Palais de la M\u00e9diterran\u00e9e, figures du front de mer, trois h\u00f4tels cinq \u00e9toiles de 88 \u00e0 150 chambres ont ouvert entre fin 2022 et fin 2024: l&rsquo;Anantara Plaza et le Maison Albar-Le Victoria dans le centre, o\u00f9 fleurissent d\u00e9sormais les boutiques de luxe, et l&rsquo;H\u00f4tel du Couvent dans le Vieux Nice.<\/p>\n<p>Les deux premiers, qui combinent \u00e9l\u00e9gance et tradition, des spas raffin\u00e9s et des restaurants en rooftop, r\u00e9sultent d&rsquo;une strat\u00e9gie d&rsquo;Anantara et de Maison Albar: s&rsquo;implanter sur la C\u00f4te d&rsquo;Azur sans pour autant se frotter aux mastodontes de la Croisette.<\/p>\n<p>L&rsquo;H\u00f4tel du Couvent, lui, est le fruit d&rsquo;une volont\u00e9 politique de la ville, qui avait rachet\u00e9 le site au d\u00e9part des soeurs en 1984, et d&rsquo;un pari de l&rsquo;entrepreneur Val\u00e9ry Grego. Apr\u00e8s 10 ans de travaux et 100 millions d&rsquo;euros d&rsquo;investissements, il propose un luxe paisible, dans un cadre rustique mais recherch\u00e9: tomettes au sol, murs \u00e0 la chaux, jardin en terrasses, thermes \u00e0 la romaine&#8230;<\/p>\n<p>La ville comptait beaucoup d&rsquo;h\u00f4tels quatre \u00e9toiles mais \u00ab\u00a0manquait de belles h\u00f4telleries un peu uniques et atypiques\u00a0\u00bb, souligne Mafoudia Tour\u00e9, directrice du marketing de l&rsquo;h\u00f4tel, une franchise de Luxury Collection, la gamme ultraluxe de Marriott.\u00a0<\/p>\n<p>Selon une \u00e9tude des cabinets Deloitte et In Extenso fin juin, la proportion du haut de gamme\/luxe au sein de l&rsquo;offre h\u00f4teli\u00e8re \u00e0 Nice &#8211; 12.000 chambres, plus de 200 h\u00f4tels &#8211; est pass\u00e9e de 23 \u00e0 28% en 10 ans. Elle est de 24% \u00e0 Paris et 11% \u00e0 Lyon. L&rsquo;an dernier, le taux d&rsquo;occupation comme le prix moyen des chambres dans la cat\u00e9gorie luxe \u00e0 Nice ont progress\u00e9 de 5%.<\/p>\n<p>Une croissance pouss\u00e9e par un retour marqu\u00e9 depuis 2022 de riches touristes am\u00e9ricains, qui b\u00e9n\u00e9ficient de six vols directs quotidiens entre Nice et les Etats-Unis. Du Couvent au Negresco, ils repr\u00e9sentent la moiti\u00e9 de la client\u00e8le l&rsquo;\u00e9t\u00e9.<\/p>\n","protected":false},"excerpt":{"rendered":"En juin, le Negresco a ainsi ouvert la suite \u00ab\u00a0Jeanne et Paul\u00a0\u00bb, un appartement double de 400m2 agr\u00e9ment\u00e9&hellip;\n","protected":false},"author":2,"featured_media":151000,"comment_status":"","ping_status":"","sticky":false,"template":"","format":"standard","meta":{"footnotes":""},"categories":[2819],"tags":[1111,11,1777,674,1011,27,12,2401,882,25,3366],"class_list":{"0":"post-286033","1":"post","2":"type-post","3":"status-publish","4":"format-standard","5":"has-post-thumbnail","7":"category-nice","8":"tag-actu","9":"tag-actualites","10":"tag-eu","11":"tag-europe","12":"tag-fr","13":"tag-france","14":"tag-news","15":"tag-nice","16":"tag-provence-alpes-cote-dazur","17":"tag-republique-francaise","18":"tag-vie-locale"},"share_on_mastodon":{"url":"https:\/\/pubeurope.com\/@fr\/114946344436446812","error":""},"_links":{"self":[{"href":"https:\/\/www.europesays.com\/fr\/wp-json\/wp\/v2\/posts\/286033","targetHints":{"allow":["GET"]}}],"collection":[{"href":"https:\/\/www.europesays.com\/fr\/wp-json\/wp\/v2\/posts"}],"about":[{"href":"https:\/\/www.europesays.com\/fr\/wp-json\/wp\/v2\/types\/post"}],"author":[{"embeddable":true,"href":"https:\/\/www.europesays.com\/fr\/wp-json\/wp\/v2\/users\/2"}],"replies":[{"embeddable":true,"href":"https:\/\/www.europesays.com\/fr\/wp-json\/wp\/v2\/comments?post=286033"}],"version-history":[{"count":0,"href":"https:\/\/www.europesays.com\/fr\/wp-json\/wp\/v2\/posts\/286033\/revisions"}],"wp:featuredmedia":[{"embeddable":true,"href":"https:\/\/www.europesays.com\/fr\/wp-json\/wp\/v2\/media\/151000"}],"wp:attachment":[{"href":"https:\/\/www.europesays.com\/fr\/wp-json\/wp\/v2\/media?parent=286033"}],"wp:term":[{"taxonomy":"category","embeddable":true,"href":"https:\/\/www.europesays.com\/fr\/wp-json\/wp\/v2\/categories?post=286033"},{"taxonomy":"post_tag","embeddable":true,"href":"https:\/\/www.europesays.com\/fr\/wp-json\/wp\/v2\/tags?post=286033"}],"curies":[{"name":"wp","href":"https:\/\/api.w.org\/{rel}","templated":true}]}}