{"id":286034,"date":"2025-07-31T06:06:11","date_gmt":"2025-07-31T06:06:11","guid":{"rendered":"https:\/\/www.europesays.com\/fr\/286034\/"},"modified":"2025-07-31T06:06:11","modified_gmt":"2025-07-31T06:06:11","slug":"nice-ces-rames-de-la-ligne-1-du-tramway-vont-etre-modifiees-voici-pourquoi","status":"publish","type":"post","link":"https:\/\/www.europesays.com\/fr\/286034\/","title":{"rendered":"Nice. Ces rames de la ligne 1 du tramway vont \u00eatre modifi\u00e9es, voici pourquoi"},"content":{"rendered":"<p>            Par<br \/>\n        <strong><br \/>\n            <a href=\"https:\/\/actu.fr\/auteur\/ugo-maillard\" title=\"Consulter tous les articles de Ugo Maillard\" rel=\"nofollow noopener\" target=\"_blank\">Ugo Maillard<\/a><br \/>\n        <\/strong><\/p>\n<p>        Publi\u00e9 le<\/p>\n<p>            31 juil. 2025 \u00e0 7h12        <\/p>\n<p>Ce mardi 29\u00a0juillet 2025 marque le d\u00e9but de l\u2019op\u00e9ration. Les services de la M\u00e9tropole Nice C\u00f4te d\u2019Azur et de la r\u00e9gie <a href=\"https:\/\/actu.fr\/tag\/lignes-dazur\" rel=\"nofollow noopener\" target=\"_blank\">Lignes d\u2019Azur<\/a> ont lanc\u00e9 une transformation majeure du r\u00e9seau de transport en commun. Les usagers de la <strong>ligne 1 du tramway<\/strong> vont b\u00e9n\u00e9ficier d\u2019une qualit\u00e9 de la desserte am\u00e9lior\u00e9e \u00e0 <a href=\"https:\/\/actu.fr\/nice\/\" rel=\"nofollow noopener\" target=\"_blank\">Nice<\/a> (<a href=\"https:\/\/actu.fr\/provence-alpes-cote-d-azur\/alpes-maritimes_06\" rel=\"nofollow noopener\" target=\"_blank\">Alpes-Maritimes<\/a>). Certaines rames vont \u00eatre totalement modifi\u00e9es<\/p>\n<p class=\" wall-content\">Voici les changements \u00e0 venir et le calendrier annonc\u00e9.<\/p>\n<p>Une op\u00e9ration \u00e0 plus de 25\u00a0millions d\u2019euros<\/p>\n<p class=\" wall-content\">La ligne de tramway qui permet de relier les arr\u00eats H\u00f4pital Pasteur et Henri Sappia va subir une grande transformation.<\/p>\n<p class=\" wall-content\">Depuis ce mardi, l\u2019op\u00e9ration d\u2019extension des rames dites \u00ab\u2009courtes\u2009\u00bb de la ligne 1 a commenc\u00e9. Durant plusieurs mois, toutes les <strong>courtes rames vont \u00eatre rallong\u00e9es<\/strong> au centre op\u00e9rationnel du tramway. Concr\u00e8tement, ces rames passeront d\u2019une <strong>capacit\u00e9 de 200 \u00e0 300 passagers<\/strong>.<\/p>\n<p class=\" wall-content\">\u00ab\u2009\u00c0 partir d\u2019aujourd\u2019hui, les op\u00e9rations d\u2019assemblage, d\u2019essais techniques et de validation r\u00e9glementaire s\u2019\u00e9chelonneront jusqu\u2019\u00e0 fin ao\u00fbt pour une mise en service le 29\u00a0ao\u00fbt\u2009\u00bb, indique Ga\u00ebl Nofri.<\/p>\n<p class=\" wall-content\">\n<blockquote class=\"ac-article-quote wall-content\">\n<p>Ce chantier industriel ambitieux de plus de 28 millions d&rsquo;euros se poursuivra jusqu&rsquo;en 2026, date \u00e0 laquelle l\u2019ensemble des 13 rames courtes de la ligne 1 auront \u00e9t\u00e9 rallong\u00e9es. Cela permettra une augmentation de 12,5 % de la capacit\u00e9 de la ligne, pour mieux r\u00e9pondre aux besoins des usagers.\n<\/p>\n<p>    <strong>Ga\u00ebl Nofri<\/strong><br \/>\n        Vice-pr\u00e9sident de la M\u00e9tropole de Nice en charge des Transports    <\/p><\/blockquote>\n<p class=\" wall-content\">Les treize rames de tramways vont \u00eatre transform\u00e9es la nuit, ce qui n\u2019aura aucun impact sur les conditions du trafic.<\/p>\n<p class=\" wall-content\">Suivez toute l\u2019actualit\u00e9 de vos villes et m\u00e9dias favoris en vous inscrivant \u00e0 <a href=\"https:\/\/moncompte.actu.fr\" title=\"D\u00e9couvez Mon Actu\" rel=\"nofollow noopener\" data-trk=\"{&quot;cta&quot;:{&quot;action&quot;:&quot;https:\\\/\\\/moncompte.actu.fr&quot;,&quot;category&quot;:&quot;mon compte&quot;,&quot;from&quot;:&quot;article footer&quot;,&quot;name&quot;:&quot;Mon actu&quot;,&quot;type&quot;:&quot;cta&quot;}}\" target=\"_blank\">Mon Actu<\/a>.<\/p>\n","protected":false},"excerpt":{"rendered":"Par Ugo Maillard Publi\u00e9 le 31 juil. 2025 \u00e0 7h12 Ce mardi 29\u00a0juillet 2025 marque le d\u00e9but de&hellip;\n","protected":false},"author":2,"featured_media":286035,"comment_status":"","ping_status":"","sticky":false,"template":"","format":"standard","meta":{"footnotes":""},"categories":[2819],"tags":[1111,11,1777,674,1011,27,14554,12,2401,882,25,104,2803],"class_list":{"0":"post-286034","1":"post","2":"type-post","3":"status-publish","4":"format-standard","5":"has-post-thumbnail","7":"category-nice","8":"tag-actu","9":"tag-actualites","10":"tag-eu","11":"tag-europe","12":"tag-fr","13":"tag-france","14":"tag-lignes-dazur","15":"tag-news","16":"tag-nice","17":"tag-provence-alpes-cote-dazur","18":"tag-republique-francaise","19":"tag-societe","20":"tag-transport"},"share_on_mastodon":{"url":"https:\/\/pubeurope.com\/@fr\/114946348374166159","error":""},"_links":{"self":[{"href":"https:\/\/www.europesays.com\/fr\/wp-json\/wp\/v2\/posts\/286034","targetHints":{"allow":["GET"]}}],"collection":[{"href":"https:\/\/www.europesays.com\/fr\/wp-json\/wp\/v2\/posts"}],"about":[{"href":"https:\/\/www.europesays.com\/fr\/wp-json\/wp\/v2\/types\/post"}],"author":[{"embeddable":true,"href":"https:\/\/www.europesays.com\/fr\/wp-json\/wp\/v2\/users\/2"}],"replies":[{"embeddable":true,"href":"https:\/\/www.europesays.com\/fr\/wp-json\/wp\/v2\/comments?post=286034"}],"version-history":[{"count":0,"href":"https:\/\/www.europesays.com\/fr\/wp-json\/wp\/v2\/posts\/286034\/revisions"}],"wp:featuredmedia":[{"embeddable":true,"href":"https:\/\/www.europesays.com\/fr\/wp-json\/wp\/v2\/media\/286035"}],"wp:attachment":[{"href":"https:\/\/www.europesays.com\/fr\/wp-json\/wp\/v2\/media?parent=286034"}],"wp:term":[{"taxonomy":"category","embeddable":true,"href":"https:\/\/www.europesays.com\/fr\/wp-json\/wp\/v2\/categories?post=286034"},{"taxonomy":"post_tag","embeddable":true,"href":"https:\/\/www.europesays.com\/fr\/wp-json\/wp\/v2\/tags?post=286034"}],"curies":[{"name":"wp","href":"https:\/\/api.w.org\/{rel}","templated":true}]}}