{"id":286036,"date":"2025-07-31T06:07:26","date_gmt":"2025-07-31T06:07:26","guid":{"rendered":"https:\/\/www.europesays.com\/fr\/286036\/"},"modified":"2025-07-31T06:07:26","modified_gmt":"2025-07-31T06:07:26","slug":"deux-vehicules-dont-une-camionnette-chronopost-prennent-feu-au-bignon-au-sud-de-nantes","status":"publish","type":"post","link":"https:\/\/www.europesays.com\/fr\/286036\/","title":{"rendered":"Deux v\u00e9hicules, dont une camionnette Chronopost, prennent feu au Bignon, au sud de Nantes"},"content":{"rendered":"<p>Ce mercredi 30 juillet, aux alentours de 8 h 17, une camionnette a pris feu pr\u00e8s du nouvel entrep\u00f4t Chronopost, rue de Fromentaux (la Boule d\u2019Or), au Bignon, au sud de Nantes, confirme le service d\u00e9partemental d\u2019incendie et de secours de Loire-Atlantique. La camionnette venait du d\u00e9p\u00f4t Chronopost de Chilly-Mazarin et avait d\u00e9charg\u00e9 son contenu dans la nuit.<\/p>\n<p>Lors de l\u2019incendie, un autre v\u00e9hicule a pris feu, avant que six sapeurs-pompiers de Vertou n\u2019interviennent et stoppent la progression des flammes, \u00e0 l\u2019aide de leur lance, autour de 9 h. La gendarmerie \u00e9tait \u00e9galement sur place. Pendant un peu plus d\u2019une heure, la circulation sur la RD937 a \u00e9t\u00e9 perturb\u00e9e. \u00c0 ce stade, on ne conna\u00eet pas l\u2019origine du d\u00e9part de feu.<\/p>\n<p>\u00a0<\/p>\n","protected":false},"excerpt":{"rendered":"Ce mercredi 30 juillet, aux alentours de 8 h 17, une camionnette a pris feu pr\u00e8s du nouvel&hellip;\n","protected":false},"author":2,"featured_media":286037,"comment_status":"","ping_status":"","sticky":false,"template":"","format":"standard","meta":{"footnotes":""},"categories":[2818],"tags":[1111,11,42491,6045,42490,1777,674,1312,1011,27,766,12,2636,32966,25,7053,7727],"class_list":{"0":"post-286036","1":"post","2":"type-post","3":"status-publish","4":"format-standard","5":"has-post-thumbnail","7":"category-nantes","8":"tag-actu","9":"tag-actualites","10":"tag-bignon","11":"tag-camionnette","12":"tag-chronopost","13":"tag-eu","14":"tag-europe","15":"tag-feu","16":"tag-fr","17":"tag-france","18":"tag-nantes","19":"tag-news","20":"tag-pays-de-la-loire","21":"tag-prennent","22":"tag-republique-francaise","23":"tag-sud","24":"tag-vehicules"},"share_on_mastodon":{"url":"https:\/\/pubeurope.com\/@fr\/114946352296193112","error":""},"_links":{"self":[{"href":"https:\/\/www.europesays.com\/fr\/wp-json\/wp\/v2\/posts\/286036","targetHints":{"allow":["GET"]}}],"collection":[{"href":"https:\/\/www.europesays.com\/fr\/wp-json\/wp\/v2\/posts"}],"about":[{"href":"https:\/\/www.europesays.com\/fr\/wp-json\/wp\/v2\/types\/post"}],"author":[{"embeddable":true,"href":"https:\/\/www.europesays.com\/fr\/wp-json\/wp\/v2\/users\/2"}],"replies":[{"embeddable":true,"href":"https:\/\/www.europesays.com\/fr\/wp-json\/wp\/v2\/comments?post=286036"}],"version-history":[{"count":0,"href":"https:\/\/www.europesays.com\/fr\/wp-json\/wp\/v2\/posts\/286036\/revisions"}],"wp:featuredmedia":[{"embeddable":true,"href":"https:\/\/www.europesays.com\/fr\/wp-json\/wp\/v2\/media\/286037"}],"wp:attachment":[{"href":"https:\/\/www.europesays.com\/fr\/wp-json\/wp\/v2\/media?parent=286036"}],"wp:term":[{"taxonomy":"category","embeddable":true,"href":"https:\/\/www.europesays.com\/fr\/wp-json\/wp\/v2\/categories?post=286036"},{"taxonomy":"post_tag","embeddable":true,"href":"https:\/\/www.europesays.com\/fr\/wp-json\/wp\/v2\/tags?post=286036"}],"curies":[{"name":"wp","href":"https:\/\/api.w.org\/{rel}","templated":true}]}}