{"id":286050,"date":"2025-07-31T06:15:11","date_gmt":"2025-07-31T06:15:11","guid":{"rendered":"https:\/\/www.europesays.com\/fr\/286050\/"},"modified":"2025-07-31T06:15:11","modified_gmt":"2025-07-31T06:15:11","slug":"langoisse-des-etudiants-pour-trouver-un-logement","status":"publish","type":"post","link":"https:\/\/www.europesays.com\/fr\/286050\/","title":{"rendered":"l\u2019angoisse des \u00e9tudiants pour trouver un logement"},"content":{"rendered":"<p>\u00ab\u00a0On a d\u00e9pos\u00e9 plus de 70 dossiers, tous refus\u00e9s ou rest\u00e9s sans r\u00e9ponse\u00a0\u00bb, souffle J\u00e9r\u00e9mie, \u00e9tudiant en master \u00e0 <a href=\"https:\/\/www.laprovence.com\/article\/societe\/96769851345825\/l-universite-d-aix-marseille-accueillera-31-chercheurs-americains-a-la-rentree\" target=\"_blank\" rel=\"noopener\">l\u2019universit\u00e9 d\u2019Aix-Marseille<\/a>. Depuis plus d\u2019un mois et demi, sa compagne Ayiana et lui passent plusieurs heures par jour \u00e0 \u00e9plucher les petites annonces de <a href=\"https:\/\/www.laprovence.com\/article\/societe\/265957699057814\/aix-marseille-avignon-le-logement-etudiant-le-parcours-du-combattant-en-provence\" target=\"_blank\" rel=\"noopener\">logements \u00e9tudiants \u00e0 Marseille<\/a>. \u00ab\u00a0On s\u2019y est pris t\u00f4t, avant les r\u00e9sultats de <a href=\"https:\/\/www.laprovence.com\/article\/societe\/14162414848534\/mon-master-une-selection-sous-tension-pour-les-etudiants\" target=\"_blank\" rel=\"noopener\">Mon Master<\/a> et de <a href=\"https:\/\/www.laprovence.com\/article\/region\/192472060514215\/il-ny-a-que-le-doyen-qui-peut-reetudier-son-dossier-une-erreur-de-son-prof-sur-parcoursup-peut-chambouler-lavenir-dune-bacheliere\" target=\"_blank\" rel=\"noopener\">Parcoursup<\/a>, mais \u00e7a reste impossible. Septembre approche et <a href=\"https:\/\/www.laprovence.com\/article\/region\/216000036523314\/a-20-ans-je-vis-dans-un-ehpad-pour-se-loger-a-marseille-ces-etudiants-vivent-au-plus-pres-des-seniors\" target=\"_blank\" rel=\"noopener\">aujourd\u2019hui, il y a encore plus de demandes<\/a>\u00ab\u00a0, regrette-t-il.<\/p>\n","protected":false},"excerpt":{"rendered":"\u00ab\u00a0On a d\u00e9pos\u00e9 plus de 70 dossiers, tous refus\u00e9s ou rest\u00e9s sans r\u00e9ponse\u00a0\u00bb, souffle J\u00e9r\u00e9mie, \u00e9tudiant en master&hellip;\n","protected":false},"author":2,"featured_media":286051,"comment_status":"","ping_status":"","sticky":false,"template":"","format":"standard","meta":{"footnotes":""},"categories":[2814],"tags":[17,1111,11,11821,1777,674,1011,27,42492,22636,884,12,5241,378,882,21069,25,104],"class_list":{"0":"post-286050","1":"post","2":"type-post","3":"status-publish","4":"format-standard","5":"has-post-thumbnail","7":"category-marseille","8":"tag-17","9":"tag-actu","10":"tag-actualites","11":"tag-dossiers","12":"tag-eu","13":"tag-europe","14":"tag-fr","15":"tag-france","16":"tag-langoisse","17":"tag-ma","18":"tag-marseille","19":"tag-news","20":"tag-on","21":"tag-plus","22":"tag-provence-alpes-cote-dazur","23":"tag-refuse","24":"tag-republique-francaise","25":"tag-societe"},"share_on_mastodon":{"url":"https:\/\/pubeurope.com\/@fr\/114946383723343237","error":""},"_links":{"self":[{"href":"https:\/\/www.europesays.com\/fr\/wp-json\/wp\/v2\/posts\/286050","targetHints":{"allow":["GET"]}}],"collection":[{"href":"https:\/\/www.europesays.com\/fr\/wp-json\/wp\/v2\/posts"}],"about":[{"href":"https:\/\/www.europesays.com\/fr\/wp-json\/wp\/v2\/types\/post"}],"author":[{"embeddable":true,"href":"https:\/\/www.europesays.com\/fr\/wp-json\/wp\/v2\/users\/2"}],"replies":[{"embeddable":true,"href":"https:\/\/www.europesays.com\/fr\/wp-json\/wp\/v2\/comments?post=286050"}],"version-history":[{"count":0,"href":"https:\/\/www.europesays.com\/fr\/wp-json\/wp\/v2\/posts\/286050\/revisions"}],"wp:featuredmedia":[{"embeddable":true,"href":"https:\/\/www.europesays.com\/fr\/wp-json\/wp\/v2\/media\/286051"}],"wp:attachment":[{"href":"https:\/\/www.europesays.com\/fr\/wp-json\/wp\/v2\/media?parent=286050"}],"wp:term":[{"taxonomy":"category","embeddable":true,"href":"https:\/\/www.europesays.com\/fr\/wp-json\/wp\/v2\/categories?post=286050"},{"taxonomy":"post_tag","embeddable":true,"href":"https:\/\/www.europesays.com\/fr\/wp-json\/wp\/v2\/tags?post=286050"}],"curies":[{"name":"wp","href":"https:\/\/api.w.org\/{rel}","templated":true}]}}