{"id":286054,"date":"2025-07-31T06:17:13","date_gmt":"2025-07-31T06:17:13","guid":{"rendered":"https:\/\/www.europesays.com\/fr\/286054\/"},"modified":"2025-07-31T06:17:13","modified_gmt":"2025-07-31T06:17:13","slug":"quels-changements-a-lyon-et-en-france-ce-1er-aout","status":"publish","type":"post","link":"https:\/\/www.europesays.com\/fr\/286054\/","title":{"rendered":"Quels changements \u00e0 Lyon et en France ce 1er ao\u00fbt ?"},"content":{"rendered":"<p><strong>Le mois d\u2019ao\u00fbt s\u2019ouvre avec de nouvelles r\u00e9formes entrant en vigueur d\u00e8s le 1er ao\u00fbt. On fait le point.<\/strong><\/p>\n<p>Chaque ann\u00e9e, le passage de juillet \u00e0 ao\u00fbt s\u2019accompagne de nouvelles mesures gouvernementales. Parmi les principales : baisse du taux du Livret A, hausse des prix du gaz, versement des allocations de rentr\u00e9e scolaire, etc.<\/p>\n<p>Baisse du taux des livrets d\u2019\u00e9pargne<\/p>\n<p>Cette baisse, propos\u00e9e par la Banque de France, est justifi\u00e9e par la diminution de l\u2019inflation attendue au 1er septembre 2025. Le taux du Livret A passera ainsi, \u00e0 compter du 1er ao\u00fbt, de 2,40 % \u00e0 1,70 %. Il s\u2019agit de la plus forte baisse depuis 2009. Le taux du Livret de d\u00e9veloppement durable et solidaire (LDDS) suivra la m\u00eame tendance, passant \u00e9galement \u00e0 1,70 %. Enfin, le taux du Livret d\u2019\u00e9pargne populaire (LEP), destin\u00e9 aux m\u00e9nages modestes, passera de 3,5 % \u00e0 2,7 %.<\/p>\n<p>Hausse de la TVA sur les abonnements en gaz et \u00e9lectricit\u00e9 <\/p>\n<p>\u00c0 partir du 1er ao\u00fbt, le taux r\u00e9duit de TVA \u00e0 5,5 % qui s\u2019appliquait jusqu\u2019alors sur les abonnements au gaz et \u00e0 l\u2019\u00e9lectricit\u00e9 prendra fin. Pour se conformer au droit europ\u00e9en imposant un taux uniforme, celui-ci passera \u00e0 20 %. L\u2019\u00c9tat pr\u00e9voit de r\u00e9duire l\u2019accise (taxe sur la consommation) afin de limiter l\u2019impact de cette hausse. Toutefois, les hausses ne seront compens\u00e9es qu\u2019en partie. Il est donc recommand\u00e9 de surveiller ses factures, notamment en cas de forte consommation.<\/p>\n<p>Le prix du gaz augmenter <\/p>\n<p>Le prix du gaz augmentera \u00e0 partir du 1er ao\u00fbt, en particulier au niveau de l\u2019abonnement.<\/p>\n<ul class=\"wp-block-list\">\n<li>Pour la cuisson et l\u2019eau chaude, l\u2019abonnement annuel s\u2019\u00e9l\u00e8vera \u00e0 134,14 \u20ac TTC (+16,21 \u20ac).<\/li>\n<li>Pour le chauffage, il atteindra 330,80 \u20ac TTC (+39,97 \u20ac).<\/li>\n<\/ul>\n<p>Cette forte hausse s\u2019explique notamment par l\u2019augmentation de la TVA appliqu\u00e9e sur le gaz.<\/p>\n<p>L\u2019allocation de rentr\u00e9e vers\u00e9e d\u00e8s le 5 ao\u00fbt<\/p>\n<p>Plus de trois millions de foyers recevront l\u2019allocation de rentr\u00e9e scolaire \u00e0 partir du mardi 5 ao\u00fbt. Cette aide vise \u00e0 soutenir les familles modestes dans les d\u00e9penses li\u00e9es aux fournitures scolaires.<\/p>\n<ul class=\"wp-block-list\">\n<li><strong>Le 5 ao\u00fbt<\/strong>, les d\u00e9partements de Mayotte et de La R\u00e9union seront les premiers concern\u00e9s.<\/li>\n<li><strong>Le 19 ao\u00fbt<\/strong>, ce sera au tour des familles vivant en m\u00e9tropole, en Guadeloupe, Guyane et Martinique.<\/li>\n<\/ul>\n<p>Cette allocation est destin\u00e9e aux parents d\u2019enfants \u00e2g\u00e9s de 6 \u00e0 18 ans. Elle varie de 423,48 \u20ac \u00e0 462,33 \u20ac par enfant, en fonction de l\u2019\u00e2ge, pour des revenus ne d\u00e9passant pas 28 444 \u20ac par foyer.<\/p>\n<p>Des frais en l\u2019absence de compteur Linky <\/p>\n<p>Si vous ne disposez pas d\u2019un compteur Linky, vous devrez d\u00e9sormais payer 6,48 \u20ac HT tous les deux mois. \u00c0 cela peuvent s\u2019ajouter 4,14 \u20ac suppl\u00e9mentaires, \u00e9galement tous les deux mois, si aucun relev\u00e9 n\u2019est transmis. Il est possible d\u2019\u00e9viter ces frais en transmettant r\u00e9guli\u00e8rement un index ou en acceptant un relev\u00e9. Les personnes confront\u00e9es \u00e0 une impossibilit\u00e9 technique ne seront pas soumises \u00e0 ces frais.<\/p>\n","protected":false},"excerpt":{"rendered":"Le mois d\u2019ao\u00fbt s\u2019ouvre avec de nouvelles r\u00e9formes entrant en vigueur d\u00e8s le 1er ao\u00fbt. On fait le&hellip;\n","protected":false},"author":2,"featured_media":222536,"comment_status":"","ping_status":"","sticky":false,"template":"","format":"standard","meta":{"footnotes":""},"categories":[1889],"tags":[38043,1111,11,42493,2430,1777,674,1011,27,843,365,2428,12,25],"class_list":{"0":"post-286054","1":"post","2":"type-post","3":"status-publish","4":"format-standard","5":"has-post-thumbnail","7":"category-lyon","8":"tag-1er-aout","9":"tag-actu","10":"tag-actualites","11":"tag-allocation-de-rentree","12":"tag-auvergne-rhone-alpes","13":"tag-eu","14":"tag-europe","15":"tag-fr","16":"tag-france","17":"tag-gaz","18":"tag-livret-a","19":"tag-lyon","20":"tag-news","21":"tag-republique-francaise"},"share_on_mastodon":{"url":"https:\/\/pubeurope.com\/@fr\/114946391621784890","error":""},"_links":{"self":[{"href":"https:\/\/www.europesays.com\/fr\/wp-json\/wp\/v2\/posts\/286054","targetHints":{"allow":["GET"]}}],"collection":[{"href":"https:\/\/www.europesays.com\/fr\/wp-json\/wp\/v2\/posts"}],"about":[{"href":"https:\/\/www.europesays.com\/fr\/wp-json\/wp\/v2\/types\/post"}],"author":[{"embeddable":true,"href":"https:\/\/www.europesays.com\/fr\/wp-json\/wp\/v2\/users\/2"}],"replies":[{"embeddable":true,"href":"https:\/\/www.europesays.com\/fr\/wp-json\/wp\/v2\/comments?post=286054"}],"version-history":[{"count":0,"href":"https:\/\/www.europesays.com\/fr\/wp-json\/wp\/v2\/posts\/286054\/revisions"}],"wp:featuredmedia":[{"embeddable":true,"href":"https:\/\/www.europesays.com\/fr\/wp-json\/wp\/v2\/media\/222536"}],"wp:attachment":[{"href":"https:\/\/www.europesays.com\/fr\/wp-json\/wp\/v2\/media?parent=286054"}],"wp:term":[{"taxonomy":"category","embeddable":true,"href":"https:\/\/www.europesays.com\/fr\/wp-json\/wp\/v2\/categories?post=286054"},{"taxonomy":"post_tag","embeddable":true,"href":"https:\/\/www.europesays.com\/fr\/wp-json\/wp\/v2\/tags?post=286054"}],"curies":[{"name":"wp","href":"https:\/\/api.w.org\/{rel}","templated":true}]}}