{"id":286064,"date":"2025-07-31T06:26:11","date_gmt":"2025-07-31T06:26:11","guid":{"rendered":"https:\/\/www.europesays.com\/fr\/286064\/"},"modified":"2025-07-31T06:26:11","modified_gmt":"2025-07-31T06:26:11","slug":"en-ukraine-une-attaque-de-missiles-et-de-drones-russes-fait-au-moins-six-morts-a-kiev","status":"publish","type":"post","link":"https:\/\/www.europesays.com\/fr\/286064\/","title":{"rendered":"En\u00a0Ukraine, une attaque de missiles et de drones russes fait au moins six morts \u00e0 Kiev"},"content":{"rendered":"<p>\u00ab Jusqu\u2019\u00e0 pr\u00e9sent, les services ont confirm\u00e9 six d\u00e9c\u00e8s. Parmi les morts figure un enfant, un gar\u00e7on de six ans \u00bb, a annonc\u00e9 le chef de l\u2019administration militaire de la capitale, Timour Tkatchenko sur Telegram, pr\u00e9cisant que l\u2019attaque russe avait vis\u00e9 au total 27 endroits de la capitale ukrainienne ce jeudi.<\/p>\n<p>\u00ab Cette nuit, l\u2019ennemi a attaqu\u00e9 la capitale avec des missiles et des drones \u00bb, a \u00e9crit lui aussi sur Telegram le ministre de l\u2019Int\u00e9rieur Igor Klymenko, d\u00e9non\u00e7ant \u00ab un nouveau crime de guerre \u00bb.<\/p>\n<p>\u00ab L\u2019un des missiles a touch\u00e9 un immeuble r\u00e9sidentiel : une partie enti\u00e8re a \u00e9t\u00e9 d\u00e9truite \u00bb, a-t-il ajout\u00e9, pr\u00e9cisant que deux survivants avaient \u00e9t\u00e9 extraits des d\u00e9combres.<\/p>\n<p>\u00c9voquant \u00ab un matin horrible \u00e0 Kiev \u00bb, o\u00f9 \u00ab des b\u00e2timents r\u00e9sidentiels ont \u00e9t\u00e9 d\u00e9truits et des \u00e9coles et h\u00f4pitaux endommag\u00e9s \u00bb, le ministre ukrainien des Affaires \u00e9trang\u00e8res Andri\u00ef Sybiha a estim\u00e9 pour sa part qu\u2019il \u00e9tait \u00ab temps de mettre la pression maximale sur Moscou \u00bb, sur le r\u00e9seau social X.<\/p>\n<p>Un vote crucial au Parlement<\/p>\n<p>\u00ab Le pr\u00e9sident Trump a \u00e9t\u00e9 tr\u00e8s g\u00e9n\u00e9reux et tr\u00e8s patient avec Poutine, essayant de trouver une solution \u00bb, a-t-il poursuivi. \u00ab Il est temps de synchroniser toutes les mesures de sanctions. Il est temps d\u2019imposer la paix par la force \u00bb alors que le pr\u00e9sident russe \u00ab ne cherche qu\u2019\u00e0 d\u00e9truire et tuer \u00bb.<\/p>\n<p>Jeudi matin, l\u2019arm\u00e9e russe a affirm\u00e9 avoir conquis la ville de Tchassiv Iar, important bastion de l\u2019arm\u00e9e ukrainienne dans la r\u00e9gion de Donetsk, dans l\u2019Est de l\u2019Ukraine.<\/p>\n<p>La ville de Tchassiv Iar, au c\u0153ur des <a href=\"https:\/\/www.letelegramme.fr\/monde\/guerre-ukraine-russie\/\" target=\"_blank\" rel=\"nofollow noopener\">combats depuis des mois<\/a>, \u00ab a \u00e9t\u00e9 lib\u00e9r\u00e9e \u00bb par les forces russes, a indiqu\u00e9 le minist\u00e8re russe de la D\u00e9fense dans un communiqu\u00e9.<\/p>\n<p>La nouvelle vague de frappes nocturnes contre Kiev est intervenue \u00e0 quelques heures d\u2019un vote crucial au Parlement pour revenir sur <a href=\"https:\/\/www.letelegramme.fr\/monde\/guerre-ukraine-russie\/loi-controversee-en-ukraine-macron-et-zelensky-reaffirment-limportance-de-la-lutte-contre-la-corruption-6862519.php\" target=\"_blank\" rel=\"nofollow noopener\">une loi tr\u00e8s critiqu\u00e9e r\u00e9voquant l\u2019ind\u00e9pendance d\u2019instances de lutte contre la corruption<\/a>.<\/p>\n<p>Cette loi vot\u00e9e le 22 juillet pr\u00e9voyait de placer l\u2019agence nationale anticorruption (le NABU) et le parquet sp\u00e9cialis\u00e9 anticorruption (le SAP) directement sous la tutelle du procureur g\u00e9n\u00e9ral, lui-m\u00eame nomm\u00e9 par le chef de l\u2019\u00c9tat.<\/p>\n<p>D\u00e9cri\u00e9e par la soci\u00e9t\u00e9 civile et l\u2019Union europ\u00e9enne, la loi ainsi adopt\u00e9e avait provoqu\u00e9 les premi\u00e8res <a href=\"https:\/\/www.letelegramme.fr\/monde\/guerre-ukraine-russie\/nous-voulons-une-ukraine-libre-des-milliers-de-manifestants-a-kiev-contre-la-loi-menacant-lindependance-des-agences-anticorruption-6860645.php\" target=\"_blank\" rel=\"nofollow noopener\">manifestations d\u2019ampleur<\/a> en Ukraine depuis le d\u00e9but de l\u2019invasion russe en 2022 &#8211; des centaines de personnes \u00e9taient encore rassembl\u00e9es mercredi soir \u00e0 Kiev, peu avant les bombardements.<\/p>\n<p>Le pr\u00e9sident ukrainien Volodymyr Zelensky a finalement propos\u00e9 un nouveau projet de loi r\u00e9tablissant l\u2019ind\u00e9pendance des agences concern\u00e9es, que les \u00e9lus doivent examiner jeudi.<\/p>\n","protected":false},"excerpt":{"rendered":"\u00ab Jusqu\u2019\u00e0 pr\u00e9sent, les services ont confirm\u00e9 six d\u00e9c\u00e8s. Parmi les morts figure un enfant, un gar\u00e7on de&hellip;\n","protected":false},"author":2,"featured_media":286065,"comment_status":"","ping_status":"","sticky":false,"template":"","format":"standard","meta":{"footnotes":""},"categories":[1591],"tags":[11,765,1887,131,2069,74,12,1885,1886,132,220],"class_list":{"0":"post-286064","1":"post","2":"type-post","3":"status-publish","4":"format-standard","5":"has-post-thumbnail","7":"category-russie","8":"tag-actualites","9":"tag-en-continu","10":"tag-federation-de-russie","11":"tag-guerre-en-ukraine","12":"tag-guerre-ukraine-russie","13":"tag-monde","14":"tag-news","15":"tag-russia","16":"tag-russian-federation","17":"tag-russie","18":"tag-ukraine"},"share_on_mastodon":{"url":"https:\/\/pubeurope.com\/@fr\/114946427103852939","error":""},"_links":{"self":[{"href":"https:\/\/www.europesays.com\/fr\/wp-json\/wp\/v2\/posts\/286064","targetHints":{"allow":["GET"]}}],"collection":[{"href":"https:\/\/www.europesays.com\/fr\/wp-json\/wp\/v2\/posts"}],"about":[{"href":"https:\/\/www.europesays.com\/fr\/wp-json\/wp\/v2\/types\/post"}],"author":[{"embeddable":true,"href":"https:\/\/www.europesays.com\/fr\/wp-json\/wp\/v2\/users\/2"}],"replies":[{"embeddable":true,"href":"https:\/\/www.europesays.com\/fr\/wp-json\/wp\/v2\/comments?post=286064"}],"version-history":[{"count":0,"href":"https:\/\/www.europesays.com\/fr\/wp-json\/wp\/v2\/posts\/286064\/revisions"}],"wp:featuredmedia":[{"embeddable":true,"href":"https:\/\/www.europesays.com\/fr\/wp-json\/wp\/v2\/media\/286065"}],"wp:attachment":[{"href":"https:\/\/www.europesays.com\/fr\/wp-json\/wp\/v2\/media?parent=286064"}],"wp:term":[{"taxonomy":"category","embeddable":true,"href":"https:\/\/www.europesays.com\/fr\/wp-json\/wp\/v2\/categories?post=286064"},{"taxonomy":"post_tag","embeddable":true,"href":"https:\/\/www.europesays.com\/fr\/wp-json\/wp\/v2\/tags?post=286064"}],"curies":[{"name":"wp","href":"https:\/\/api.w.org\/{rel}","templated":true}]}}