{"id":286068,"date":"2025-07-31T06:28:13","date_gmt":"2025-07-31T06:28:13","guid":{"rendered":"https:\/\/www.europesays.com\/fr\/286068\/"},"modified":"2025-07-31T06:28:13","modified_gmt":"2025-07-31T06:28:13","slug":"en-floride-les-executions-en-nette-augmentation-depuis-le-retour-de-donald-trump-au-pouvoir","status":"publish","type":"post","link":"https:\/\/www.europesays.com\/fr\/286068\/","title":{"rendered":"en Floride, les ex\u00e9cutions en nette augmentation depuis le retour de Donald Trump au pouvoir"},"content":{"rendered":"<p class=\"c-chapo \">\n  D\u00e8s son arriv\u00e9e au pouvoir, Donald Trump a sign\u00e9 un d\u00e9cret qui encourage les procureurs \u00e0 requ\u00e9rir plus fr\u00e9quemment la peine de mort \u00e0 faire le n\u00e9cessaire pour que les Etats soient assez dot\u00e9s en produits pour pratiquer des injections l\u00e9tales.\n<\/p>\n<p>            lire plus tard<\/p>\n<p id=\"dialog__title\" class=\"dialog__title\">Pour sauvegarder cet article, connectez-vous ou cr\u00e9ez un compte franceinfo<\/p>\n<p class=\"dialog__description\">Sans paiement. Sans abonnement.<\/p>\n<p>        Fermer la fen\u00eatre d\u2019activation des notifications France Info<\/p>\n<p>            cr\u00e9er votre compte<\/p>\n<p>            se connecter<\/p>\n<p>        Fermer la fen\u00eatre de pr\u00e9sentation<\/p>\n<p>    <img loading=\"lazy\" decoding=\"async\" class=\"signature__image lazyload\" width=\"100\" height=\"100\" data- alt=\"\" src=\"https:\/\/www.europesays.com\/fr\/wp-content\/uploads\/2025\/05\/64a7df4c5fe71_placeholder-36b69ec8.png\"\/><\/p>\n<p>    Publi\u00e9 le 31\/07\/2025 07:55<\/p>\n<p>      Mis \u00e0 jour le 31\/07\/2025 07:56<\/p>\n<p>        Temps de lecture : 2min<\/p>\n<p>    <img decoding=\"async\"  alt=\"Une prison aux Etats-Unis. Image d'illustration. (THE WASHINGTON POST)\" width=\"432\" height=\"243\" src=\"https:\/\/www.europesays.com\/fr\/wp-content\/uploads\/2025\/07\/gettyimages-2184895974-688b0060ec6c7288871588.jpg\" fetchpriority=\"high\"\/><\/p>\n<p>      Une prison aux Etats-Unis. Image d&rsquo;illustration. (THE WASHINGTON POST)<\/p>\n<p>En Floride, la Cour supr\u00eame examine le recours d\u2019un homme qui doit \u00eatre ex\u00e9cut\u00e9 jeudi 31 juillet, condamn\u00e9 pour le meurtre de sa femme et de ses enfants il y a 31 ans. Cette ex\u00e9cution pourrait \u00eatre la neuvi\u00e8me dans cet Etat depuis le d\u00e9but de l\u2019ann\u00e9e. La peine de mort a \u00e9t\u00e9 abolie dans 23 des 50 Etats am\u00e9ricains. Trois autres &#8211; la Californie, l&rsquo;Oregon et la Pennsylvanie &#8211; observent un moratoire, mais apr\u00e8s plusieurs ann\u00e9es de ralentissement <a href=\"https:\/\/www.franceinfo.fr\/monde\/usa\/aux-etats-unis-les-executions-n-ont-jamais-ete-aussi-nombreuses-depuis-2015_7380133.html\" rel=\"nofollow noopener\" target=\"_blank\">le nombre des ex\u00e9cutions s\u2019est nettement acc\u00e9l\u00e9r\u00e9<\/a>.<\/p>\n<p>C\u2019est un de ses premiers gestes, \u00e0 peine de retour \u00e0 la Maison Blanche en janvier, Donald Trump signait un d\u00e9cret pr\u00e9sidentiel encourageant les procureurs \u00e0 requ\u00e9rir plus fr\u00e9quemment la peine de mort, et \u00e0 tout faire pour que les Etats aient suffisamment de produits pour pratiquer les injections l\u00e9tales. Le rythme des ex\u00e9cutions s\u2019\u00e9tait ralenti apr\u00e8s la d\u00e9cision de nombreux laboratoires pharmaceutiques d\u2019interdire l\u2019utilisation de leurs m\u00e9dicaments dans le cocktail de s\u00e9datifs utilis\u00e9s pour les injections l\u00e9tales.<\/p>\n<p>Mais les m\u00e9thodes d\u2019ex\u00e9cution se sont diversifi\u00e9es : nouvelles combinaisons de m\u00e9dicaments, asphyxie par inhalation d\u2019azote ou encore retour du peloton d\u2019ex\u00e9cution, utilis\u00e9 plusieurs fois depuis janvier apr\u00e8s des ann\u00e9es d\u2019arr\u00eat. Les ex\u00e9cutions n&rsquo;ont cess\u00e9 de s\u2019acc\u00e9l\u00e9rer depuis 2024 avec une Cour supr\u00eame \u00e0 majorit\u00e9 d\u00e9sormais conservatrice, qui rejette la plupart des sursis qui bloquent les ex\u00e9cutions \u00e0 la derni\u00e8re minute.\u00a0<\/p>\n<p>Une tendance frein\u00e9e par la d\u00e9cision du pr\u00e9sident sortant Joe Biden de commuer 93% des condamnations \u00e0 mort f\u00e9d\u00e9rales. Mais depuis janvier, une personne est ex\u00e9cut\u00e9e tous les huit jours aux Etats-Unis. Un des condamn\u00e9s, ex\u00e9cut\u00e9 le mois dernier dans le Mississippi, \u00e9tait dans le couloir de la mort depuis pr\u00e8s de 50 ans.<\/p>\n<p class=\"related-tags__title\" role=\"heading\" aria-level=\"2\">les mots-cl\u00e9s associ\u00e9s \u00e0 cet article\n    <\/p>\n","protected":false},"excerpt":{"rendered":"D\u00e8s son arriv\u00e9e au pouvoir, Donald Trump a sign\u00e9 un d\u00e9cret qui encourage les procureurs \u00e0 requ\u00e9rir plus&hellip;\n","protected":false},"author":2,"featured_media":286069,"comment_status":"","ping_status":"","sticky":false,"template":"","format":"standard","meta":{"footnotes":""},"categories":[1589],"tags":[11,73,1866,12,1864,1865,1863,308],"class_list":{"0":"post-286068","1":"post","2":"type-post","3":"status-publish","4":"format-standard","5":"has-post-thumbnail","7":"category-etats-unis","8":"tag-actualites","9":"tag-etats-unis","10":"tag-etats-unis-damerique","11":"tag-news","12":"tag-united-states","13":"tag-united-states-of-america","14":"tag-us","15":"tag-usa"},"share_on_mastodon":{"url":"https:\/\/pubeurope.com\/@fr\/114946435088303203","error":""},"_links":{"self":[{"href":"https:\/\/www.europesays.com\/fr\/wp-json\/wp\/v2\/posts\/286068","targetHints":{"allow":["GET"]}}],"collection":[{"href":"https:\/\/www.europesays.com\/fr\/wp-json\/wp\/v2\/posts"}],"about":[{"href":"https:\/\/www.europesays.com\/fr\/wp-json\/wp\/v2\/types\/post"}],"author":[{"embeddable":true,"href":"https:\/\/www.europesays.com\/fr\/wp-json\/wp\/v2\/users\/2"}],"replies":[{"embeddable":true,"href":"https:\/\/www.europesays.com\/fr\/wp-json\/wp\/v2\/comments?post=286068"}],"version-history":[{"count":0,"href":"https:\/\/www.europesays.com\/fr\/wp-json\/wp\/v2\/posts\/286068\/revisions"}],"wp:featuredmedia":[{"embeddable":true,"href":"https:\/\/www.europesays.com\/fr\/wp-json\/wp\/v2\/media\/286069"}],"wp:attachment":[{"href":"https:\/\/www.europesays.com\/fr\/wp-json\/wp\/v2\/media?parent=286068"}],"wp:term":[{"taxonomy":"category","embeddable":true,"href":"https:\/\/www.europesays.com\/fr\/wp-json\/wp\/v2\/categories?post=286068"},{"taxonomy":"post_tag","embeddable":true,"href":"https:\/\/www.europesays.com\/fr\/wp-json\/wp\/v2\/tags?post=286068"}],"curies":[{"name":"wp","href":"https:\/\/api.w.org\/{rel}","templated":true}]}}