{"id":286074,"date":"2025-07-31T06:31:20","date_gmt":"2025-07-31T06:31:20","guid":{"rendered":"https:\/\/www.europesays.com\/fr\/286074\/"},"modified":"2025-07-31T06:31:20","modified_gmt":"2025-07-31T06:31:20","slug":"leurope-vue-dans-le-vert-apres-la-fed-salve-de-resultats-au-menu-31-07-2025-a-0759","status":"publish","type":"post","link":"https:\/\/www.europesays.com\/fr\/286074\/","title":{"rendered":"L&rsquo;Europe vue dans le vert apr\u00e8s la Fed, salve de r\u00e9sultats au menu &#8211; 31\/07\/2025 \u00e0 07:59"},"content":{"rendered":"<p>        <img fetchpriority=\"high\" decoding=\"async\" src=\"https:\/\/www.europesays.com\/fr\/wp-content\/uploads\/2025\/07\/15f48e416765961c8eb0ee8748a28b35-760x508.jpg\" alt=\"Le logo d'Euronext \u00e0 la D\u00e9fense\" loading=\"eager\" width=\"760\" height=\"508\" style=\"max-width: 100%!important; height: auto;\"\/><\/p>\n<p class=\"c-image-news__legend\">Le logo d&rsquo;Euronext \u00e0 la D\u00e9fense<\/p>\n<p>\n par Mara  Vilcu\n<\/p>\n<p>\n Les principales Bourses europ\u00e9ennes sont attendues en hausse jeudi \u00e0 l&rsquo;ouverture, alors que les investisseurs dig\u00e9rent les d\u00e9cisions de politique mon\u00e9taire de la R\u00e9serve f\u00e9d\u00e9rale am\u00e9ricaine (Fed) et de la Banque du Japon (BoF), tout en analysant une s\u00e9rie de r\u00e9sultats financiers.\n<\/p>\n<p>\n D&rsquo;apr\u00e8s les premi\u00e8res indications disponibles, le CAC 40 parisien pourrait gagner 0,15% \u00e0 l&rsquo;ouverture.\n<\/p>\n<p>\n Les contrats \u00e0 terme signalent une hausse 0,24% pour le Dax \u00e0 Francfort, de 0,04% pour le FTSE \u00e0 Londres et de 0,29% pour le Stoxx 600.\n<\/p>\n<p>\n Mercredi, la Fed a comme pr\u00e9vu, maintenu ses taux directeurs inchang\u00e9s. Elle a toutefois donn\u00e9 peu d&rsquo;indications pour la suite dans une d\u00e9cision prise sans l&rsquo;accord de deux gouverneurs nomm\u00e9s par le pr\u00e9sident am\u00e9ricain Donald Trump, qui presse depuis longtemps la banque de baisser ses co\u00fbts d&#8217;emprunt.\n<\/p>\n<p>\n Le pr\u00e9sident de la Fed, Jerome Powell, s&rsquo;est montr\u00e9 prudent en ce qui concerne une \u00e9ventuelle baisse des taux directeurs de la banque centrale en septembre. \u00ab\u00a0Nous n&rsquo;avons pris aucune d\u00e9cision concernant le mois de septembre, nous ne le faisons pas \u00e0 l&rsquo;avance\u00a0\u00bb, a-t-il d\u00e9clar\u00e9 lors de la conf\u00e9rence de presse qui a suivi la r\u00e9union du FOMC, le comit\u00e9 de politique mon\u00e9taire de la banque centrale.\n<\/p>\n<p>\n \u00ab\u00a0Je pense que la Fed a repouss\u00e9 la probabilit\u00e9 d&rsquo;une baisse des taux\u00a0\u00bb, estime Sonu Varghese, strat\u00e8ge macro\u00e9conomique mondial chez Carson Group. \u00ab\u00a0Ils vont attendre davantage de donn\u00e9es, mais plus de donn\u00e9es signifie plus de temps, et plus de temps signifie que les taux vont rester restrictifs pendant encore quelques mois\u00a0\u00bb, ajoute le strat\u00e8ge.\n<\/p>\n<p>\n La Banque du Japon (BoJ) a pour sa part maintenu jeudi ses taux d&rsquo;int\u00e9r\u00eat inchang\u00e9s et a relev\u00e9 ses pr\u00e9visions d&rsquo;inflation pour l&rsquo;exercice en cours.\n<\/p>\n<p>\n En ce qui concerne les droits de douane, les Etats-Unis ont conclu un accord commercial avec la Cor\u00e9e du Sud pr\u00e9voyant que les importations sud-cor\u00e9ennes soient soumises \u00e0 des droits de douane de 15%, a annonc\u00e9 le pr\u00e9sident am\u00e9ricain mercredi.\n<\/p>\n<p>\n Les investisseurs analysent par ailleurs une nouvelle salve de r\u00e9sultats financiers des grandes entreprises, comme Soci\u00e9t\u00e9 G\u00e9n\u00e9rale, Cr\u00e9dit Agricole ou Renault.\n<\/p>\n<p>\n A WALL STREET\n<\/p>\n<p>\n La Bourse de New York a fini en ordre dispers\u00e9 mercredi apr\u00e8s que le pr\u00e9sident de la R\u00e9serve f\u00e9d\u00e9rale (Fed), Jerome Powell, a douch\u00e9 les espoirs d&rsquo;une baisse des taux imminente, \u00e0 l&rsquo;issue d&rsquo;une r\u00e9union lors de laquelle la banque centrale am\u00e9ricaine a maintenu sa politique mon\u00e9taire malgr\u00e9 des dissensions.\n<\/p>\n<p>\n L&rsquo;indice Dow Jones a c\u00e9d\u00e9 0,38%, ou 171,71 points, \u00e0 44.461,28 points.\n<\/p>\n<p>\n Le S&amp;P-500, plus large, a perdu 7,96 points, soit 0,12%, \u00e0 6.362,90 points.\n<\/p>\n<p>\n Le Nasdaq Composite a avanc\u00e9 de son c\u00f4t\u00e9 de 31,38 points (0,15%) \u00e0 21.129,67 points.\n<\/p>\n<p>\n EN ASIE\n<\/p>\n<p>\n L&rsquo;indice Nikkei a maintenu ses gains initiaux jeudi apr\u00e8s que la BoJ a gard\u00e9 ses taux d&rsquo;int\u00e9r\u00eat inchang\u00e9s, comme pr\u00e9vu, tout en r\u00e9visant \u00e0 la hausse ses pr\u00e9visions d&rsquo;inflation. La Bourse de Tokyo avance de 1,02%.\n<\/p>\n<p>\n Les actions chinoises et hongkongaises chutent jeudi, entra\u00een\u00e9es par les valeurs immobili\u00e8res et les mati\u00e8res premi\u00e8res, alors que l&rsquo;absence de signaux de relance lors de la r\u00e9union du Politburo et la morosit\u00e9 des donn\u00e9es industrielles ont pes\u00e9 sur le moral des investisseurs.\n<\/p>\n<p>\n En Chine, l&rsquo;indice composite de la Bourse de Shanghai recule de 0,57% et le CSI 300 des grandes capitalisations abandonne 0,98%.\n<\/p>\n<p>\n La Bourse de Hong Kong perd 1,07%.\n<\/p>\n<p>\n TAUX\/CHANGES\n<\/p>\n<p>\n Le yen s&rsquo;appr\u00e9cie apr\u00e8s que la BoJ a revu \u00e0 la hausse ses pr\u00e9visions d&rsquo;inflation et s&rsquo;est montr\u00e9e prudemment optimiste quant aux perspectives \u00e9conomiques, tout en d\u00e9cidant de maintenir ses taux inchang\u00e9s.\n<\/p>\n<p>\n Le yen s&rsquo;\u00e9change \u00e0 148,82 pour un dollar (+0,45%).\n<\/p>\n<p>\n De son c\u00f4t\u00e9, le dollar perd 0,13% face \u00e0 un panier de devises de r\u00e9f\u00e9rence.\n<\/p>\n<p>\n L&rsquo;euro gagne 0,28% \u00e0 1,1436 dollar.\n<\/p>\n<p>\n Sur le march\u00e9 obligataire, le rendement des Treasuries \u00e0 dix ans perd 2,2 points de base \u00e0 4,3561% apr\u00e8s les annonces de la Fed. Le deux ans abandonne 0,9 point de base \u00e0 3,9283%.\n<\/p>\n<p>\n P\u00c9TROLE\n<\/p>\n<p>\n Les prix du p\u00e9trole sont en baisse, p\u00e9nalis\u00e9s par une augmentation surprise des stocks am\u00e9ricains de brut. Les investisseurs \u00e9valuent aussi le risque de p\u00e9nurie d&rsquo;approvisionnement dans un contexte o\u00f9 le pr\u00e9sident am\u00e9ricain Donald Trump fait pression pour une r\u00e9solution rapide de la guerre en Ukraine par le biais de nouvelles taxes douani\u00e8res.\n<\/p>\n<p>\n Le Brent perd 0,26% \u00e0 73,05 dollars le baril et le brut l\u00e9ger am\u00e9ricain (West Texas Intermediate, WTI) abandonne 0,21% \u00e0 69,85 dollars.\n<\/p>\n<p>\n (r\u00e9dig\u00e9 par Mara V\u00eelcu, \u00e9dit\u00e9 par Blandine H\u00e9nault)<\/p>\n","protected":false},"excerpt":{"rendered":"Le logo d&rsquo;Euronext \u00e0 la D\u00e9fense par Mara Vilcu Les principales Bourses europ\u00e9ennes sont attendues en hausse jeudi&hellip;\n","protected":false},"author":2,"featured_media":286075,"comment_status":"","ping_status":"","sticky":false,"template":"","format":"standard","meta":{"footnotes":""},"categories":[1586],"tags":[400,11,398,408,405,1777,674,1011,27,403,402,399,404,12,25,401,406,407],"class_list":{"0":"post-286074","1":"post","2":"type-post","3":"status-publish","4":"format-standard","5":"has-post-thumbnail","7":"category-europe","8":"tag-action-cac-40","9":"tag-actualites","10":"tag-bourse-de-paris","11":"tag-boursorama","12":"tag-cotations","13":"tag-eu","14":"tag-europe","15":"tag-fr","16":"tag-france","17":"tag-indices-devises","18":"tag-investir","19":"tag-investissement","20":"tag-marche-boursier","21":"tag-news","22":"tag-republique-francaise","23":"tag-sicav","24":"tag-trackers","25":"tag-warrants"},"share_on_mastodon":{"url":"https:\/\/pubeurope.com\/@fr\/114946446846185602","error":""},"_links":{"self":[{"href":"https:\/\/www.europesays.com\/fr\/wp-json\/wp\/v2\/posts\/286074","targetHints":{"allow":["GET"]}}],"collection":[{"href":"https:\/\/www.europesays.com\/fr\/wp-json\/wp\/v2\/posts"}],"about":[{"href":"https:\/\/www.europesays.com\/fr\/wp-json\/wp\/v2\/types\/post"}],"author":[{"embeddable":true,"href":"https:\/\/www.europesays.com\/fr\/wp-json\/wp\/v2\/users\/2"}],"replies":[{"embeddable":true,"href":"https:\/\/www.europesays.com\/fr\/wp-json\/wp\/v2\/comments?post=286074"}],"version-history":[{"count":0,"href":"https:\/\/www.europesays.com\/fr\/wp-json\/wp\/v2\/posts\/286074\/revisions"}],"wp:featuredmedia":[{"embeddable":true,"href":"https:\/\/www.europesays.com\/fr\/wp-json\/wp\/v2\/media\/286075"}],"wp:attachment":[{"href":"https:\/\/www.europesays.com\/fr\/wp-json\/wp\/v2\/media?parent=286074"}],"wp:term":[{"taxonomy":"category","embeddable":true,"href":"https:\/\/www.europesays.com\/fr\/wp-json\/wp\/v2\/categories?post=286074"},{"taxonomy":"post_tag","embeddable":true,"href":"https:\/\/www.europesays.com\/fr\/wp-json\/wp\/v2\/tags?post=286074"}],"curies":[{"name":"wp","href":"https:\/\/api.w.org\/{rel}","templated":true}]}}