{"id":286084,"date":"2025-07-31T06:38:11","date_gmt":"2025-07-31T06:38:11","guid":{"rendered":"https:\/\/www.europesays.com\/fr\/286084\/"},"modified":"2025-07-31T06:38:11","modified_gmt":"2025-07-31T06:38:11","slug":"pierre-mignoni-veut-atteindre-les-objectifs-fixes-a-tout-prix-il-faut-quon-redevienne-une-equipe-beaucoup-plus-dure","status":"publish","type":"post","link":"https:\/\/www.europesays.com\/fr\/286084\/","title":{"rendered":"Pierre Mignoni veut atteindre les objectifs fix\u00e9s \u00e0 tout prix : \u00ab\u00a0Il faut qu\u2019on redevienne une \u00e9quipe beaucoup plus dure\u00a0\u00bb"},"content":{"rendered":"<p>Ce lundi le Rugby Club Toulonnais a retrouv\u00e9 les chemins du campus pour une reprise sous le soleil varois.<\/p>\n<p>En conf\u00e9rence de presse de d\u00e9but de saison, Pierre Mignoni a d\u00e9voil\u00e9 les objectifs de la saison.<\/p>\n<p>Le message du staff est clair : <strong>les ambitions sont \u00e9lev\u00e9es, mais la r\u00e9ussite passera par la rigueur, notamment mentale.<\/strong><\/p>\n<p>Le RCT vise une place dans le top 4 et un retour dans les matches \u00e0 \u00e9limination directe.<\/p>\n<p><strong>Dans des propos rapport\u00e9s par <a href=\"https:\/\/www.varmatin.com\/rugby\/la-jeune-garde-du-rct-prete-a-prendre-du-galon-996181\" rel=\"nofollow noopener\" target=\"_blank\">Var-Matin<\/a>, Pierre Mignoni n\u2019esquive pas les responsabilit\u00e9s. Extrait :<\/strong><\/p>\n<p>\u201cC\u2019est \u00e9vident qu\u2019on va essayer de faire mieux que la saison derni\u00e8re. Mais c\u2019est facile \u00e0 dire. Les saisons restent difficiles, longues, et sont de plus en plus dures.\u201d<\/p>\n<p><strong>L\u2019ancien demi de m\u00eal\u00e9e a d\u2019ailleurs identifi\u00e9 l\u2019un des chantiers prioritaires. Extrait :<\/strong><\/p>\n<p>\u201cSur l\u2019aspect mental, il nous a manqu\u00e9 des choses (la saison derni\u00e8re). Et je parle aussi de joueurs \u00e0 des postes cl\u00e9s. Je serai intransigeant, dur, et me remettrai moi aussi en question. Il faut qu\u2019on redevienne une \u00e9quipe beaucoup plus dure dans les moments difficiles. L\u2019endurance mentale, c\u2019est un aspect fondamental pour moi.\u201d<\/p>\n<p>Le ton est donn\u00e9, il n\u2019y a plus qu\u2019\u00e0 !<\/p>\n","protected":false},"excerpt":{"rendered":"Ce lundi le Rugby Club Toulonnais a retrouv\u00e9 les chemins du campus pour une reprise sous le soleil&hellip;\n","protected":false},"author":2,"featured_media":286085,"comment_status":"","ping_status":"","sticky":false,"template":"","format":"standard","meta":{"footnotes":""},"categories":[1416],"tags":[1011,27,479,1468,60],"class_list":{"0":"post-286084","1":"post","2":"type-post","3":"status-publish","4":"format-standard","5":"has-post-thumbnail","7":"category-rugby","8":"tag-fr","9":"tag-france","10":"tag-rugby","11":"tag-rugby-football","12":"tag-sports"},"share_on_mastodon":{"url":"https:\/\/pubeurope.com\/@fr\/114946474222753695","error":""},"_links":{"self":[{"href":"https:\/\/www.europesays.com\/fr\/wp-json\/wp\/v2\/posts\/286084","targetHints":{"allow":["GET"]}}],"collection":[{"href":"https:\/\/www.europesays.com\/fr\/wp-json\/wp\/v2\/posts"}],"about":[{"href":"https:\/\/www.europesays.com\/fr\/wp-json\/wp\/v2\/types\/post"}],"author":[{"embeddable":true,"href":"https:\/\/www.europesays.com\/fr\/wp-json\/wp\/v2\/users\/2"}],"replies":[{"embeddable":true,"href":"https:\/\/www.europesays.com\/fr\/wp-json\/wp\/v2\/comments?post=286084"}],"version-history":[{"count":0,"href":"https:\/\/www.europesays.com\/fr\/wp-json\/wp\/v2\/posts\/286084\/revisions"}],"wp:featuredmedia":[{"embeddable":true,"href":"https:\/\/www.europesays.com\/fr\/wp-json\/wp\/v2\/media\/286085"}],"wp:attachment":[{"href":"https:\/\/www.europesays.com\/fr\/wp-json\/wp\/v2\/media?parent=286084"}],"wp:term":[{"taxonomy":"category","embeddable":true,"href":"https:\/\/www.europesays.com\/fr\/wp-json\/wp\/v2\/categories?post=286084"},{"taxonomy":"post_tag","embeddable":true,"href":"https:\/\/www.europesays.com\/fr\/wp-json\/wp\/v2\/tags?post=286084"}],"curies":[{"name":"wp","href":"https:\/\/api.w.org\/{rel}","templated":true}]}}