{"id":286086,"date":"2025-07-31T06:39:15","date_gmt":"2025-07-31T06:39:15","guid":{"rendered":"https:\/\/www.europesays.com\/fr\/286086\/"},"modified":"2025-07-31T06:39:15","modified_gmt":"2025-07-31T06:39:15","slug":"le-programme-du-jeudi-31-juillet-a-toronto","status":"publish","type":"post","link":"https:\/\/www.europesays.com\/fr\/286086\/","title":{"rendered":"le programme du jeudi 31 juillet \u00e0 Toronto"},"content":{"rendered":"<p>                <img decoding=\"async\" src=\"https:\/\/www.europesays.com\/fr\/wp-content\/uploads\/2025\/07\/A3E6.jpg\" alt=\"Zverev, Medvedev et Musetti en piste : le programme du jeudi 31 juillet \u00e0 Toronto\"\/><\/p>\n<p><strong>Les rencontres comptant pour le troisi\u00e8me tour d\u00e9buteront jeudi \u00e0 Toronto.<\/strong><\/p>\n<p>Sur le court central, Lorenzo Musetti lancera les hostilit\u00e9s contre Alex Michelsen, avant une opposition entre Nuno Borges et Casper Ruud. \u00c0 1h du matin heure fran\u00e7aise, Alexander Zverev fera face \u00e0 Matteo Arnaldi, avant un choc entre le tenant du titre Alexei Popyrin et Daniil Medvedev.<\/p>\n<p>Quatre autres matchs seront au programme sur le Grandstand, \u00e0 commencer par la rencontre entre Karen Khachanov et Emilio Nava \u00e0 19h. Un duel argentin sera ensuite \u00e0 l\u2019affiche, Francisco Cerundolo affrontant son compatriote Tomas Etcheverry.<\/p>\n<p>En session de nuit, Reilly Opelka d\u00e9fiera Learner Tien, avant qu\u2019Holger Rune ne soit aux prises avec Alexandre M\u00fcller.<\/p>\n","protected":false},"excerpt":{"rendered":"Les rencontres comptant pour le troisi\u00e8me tour d\u00e9buteront jeudi \u00e0 Toronto. Sur le court central, Lorenzo Musetti lancera&hellip;\n","protected":false},"author":2,"featured_media":286087,"comment_status":"","ping_status":"","sticky":false,"template":"","format":"standard","meta":{"footnotes":""},"categories":[1415],"tags":[1011,27,60,1467],"class_list":{"0":"post-286086","1":"post","2":"type-post","3":"status-publish","4":"format-standard","5":"has-post-thumbnail","7":"category-tennis","8":"tag-fr","9":"tag-france","10":"tag-sports","11":"tag-tennis"},"share_on_mastodon":{"url":"https:\/\/pubeurope.com\/@fr\/114946478181520553","error":""},"_links":{"self":[{"href":"https:\/\/www.europesays.com\/fr\/wp-json\/wp\/v2\/posts\/286086","targetHints":{"allow":["GET"]}}],"collection":[{"href":"https:\/\/www.europesays.com\/fr\/wp-json\/wp\/v2\/posts"}],"about":[{"href":"https:\/\/www.europesays.com\/fr\/wp-json\/wp\/v2\/types\/post"}],"author":[{"embeddable":true,"href":"https:\/\/www.europesays.com\/fr\/wp-json\/wp\/v2\/users\/2"}],"replies":[{"embeddable":true,"href":"https:\/\/www.europesays.com\/fr\/wp-json\/wp\/v2\/comments?post=286086"}],"version-history":[{"count":0,"href":"https:\/\/www.europesays.com\/fr\/wp-json\/wp\/v2\/posts\/286086\/revisions"}],"wp:featuredmedia":[{"embeddable":true,"href":"https:\/\/www.europesays.com\/fr\/wp-json\/wp\/v2\/media\/286087"}],"wp:attachment":[{"href":"https:\/\/www.europesays.com\/fr\/wp-json\/wp\/v2\/media?parent=286086"}],"wp:term":[{"taxonomy":"category","embeddable":true,"href":"https:\/\/www.europesays.com\/fr\/wp-json\/wp\/v2\/categories?post=286086"},{"taxonomy":"post_tag","embeddable":true,"href":"https:\/\/www.europesays.com\/fr\/wp-json\/wp\/v2\/tags?post=286086"}],"curies":[{"name":"wp","href":"https:\/\/api.w.org\/{rel}","templated":true}]}}