{"id":286088,"date":"2025-07-31T06:41:12","date_gmt":"2025-07-31T06:41:12","guid":{"rendered":"https:\/\/www.europesays.com\/fr\/286088\/"},"modified":"2025-07-31T06:41:12","modified_gmt":"2025-07-31T06:41:12","slug":"jorge-martin-vise-un-podium-avant-la-fin-de-saison-2025","status":"publish","type":"post","link":"https:\/\/www.europesays.com\/fr\/286088\/","title":{"rendered":"Jorge Mart\u00edn vise un podium avant la fin de saison 2025"},"content":{"rendered":"<p>Bless\u00e9 en d\u00e9but d\u2019ann\u00e9e, Jorge Mart\u00edn a manqu\u00e9 une grande partie de la saison 2025. Apr\u00e8s plus de 240 jours hors des circuits, il a effectu\u00e9 un retour encourageant lors du Grand Prix de R\u00e9publique Tch\u00e8que avec une 7e place \u00e0 la cl\u00e9. Conscient qu\u2019il n\u2019a plus rien \u00e0 perdre, Mart\u00edn s\u2019est fix\u00e9 un cap ambitieux : d\u00e9crocher au moins un podium avant la fin de saison. Une mani\u00e8re de prouver que sa place chez Aprilia n\u2019est pas usurp\u00e9e et qu\u2019il peut rebondir malgr\u00e9 les obstacles.<\/p>\n<blockquote>\n<p>\u201cJe ne veux pas penser aux r\u00e9sultats. Mais oui, j&rsquo;ai marqu\u00e9 trois ou quatre courses sur le calendrier. En ce moment, l&rsquo;objectif est l\u00e0, je pense que nous pourrons au moins nous battre pour un podium. L\u2019objectif est de terminer l&rsquo;ann\u00e9e en montant sur le podium et d&rsquo;\u00eatre pr\u00eat \u00e0 affronter 2026\u201d Explique Mart\u00edn, source : <a href=\"http:\/\/motorsport.es\" rel=\"nofollow noopener\" target=\"_blank\">motorsport.es<\/a>\u00a0<\/p>\n<\/blockquote>\n<p><b>Un message fort \u00e0 ses adversaires et \u00e0 Aprilia<\/b><b\/><\/p>\n<p>Cette fin de saison s\u2019annonce comme un test grandeur nature pour Jorge Mart\u00edn. Apr\u00e8s des mois d\u2019absence, l\u2019Espagnol entend prouver qu\u2019il est toujours l\u2019un des pilotes les plus redoutables de la grille. En visant le podium, il s\u2019affirme comme un comp\u00e9titeur d\u00e9termin\u00e9, pr\u00eat \u00e0 revenir au sommet malgr\u00e9 les emb\u00fbches.<\/p>\n<p>Mais cet objectif est aussi un message clair \u00e0 destination de son \u00e9quipe. Certaines rumeurs font \u00e9tat de tensions en interne, li\u00e9es \u00e0 son int\u00e9gration et \u00e0 ses performances post-blessure. En retrouvant les avant-postes, Mart\u00edn veut non seulement rappeler \u00e0 Aprilia qu\u2019il est un leader potentiel, mais aussi poser les bases d\u2019une relation plus stable ou, \u00e0 d\u00e9faut, montrer \u00e0 d&rsquo;autres \u00e9curies qu\u2019il reste un atout de choix pour l\u2019avenir.<\/p>\n<p>Mart\u00edn veut finir fort. Son objectif de podium symbolise bien plus qu\u2019un simple r\u00e9sultat : c\u2019est une d\u00e9monstration de force, un message \u00e0 Aprilia et \u00e0 ses rivaux. L\u2019Espagnol est de retour, et il compte bien le faire savoir.<\/p>\n<p>    Partagez cette info avec vos amis et vos proches en cliquant ici  <\/p>\n<p> Podcasts \u00e0 la une MEN LIFE <\/p>\n<p>    MotoGP : Jorge Mart\u00edn veut terminer en fanfare, Aprilia sous pression<\/p>\n<p>De retour apr\u00e8s une longue absence, Jorge Mart\u00edn, pilote Aprilia affiche un objectif clair : d\u00e9crocher un podium d\u2019ici la fin de saison. Une ambition forte pour prouver sa valeur \u00e0 son \u00e9quipe et au reste du plateau MotoGP.<\/p>\n<p>R\u00e9dacteur<\/p>\n<p><img decoding=\"async\" width=\"76\" height=\"76\" loading=\"lazy\" src=\"https:\/\/www.europesays.com\/fr\/wp-content\/uploads\/2025\/04\/avatar-sport-am.png\" alt=\"Victor Teyssier\"\/><\/p>\n","protected":false},"excerpt":{"rendered":"Bless\u00e9 en d\u00e9but d\u2019ann\u00e9e, Jorge Mart\u00edn a manqu\u00e9 une grande partie de la saison 2025. Apr\u00e8s plus de&hellip;\n","protected":false},"author":2,"featured_media":286089,"comment_status":"","ping_status":"","sticky":false,"template":"","format":"standard","meta":{"footnotes":""},"categories":[1413],"tags":[1011,27,1457,1456,60],"class_list":{"0":"post-286088","1":"post","2":"type-post","3":"status-publish","4":"format-standard","5":"has-post-thumbnail","7":"category-moto","8":"tag-fr","9":"tag-france","10":"tag-moto","11":"tag-motocycle","12":"tag-sports"},"share_on_mastodon":{"url":"https:\/\/pubeurope.com\/@fr\/114946486076632408","error":""},"_links":{"self":[{"href":"https:\/\/www.europesays.com\/fr\/wp-json\/wp\/v2\/posts\/286088","targetHints":{"allow":["GET"]}}],"collection":[{"href":"https:\/\/www.europesays.com\/fr\/wp-json\/wp\/v2\/posts"}],"about":[{"href":"https:\/\/www.europesays.com\/fr\/wp-json\/wp\/v2\/types\/post"}],"author":[{"embeddable":true,"href":"https:\/\/www.europesays.com\/fr\/wp-json\/wp\/v2\/users\/2"}],"replies":[{"embeddable":true,"href":"https:\/\/www.europesays.com\/fr\/wp-json\/wp\/v2\/comments?post=286088"}],"version-history":[{"count":0,"href":"https:\/\/www.europesays.com\/fr\/wp-json\/wp\/v2\/posts\/286088\/revisions"}],"wp:featuredmedia":[{"embeddable":true,"href":"https:\/\/www.europesays.com\/fr\/wp-json\/wp\/v2\/media\/286089"}],"wp:attachment":[{"href":"https:\/\/www.europesays.com\/fr\/wp-json\/wp\/v2\/media?parent=286088"}],"wp:term":[{"taxonomy":"category","embeddable":true,"href":"https:\/\/www.europesays.com\/fr\/wp-json\/wp\/v2\/categories?post=286088"},{"taxonomy":"post_tag","embeddable":true,"href":"https:\/\/www.europesays.com\/fr\/wp-json\/wp\/v2\/tags?post=286088"}],"curies":[{"name":"wp","href":"https:\/\/api.w.org\/{rel}","templated":true}]}}