{"id":286090,"date":"2025-07-31T06:42:09","date_gmt":"2025-07-31T06:42:09","guid":{"rendered":"https:\/\/www.europesays.com\/fr\/286090\/"},"modified":"2025-07-31T06:42:09","modified_gmt":"2025-07-31T06:42:09","slug":"boostes-par-marchand-les-bleus-recus-trois-sur-trois-en-series-eurosport","status":"publish","type":"post","link":"https:\/\/www.europesays.com\/fr\/286090\/","title":{"rendered":"Boost\u00e9s par Marchand, les Bleus re\u00e7us trois sur trois en s\u00e9ries &#8211; Eurosport"},"content":{"rendered":"<ol>\n<li><a href=\"https:\/\/news.google.com\/rss\/articles\/CBMi_AFBVV95cUxNdFVRQWRKNV9oZURSRG43Z1JRaXc4WjlIOGMzZHFFTDROSTVsNzRBejZOZ2hKbkk1dGI2Vm1WZTk5UGh2aDNPSVRxQnJjTll3SWRna1ZHZ2NtNVI2eUZEVUc5UUE0LUtTX3FKVGZ0YnBnbndWdG5oS1hTVTZOdkY5SkFSb0ZlNHB3ZXlpS05vSG5nUkVraG1pWDhCM0tkRTZVTmhkbWdOSlRPdDU3UGxJU2poak8wRE5IWFg0ZXNkclNwdllZams2LUdfTkVqNWJkblgwUzhhdnhBa0p2eXBBSjZjVENROHZwT3hqeEEweVV5ZjFFSzJKQ3Q0Q04?oc=5\" target=\"_blank\" rel=\"nofollow noopener\">Boost\u00e9s par Marchand, les Bleus re\u00e7us trois sur trois en s\u00e9ries<\/a>&nbsp;&nbsp;Eurosport<\/li>\n<li><a href=\"https:\/\/news.google.com\/rss\/articles\/CBMiwwFBVV95cUxQcnNOX3V4el9HcHEySVFJLXJ4Qmx2RlVGbUdmSUdYR2w5SnNYVUZyaXZQSzZPYzF0R2xzLURyc2pET1hTZXgxUVFGOTJ1MXEwdWdvQzg1R1QyT0JjMGVpVkZtQTJMMkd5QWsxcHJLRmwyY0VORm9DeF9VNjZncFY4MzNNVk1qMHl0RDlXcnN4eEZWUXJBemdjdWpoMW1GSnlDWF9UTi12R0pHTUpNZ1FKanAxcnJ0dnpnODIwdXFMTXZsdm8?oc=5\" target=\"_blank\" rel=\"nofollow noopener\">Gastaldello, Ndoye-Brouard et Herlem qualifi\u00e9s en demi-finales des Mondiaux<\/a>&nbsp;&nbsp;L&rsquo;\u00c9quipe<\/li>\n<li><a href=\"https:\/\/news.google.com\/rss\/articles\/CBMi3wFBVV95cUxQSzFjVzR6dFpVczVOVHJTbnZNbUI2OURYcXItckt1WjFOd1BMNlBaS1NvNXdnN1R5ZHpJamhpODVJU1VwT212WXh4bWgzVHNFcE5mcHFoVE1HRUU3TFpTaENGeEV1TThfcy01cURtVEF5ZkJMdXJSSVdabV9jV2RSbHJHQXFROWlYV3lyV0FRTmxJSHNpcFN2LVlJei1tOVhDODNLSzhCWTJNenBHLW8yeHFwYW9tcnczY2JaRGU0NnRBUjVNeFExUW5rSTJKTDcyanI5M1M4dFRwT1lHWm5N?oc=5\" target=\"_blank\" rel=\"nofollow noopener\">Mondiaux de natation : \u00abj\u2019ai eu du mal \u00e0 dormir apr\u00e8s ma m\u00e9daille\u00bb, confesse Yohann Ndoye-Brouard<\/a>&nbsp;&nbsp;Le Figaro<\/li>\n<li><a href=\"https:\/\/news.google.com\/rss\/articles\/CBMi4wFBVV95cUxOd1pyOTRKaE1GOHBrUFZMcTJudE5qOE9zck05NktTbllHSUZtcGJSWXY3NWcxY1FPTkRyQzlkUlVTN3RhWXM3c3lHaWVTOUxhQkh1NlhObG9JUk1tSUVOWHZnVFgwSVN5bXFFdG9UcDBQLWRpM0dhckctRUpUVlkzQ1I1TTg2RWhSMzdmaU5LYnlKbDhkUHFfcXZnWUNydVNfTlFfUWJjMGlUdVVPQ1NnZDdMbUhNRGE2bmozTXpkMk9FekRxUlZTV1JMRzE3c0s2dFhIZ19SWERpQ1FYbXhRY0ZpNA?oc=5\" target=\"_blank\" rel=\"nofollow noopener\">Yohann Ndoye-Brouard, en bronze sur 100 m dos, savoure une premi\u00e8re m\u00e9daille lors du championnat du monde de natation<\/a>&nbsp;&nbsp;Le Monde.fr<\/li>\n<li><a href=\"https:\/\/news.google.com\/rss\/articles\/CBMi9AFBVV95cUxNMTkxUGV5U3l1ckxGZUJuY3lOOWVtQm5jOXFwWGRTTVExUmRzSFpZZW4xVjU5TG5EdlM0VzJ4WnBEb0dTalVBcy1WOU9DSHJXOTJiZ3FveHpXWUVLLXB3Ujd2WTc4SFBac1VuS2VyMUkxa20ySk5BR2V2M0xQaVRLVmdfaVhNSEhXZGFtV3BCUTZuRlBsUHJyRlROME5YN3VBOWpyMTMtb2VxWWhkNnZRMFhiT3ZtbVN5MG5rMnJUNWlvamNyTG5fZk04eXRNVWhxNWJ3MDBaeGpTMEM1cjVkVzZmQndhUnM3bHlrMHVWN0ZJUm5C?oc=5\" target=\"_blank\" rel=\"nofollow noopener\">Mondiaux de natation 2025 : Ndoye-Brouard en bronze sur 100m dos, Kirpichni\u2026<\/a>&nbsp;&nbsp;20 Minutes<\/li>\n<\/ol>\n","protected":false},"excerpt":{"rendered":"Boost\u00e9s par Marchand, les Bleus re\u00e7us trois sur trois en s\u00e9ries&nbsp;&nbsp;Eurosport Gastaldello, Ndoye-Brouard et Herlem qualifi\u00e9s en demi-finales&hellip;\n","protected":false},"author":2,"featured_media":1445,"comment_status":"","ping_status":"","sticky":false,"template":"","format":"standard","meta":{"footnotes":""},"categories":[1412],"tags":[1451,1452,1453,1454,1455,1011,27,60],"class_list":{"0":"post-286090","1":"post","2":"type-post","3":"status-publish","4":"format-standard","5":"has-post-thumbnail","7":"category-f1","8":"tag-f1","9":"tag-formula-1","10":"tag-formula1","11":"tag-formule-1","12":"tag-formule1","13":"tag-fr","14":"tag-france","15":"tag-sports"},"share_on_mastodon":{"url":"https:\/\/pubeurope.com\/@fr\/114946489918694387","error":""},"_links":{"self":[{"href":"https:\/\/www.europesays.com\/fr\/wp-json\/wp\/v2\/posts\/286090","targetHints":{"allow":["GET"]}}],"collection":[{"href":"https:\/\/www.europesays.com\/fr\/wp-json\/wp\/v2\/posts"}],"about":[{"href":"https:\/\/www.europesays.com\/fr\/wp-json\/wp\/v2\/types\/post"}],"author":[{"embeddable":true,"href":"https:\/\/www.europesays.com\/fr\/wp-json\/wp\/v2\/users\/2"}],"replies":[{"embeddable":true,"href":"https:\/\/www.europesays.com\/fr\/wp-json\/wp\/v2\/comments?post=286090"}],"version-history":[{"count":0,"href":"https:\/\/www.europesays.com\/fr\/wp-json\/wp\/v2\/posts\/286090\/revisions"}],"wp:featuredmedia":[{"embeddable":true,"href":"https:\/\/www.europesays.com\/fr\/wp-json\/wp\/v2\/media\/1445"}],"wp:attachment":[{"href":"https:\/\/www.europesays.com\/fr\/wp-json\/wp\/v2\/media?parent=286090"}],"wp:term":[{"taxonomy":"category","embeddable":true,"href":"https:\/\/www.europesays.com\/fr\/wp-json\/wp\/v2\/categories?post=286090"},{"taxonomy":"post_tag","embeddable":true,"href":"https:\/\/www.europesays.com\/fr\/wp-json\/wp\/v2\/tags?post=286090"}],"curies":[{"name":"wp","href":"https:\/\/api.w.org\/{rel}","templated":true}]}}