{"id":286095,"date":"2025-07-31T06:45:13","date_gmt":"2025-07-31T06:45:13","guid":{"rendered":"https:\/\/www.europesays.com\/fr\/286095\/"},"modified":"2025-07-31T06:45:13","modified_gmt":"2025-07-31T06:45:13","slug":"revelation-malaisante-sur-sa-jeune-compagne-et-ca-a-a-voir-avec-son-fils-milo","status":"publish","type":"post","link":"https:\/\/www.europesays.com\/fr\/286095\/","title":{"rendered":"r\u00e9v\u00e9lation malaisante sur sa jeune compagne et \u00e7a a \u00e0 voir avec son fils Milo"},"content":{"rendered":"<p>Il pensait pouvoir se fondre dans la masse et se murer dans le silence. Mais la v\u00e9rit\u00e9 ressurgit, brutale, <strong>quinze ans apr\u00e8s<\/strong> le suicide de Krisztina Rady. La justice vient de rouvrir l\u2019enqu\u00eate, relan\u00e7ant un d\u00e9bat qu\u2019on croyait clos. Et ce n\u2019est pas tout. Tandis que les projecteurs se braquent \u00e0 nouveau sur Bertrand Cantat, <strong>une r\u00e9v\u00e9lation d\u00e9rangeante<\/strong> s\u2019ajoute \u00e0 longue liste de griefs.<\/p>\n<p>Depuis plusieurs ann\u00e9es, l\u2019ancien leader de Noir D\u00e9sir vit avec sa compagne, de plusieurs ann\u00e9es sa cadette. <strong>Tr\u00e8s jeune<\/strong>. Trop jeune ? Le malaise est d\u2019autant plus grand que cette derni\u00e8re aurait \u00e9t\u00e9\u2026 <strong>dans le m\u00eame lyc\u00e9e<\/strong> <strong>que Milo<\/strong>, son fils. Une information confirm\u00e9e par plusieurs sources locales \u00e0 Paris Match, et qui r\u00e9veille un profond malaise. Cette proximit\u00e9 interroge, d\u00e9range, et jette une lumi\u00e8re froide sur l&rsquo;intimit\u00e9 du chanteur qui a d\u00e9j\u00e0 bris\u00e9 tant de vies. Comme si Bertrand Cantat continuait d\u2019exercer son pouvoir de fascination, m\u00eame aupr\u00e8s des plus jeunes, malgr\u00e9 <strong>son pass\u00e9 criminel<\/strong>.<\/p>\n<p>Milo, l&rsquo;ombre et le trouble<\/p>\n<p>Cette relation entre Bertrand Cantat et sa jeune compagne fait d\u2019autant plus de bruit qu\u2019elle implique directement son fils, Milo. Ce dernier aurait fr\u00e9quent\u00e9 le m\u00eame \u00e9tablissement que la jeune femme, \u00e0 Bordeaux. <strong>Une co\u00efncidence ?<\/strong> Peut-\u00eatre. Mais les symboles, eux, ne mentent pas. (&#8230;)<\/p>\n<p><a href=\"https:\/\/www.closermag.fr\/people\/bertrand-cantat-revelation-malaisante-sur-sa-jeune-compagne-et-ca-a-a-voir-avec-son-fils-milo-3568156\" rel=\"nofollow noopener\" target=\"_blank\" data-ylk=\"slk:Lire la suite sur Closer;elm:context_link;itc:0;sec:content-canvas\" class=\"link \">Lire la suite sur Closer<\/a><\/p>\n<p><a href=\"https:\/\/www.closermag.fr\/people\/cyril-hanouna-a-saint-tropez-ses-vacances-ne-plaisent-pas-a-tout-le-monde-son-yacht-lamborghini-3568189\" rel=\"nofollow noopener\" target=\"_blank\" data-ylk=\"slk:Cyril Hanouna \u00e0 Saint-Tropez : ses vacances ne plaisent pas \u00e0 tout le monde, \u201cson yacht Lamborghini\u2026\u201d;elm:context_link;itc:0;sec:content-canvas\" class=\"link \">Cyril Hanouna \u00e0 Saint-Tropez : ses vacances ne plaisent pas \u00e0 tout le monde, \u201cson yacht Lamborghini\u2026\u201d<\/a><br \/><a href=\"https:\/\/www.closermag.fr\/people\/mort-dalain-delon-avant-la-date-fatidique-un-message-sans-ambages-a-anouchka-et-alain-fabien-3568175\" rel=\"nofollow noopener\" target=\"_blank\" data-ylk=\"slk:Mort d\u2019Alain Delon : avant la \u201cdate fatidique\u201d, un message sans ambages \u00e0 Anouchka et Alain-Fabien;elm:context_link;itc:0;sec:content-canvas\" class=\"link \">Mort d\u2019Alain Delon : avant la \u201cdate fatidique\u201d, un message sans ambages \u00e0 Anouchka et Alain-Fabien<\/a><br \/><a href=\"https:\/\/www.closermag.fr\/royautes\/kate-et-william-et-leurs-enfants-en-grece-ce-megayacht-emprunte-va-faire-taire-les-mauvaises-langues-3568179\" rel=\"nofollow noopener\" target=\"_blank\" data-ylk=\"slk:Kate et William et leurs enfants en Gr\u00e8ce : ce megayacht emprunt\u00e9 va faire taire les mauvaises langues;elm:context_link;itc:0;sec:content-canvas\" class=\"link \">Kate et William et leurs enfants en Gr\u00e8ce : ce megayacht emprunt\u00e9 va faire taire les mauvaises langues<\/a><br \/><a href=\"https:\/\/www.closermag.fr\/people\/patrick-sebastien-dans-la-tourmente-son-avocat-aurait-pu-se-passer-de-cette-reaction-puerile-3568167\" rel=\"nofollow noopener\" target=\"_blank\" data-ylk=\"slk:Patrick S\u00e9bastien dans la tourmente : son avocat aurait pu se passer de cette r\u00e9action pu\u00e9rile;elm:context_link;itc:0;sec:content-canvas\" class=\"link \">Patrick S\u00e9bastien dans la tourmente : son avocat aurait pu se passer de cette r\u00e9action pu\u00e9rile<\/a><br \/><a href=\"https:\/\/www.closermag.fr\/people\/bertrand-cantat-retranche-chez-lui-sa-nouvelle-vie-dans-les-landes-avec-sa-compagne-3568166\" rel=\"nofollow noopener\" target=\"_blank\" data-ylk=\"slk:Bertrand Cantat \u201cretranch\u00e9 chez lui\u201d : sa nouvelle vie dans les Landes avec sa compagne;elm:context_link;itc:0;sec:content-canvas\" class=\"link \">Bertrand Cantat \u201cretranch\u00e9 chez lui\u201d : sa nouvelle vie dans les Landes avec sa compagne<\/a><\/p>\n","protected":false},"excerpt":{"rendered":"Il pensait pouvoir se fondre dans la masse et se murer dans le silence. Mais la v\u00e9rit\u00e9 ressurgit,&hellip;\n","protected":false},"author":2,"featured_media":286096,"comment_status":"","ping_status":"","sticky":false,"template":"","format":"standard","meta":{"footnotes":""},"categories":[1359],"tags":[456,58,59,1011,27,42495,15823,973,20834],"class_list":{"0":"post-286095","1":"post","2":"type-post","3":"status-publish","4":"format-standard","5":"has-post-thumbnail","7":"category-people","8":"tag-bertrand-cantat","9":"tag-divertissement","10":"tag-entertainment","11":"tag-fr","12":"tag-france","13":"tag-krisztina-rady","14":"tag-la-verite","15":"tag-people","16":"tag-son-fils"},"share_on_mastodon":{"url":"https:\/\/pubeurope.com\/@fr\/114946501670284413","error":""},"_links":{"self":[{"href":"https:\/\/www.europesays.com\/fr\/wp-json\/wp\/v2\/posts\/286095","targetHints":{"allow":["GET"]}}],"collection":[{"href":"https:\/\/www.europesays.com\/fr\/wp-json\/wp\/v2\/posts"}],"about":[{"href":"https:\/\/www.europesays.com\/fr\/wp-json\/wp\/v2\/types\/post"}],"author":[{"embeddable":true,"href":"https:\/\/www.europesays.com\/fr\/wp-json\/wp\/v2\/users\/2"}],"replies":[{"embeddable":true,"href":"https:\/\/www.europesays.com\/fr\/wp-json\/wp\/v2\/comments?post=286095"}],"version-history":[{"count":0,"href":"https:\/\/www.europesays.com\/fr\/wp-json\/wp\/v2\/posts\/286095\/revisions"}],"wp:featuredmedia":[{"embeddable":true,"href":"https:\/\/www.europesays.com\/fr\/wp-json\/wp\/v2\/media\/286096"}],"wp:attachment":[{"href":"https:\/\/www.europesays.com\/fr\/wp-json\/wp\/v2\/media?parent=286095"}],"wp:term":[{"taxonomy":"category","embeddable":true,"href":"https:\/\/www.europesays.com\/fr\/wp-json\/wp\/v2\/categories?post=286095"},{"taxonomy":"post_tag","embeddable":true,"href":"https:\/\/www.europesays.com\/fr\/wp-json\/wp\/v2\/tags?post=286095"}],"curies":[{"name":"wp","href":"https:\/\/api.w.org\/{rel}","templated":true}]}}