{"id":286105,"date":"2025-07-31T06:51:10","date_gmt":"2025-07-31T06:51:10","guid":{"rendered":"https:\/\/www.europesays.com\/fr\/286105\/"},"modified":"2025-07-31T06:51:10","modified_gmt":"2025-07-31T06:51:10","slug":"nul-besoin-de-faire-10000-pas-par-jour-pour-etre-en-pleine-forme-et-cest-la-science-qui-le-prouve","status":"publish","type":"post","link":"https:\/\/www.europesays.com\/fr\/286105\/","title":{"rendered":"Nul besoin de faire 10000 pas par jour pour \u00eatre en pleine forme, et c&rsquo;est la science qui le prouve"},"content":{"rendered":"<p class=\"rev-margin-0 rev-text-sm-bold\">La r\u00e9daction n&rsquo;a pas particip\u00e9 \u00e0 la r\u00e9alisation de ce contenu<\/p>\n<p>Pourtant, les scientifiques vont \u00e0 contre\u2010courant de cette cible qui semble fig\u00e9e dans le temps : les \u00e9tudes r\u00e9centes montrent que<strong> de v\u00e9ritables bienfaits pour la sant\u00e9 apparaissent d\u00e8s les premiers pas suppl\u00e9mentaires du quotidien<\/strong>, bien en\u2010de\u00e7\u00e0 des 10 000. Quel que soit l\u2019\u00e2ge ou le niveau de forme, chaque pas compte! L\u2019essentiel est d\u2019ancrer la marche dans une routine active adapt\u00e9e, en tenant compte de ses capacit\u00e9s, de son \u00e2ge et de son mode de vie, plut\u00f4t que de se fixer un objectif universel souvent inadapt\u00e9. Un r\u00e9\u00e9quilibrage salutaire, soulign\u00e9 par des voix m\u00e9dicales et sportives, qui rappelle l\u2019essentiel : vivre mieux ne passe pas par la pression d\u2019un score arbitraire, mais par la constance et le plaisir du mouvement int\u00e9gr\u00e9 au quotidien.<\/p>\n<p>L\u2019origine marketing du \u00ab 10 000 pas \u00bb et sa port\u00e9e symbolique<\/p>\n<p>L\u2019histoire des fameux <strong>10 000 pas<\/strong> commence loin de toute rigueur scientifique. C\u2019est au c\u0153ur du Japon, \u00e0 Tokyo, que ce chiffre devient populaire \u00e0 l\u2019occasion des Jeux olympiques de 1964. Une entreprise lance alors le premier podom\u00e8tre grand public, le <strong>Manpo-kei<\/strong>, dont le nom signifie litt\u00e9ralement <strong>\u00ab compteur de dix mille pas \u00bb<\/strong>. L\u2019id\u00e9e de fixer cet objectif s\u00e9duit : facile \u00e0 retenir, symbolique dans la culture nippone o\u00f9 le nombre dix mille \u00e9voque l\u2019abondance et la pl\u00e9nitude, il rencontre un franc succ\u00e8s.<\/p>\n<p>Aucune base scientifique solide<strong> n\u2019a alors valid\u00e9 ce chiffre <\/strong>: il a \u00e9t\u00e9 choisi pour son impact marketing et sa simplicit\u00e9. Tr\u00e8s vite, les campagnes de communication et la m\u00e9diatisation diffusent le \u00ab 10 000 pas \u00bb \u00e0 travers le monde, o\u00f9 il devient rapidement per\u00e7u comme un crit\u00e8re incontournable de bonne sant\u00e9. Mais, \u00e0 y regarder de plus pr\u00e8s, cette norme universelle repose davantage sur<strong> une op\u00e9ration publicitaire<\/strong> que sur l\u2019avis d\u2019experts ou des donn\u00e9es cliniques.<\/p>\n<p>Encore aujourd\u2019hui, beaucoup ignorent l\u2019origine r\u00e9elle de cet objectif et se sentent coupables de ne pas l\u2019atteindre, oubliant que ce sont surtout les pas accumul\u00e9s au fil des activit\u00e9s quotidiennes (m\u00e9nage, courses, d\u00e9placements) qui font la diff\u00e9rence. Des m\u00e9decins rappellent ainsi dans <strong>The Lancet Public Health <\/strong>que le pi\u00e8ge du \u00ab 10 000 pas \u00bb fait souvent oublier la <strong>dimension qualitative de la marche<\/strong> et le plaisir d\u2019un mouvement adapt\u00e9. L\u2019essentiel n\u2019est pas de se conformer \u00e0 une norme arbitraire, mais d\u2019adopter une routine bien-\u00eatre r\u00e9aliste et agr\u00e9able.<\/p>\n<p>Les recommandations officielles ne reposent pas sur le mythe des 10 000 pas<\/p>\n<p>Alors que l\u2019Organisation Mondiale de la Sant\u00e9 (OMS) et d\u2019autres grandes instances publient des directives en mati\u00e8re d\u2019activit\u00e9 physique,<strong> aucune recommandation m\u00e9dicale officielle n\u2019impose les 10 000 pas<\/strong>. Ces organismes encouragent plut\u00f4t l\u2019accumulation d\u2019efforts tout au long de la journ\u00e9e, privil\u00e9giant la r\u00e9gularit\u00e9 \u00e0 la performance. Selon de nombreux experts, l\u2019approche \u00ab tout ou rien \u00bb conduit souvent \u00e0 la d\u00e9motivation : face \u00e0 un objectif jug\u00e9 trop difficile, certains abandonnent l\u2019id\u00e9e m\u00eame d\u2019int\u00e9grer la marche \u00e0 leur quotidien.<\/p>\n<p>Les professionnels de sant\u00e9 insistent sur l\u2019importance de personnaliser ses <strong>objectifs<\/strong>. Chaque individu part d\u2019un niveau diff\u00e9rent :<strong> un retrait\u00e9 actif n\u2019aura pas la m\u00eame tol\u00e9rance qu\u2019un jeune adulte s\u00e9dentaire<\/strong>, ni qu\u2019une m\u00e8re de famille jonglant entre travail et enfants. L\u2019id\u00e9e est d\u2019augmenter progressivement son nombre de pas, quel que soit le point de d\u00e9part. D\u2019ailleurs, la majorit\u00e9 des pas quotidiens provient de d\u00e9placements ordinaires : pr\u00e9parer un repas, aller au travail, marcher dans son domicile. C\u2019est cette accumulation qui a le plus d\u2019impact, surtout lorsqu\u2019elle s\u2019inscrit dans un rythme mod\u00e9r\u00e9 et r\u00e9gulier.<\/p>\n<p>Les cardiologues sont unanimes : \u00ab L\u2019id\u00e9al n\u2019est pas de se focaliser sur les 10 000 pas, mais d\u2019obtenir des <strong>b\u00e9n\u00e9fices mesurables \u00e0 la port\u00e9e de chacun<\/strong>. Des pans entiers de la population constatent d\u00e9j\u00e0, d\u00e8s 3 000 \u00e0 4 000 pas, une r\u00e9duction notable du risque cardiovasculaire et de la mortalit\u00e9. \u00bb Les recommandations \u00e9voluent donc vers une \u00ab sant\u00e9 \u00e0 la carte \u00bb, adapt\u00e9e \u00e0 l\u2019\u00e2ge, \u00e0 la condition physique et aux besoins individuels.<\/p>\n<p>La r\u00e9alit\u00e9 des donn\u00e9es scientifiques<\/p>\n<p>Une certitude se d\u00e9gage des recherches les plus r\u00e9centes, publi\u00e9es dans The Lancet Public Health ou JAMA : l\u2019id\u00e9e d\u2019un palier unique est d\u00e9pass\u00e9e. Les premiers pas comptent \u00e9norm\u00e9ment, et la courbe des b\u00e9n\u00e9fices pour la sant\u00e9 s\u2019att\u00e9nue au-del\u00e0 de certains seuils.<\/p>\n<p>Des \u00e9tudes men\u00e9es sur plusieurs continents entre 2020 et 2024 montrent que<strong> les gains concernant le risque cardiovasculaire, le diab\u00e8te, le d\u00e9clin cognitif, certains cancers ou la d\u00e9pression <\/strong>apparaissent bien avant d\u2019atteindre les 10 000 pas. Ces r\u00e9sultats allient expertise m\u00e9dicale et t\u00e9moignages de milliers de participants confront\u00e9s \u00e0 la r\u00e9alit\u00e9 de leur quotidien.<\/p>\n<p><strong>Les bienfaits commencent d\u00e8s 2 500 \u00e0 3 000 pas<\/strong><\/p>\n<p>Un objectif trop \u00e9lev\u00e9 peut d\u00e9courager et freiner l\u2019adoption d\u2019une activit\u00e9 r\u00e9guli\u00e8re. Pourtant, plusieurs \u00e9quipes de recherche ont d\u00e9montr\u00e9 que <strong>2 500 \u00e0 3 000 pas par jour suffisent d\u00e9j\u00e0 \u00e0 d\u00e9clencher des am\u00e9liorations significatives<\/strong>, notamment chez les personnes peu actives au d\u00e9part. Selon une \u00e9tude parue dans The Lancet Public Health, chaque bloc suppl\u00e9mentaire de 500 \u00e0 1 000 pas r\u00e9duit progressivement le risque de maladies.<\/p>\n<p>Les participants aux diff\u00e9rentes \u00e9tudes t\u00e9moignent souvent : \u00ab Au d\u00e9but, j\u2019arrivais \u00e0 peine \u00e0 3 000 pas, mais je me sentais moins essouffl\u00e9 et plus en forme. Aujourd\u2019hui, sans pression, j\u2019atteins r\u00e9guli\u00e8rement ce nombre, et mon m\u00e9decin constate d\u00e9j\u00e0 l\u2019\u00e9volution de mes param\u00e8tres. \u00bb Cet exemple illustre que <strong>chaque pas compte<\/strong>. Les occasions d\u2019en faire sont nombreuses : monter les escaliers, promener le chien, aller chercher du pain. La cl\u00e9 ?<strong> La r\u00e9gularit\u00e9 et le plaisir<\/strong>, plut\u00f4t qu\u2019un objectif d\u00e9courageant.<\/p>\n<p><strong>7 000 pas quotidiens : le seuil cl\u00e9 pour r\u00e9duire le risque de maladies graves<\/strong><\/p>\n<p>Plusieurs m\u00e9ta-analyses internationales r\u00e9alis\u00e9es depuis 2022 montrent que <strong>le v\u00e9ritable tournant<\/strong> pour la pr\u00e9vention des maladies graves se situe entre <strong>7 000 et 8 000 pas quotidiens<\/strong>. \u00c0 ce niveau, on observe un recul significatif du risque cardiovasculaire, du diab\u00e8te de type 2 et des accidents vasculaires c\u00e9r\u00e9braux. Les b\u00e9n\u00e9fices sont visibles tant chez les actifs que chez les seniors : chez les moins de 60 ans, la r\u00e9duction maximale du risque survient autour de 8 000 \u00e0 10 000 pas, tandis que pour les plus de 60 ans, les meilleurs effets sont d\u00e9j\u00e0 perceptibles entre 6 000 et 8 000 pas.<\/p>\n<p>Les sp\u00e9cialistes en sant\u00e9 publique nuancent toutefois ce constat : \u00ab Augmenter son nombre de pas ne se traduit pas toujours par des<strong> gains proportionnels<\/strong>. Au\u2010del\u00e0 de 7 000 pas, chaque incr\u00e9ment reste utile, mais son impact diminue. Il faut bannir l\u2019id\u00e9e que le bien\u2010\u00eatre ne commence qu\u2019\u00e0 10 000 pas et privil\u00e9gier une marche adapt\u00e9e, intelligente et int\u00e9gr\u00e9e au mode de vie. \u00bb<\/p>\n<p>Int\u00e9grer une activit\u00e9 physique accessible dans une hygi\u00e8ne de vie globale (bien s\u2019hydrater, pr\u00e9server un sommeil de qualit\u00e9, g\u00e9rer son stress) s\u2019av\u00e8re essentiel pour la sant\u00e9 \u00e0 long terme. De nombreux t\u00e9moignages confirment qu\u2019un \u00e9quilibre entre marche adapt\u00e9e, pauses r\u00e9guli\u00e8res et <strong>r\u00e9alit\u00e9s du quotidien<\/strong> apporte durablement \u00e9nergie et bien\u2010\u00eatre :<strong> chaque jour, chaque pas, chaque sensation de vitalit\u00e9 contribue \u00e0 la sant\u00e9 de demain<\/strong>.<\/p>\n<p><strong>R\u00e9f\u00e9rences :<\/strong><\/p>\n<ul>\n<li>https:\/\/journals.plos.org\/plosone\/article?id=10.1371\/journal.pone.0323759<\/li>\n<li>https:\/\/bjsm.bmj.com\/content\/58\/5\/261<\/li>\n<li>https:\/\/link.springer.com\/article\/10.1186\/s12966-020-00978-9<\/li>\n<\/ul>\n","protected":false},"excerpt":{"rendered":"La r\u00e9daction n&rsquo;a pas particip\u00e9 \u00e0 la r\u00e9alisation de ce contenu Pourtant, les scientifiques vont \u00e0 contre\u2010courant de&hellip;\n","protected":false},"author":2,"featured_media":286106,"comment_status":"","ping_status":"","sticky":false,"template":"","format":"standard","meta":{"footnotes":""},"categories":[10],"tags":[42496,17,26269,4560,1011,27,72,4432,40408,5912,5261,71],"class_list":{"0":"post-286105","1":"post","2":"type-post","3":"status-publish","4":"format-standard","5":"has-post-thumbnail","7":"category-sante","8":"tag-42496","9":"tag-17","10":"tag-besoin","11":"tag-faire","12":"tag-fr","13":"tag-france","14":"tag-health","15":"tag-jour","16":"tag-nul","17":"tag-par","18":"tag-pas","19":"tag-sante"},"share_on_mastodon":{"url":"https:\/\/pubeurope.com\/@fr\/114946525359158728","error":""},"_links":{"self":[{"href":"https:\/\/www.europesays.com\/fr\/wp-json\/wp\/v2\/posts\/286105","targetHints":{"allow":["GET"]}}],"collection":[{"href":"https:\/\/www.europesays.com\/fr\/wp-json\/wp\/v2\/posts"}],"about":[{"href":"https:\/\/www.europesays.com\/fr\/wp-json\/wp\/v2\/types\/post"}],"author":[{"embeddable":true,"href":"https:\/\/www.europesays.com\/fr\/wp-json\/wp\/v2\/users\/2"}],"replies":[{"embeddable":true,"href":"https:\/\/www.europesays.com\/fr\/wp-json\/wp\/v2\/comments?post=286105"}],"version-history":[{"count":0,"href":"https:\/\/www.europesays.com\/fr\/wp-json\/wp\/v2\/posts\/286105\/revisions"}],"wp:featuredmedia":[{"embeddable":true,"href":"https:\/\/www.europesays.com\/fr\/wp-json\/wp\/v2\/media\/286106"}],"wp:attachment":[{"href":"https:\/\/www.europesays.com\/fr\/wp-json\/wp\/v2\/media?parent=286105"}],"wp:term":[{"taxonomy":"category","embeddable":true,"href":"https:\/\/www.europesays.com\/fr\/wp-json\/wp\/v2\/categories?post=286105"},{"taxonomy":"post_tag","embeddable":true,"href":"https:\/\/www.europesays.com\/fr\/wp-json\/wp\/v2\/tags?post=286105"}],"curies":[{"name":"wp","href":"https:\/\/api.w.org\/{rel}","templated":true}]}}