{"id":286110,"date":"2025-07-31T06:54:11","date_gmt":"2025-07-31T06:54:11","guid":{"rendered":"https:\/\/www.europesays.com\/fr\/286110\/"},"modified":"2025-07-31T06:54:11","modified_gmt":"2025-07-31T06:54:11","slug":"le-trou-noir-geant-de-la-voie-lactee-revele-son-activite-recente-grace-a-detranges-nuages-survivants","status":"publish","type":"post","link":"https:\/\/www.europesays.com\/fr\/286110\/","title":{"rendered":"Le trou noir g\u00e9ant de la Voie lact\u00e9e r\u00e9v\u00e8le son activit\u00e9 r\u00e9cente gr\u00e2ce \u00e0 d&rsquo;\u00e9tranges&#8230; nuages survivants"},"content":{"rendered":"<p class=\"whitespace-normal break-words\"><strong>Au c\u0153ur de notre<br \/>\ngalaxie se cache l\u2019un des ph\u00e9nom\u00e8nes les plus stup\u00e9fiants de<br \/>\nl\u2019univers observable. Une d\u00e9couverte r\u00e9cente vient de r\u00e9v\u00e9ler un<br \/>\nparadoxe cosmique qui d\u00e9fie toute logique : des nuages d\u2019hydrog\u00e8ne<br \/>\nglac\u00e9s flottent paisiblement dans un environnement o\u00f9 r\u00e8gnent des<br \/>\ntemp\u00e9ratures de plusieurs millions de degr\u00e9s. Cette anomalie<br \/>\npourrait r\u00e9\u00e9crire l\u2019histoire r\u00e9cente de la <a href=\"https:\/\/sciencepost.fr\/la-voie-lactee-va-t-elle-se-faire-cannibaliser-par-andromede-ces-nouveaux-resultats-ont-de-quoi-surprendre\/\" target=\"_blank\" rel=\"noopener nofollow\">Voie lact\u00e9e<\/a>.<\/strong><\/p>\n<p>Des g\u00e9ants<br \/>\ninvisibles dominent notre galaxie<\/p>\n<p class=\"whitespace-normal break-words\">Imaginez deux bulles de<br \/>\nsavon g\u00e9antes s\u2019\u00e9levant de part et d\u2019autre du centre galactique,<br \/>\nmais remplacez l\u2019eau savonneuse par du plasma br\u00fblant \u00e0 des<br \/>\ntemp\u00e9ratures inimaginables. Voil\u00e0 les bulles de Fermi, ces colosses<br \/>\ncosmiques qui s\u2019\u00e9tendent sur 50 000 ann\u00e9es-lumi\u00e8re, soit deux fois<br \/>\nla longueur totale de notre galaxie. Leur forme \u00e9voque un sablier<br \/>\ntitanesque dont les dimensions d\u00e9passent l\u2019entendement humain.<\/p>\n<p class=\"whitespace-normal break-words\">Ces structures<br \/>\nextraordinaires sont rest\u00e9es invisibles \u00e0 nos yeux pendant des<br \/>\nmill\u00e9naires, car elles n\u2019\u00e9mettent qu\u2019en rayons gamma, un<br \/>\nrayonnement imperceptible sans instruments sp\u00e9cialis\u00e9s. Leur<br \/>\nd\u00e9couverte en 2010 par le t\u00e9lescope spatial Fermi a ouvert une<br \/>\nfen\u00eatre sur l\u2019activit\u00e9 tumultueuse du centre galactique, r\u00e9v\u00e9lant<br \/>\nun pass\u00e9 bien plus agit\u00e9 que pr\u00e9vu.<\/p>\n<p class=\"whitespace-normal break-words\">Le plasma qui compose ces<br \/>\nbulles atteint des temp\u00e9ratures sup\u00e9rieures \u00e0 un million de<br \/>\nkelvins, cr\u00e9ant un v\u00e9ritable brasier cosmique. Dans de telles<br \/>\nconditions, la mati\u00e8re ordinaire se d\u00e9sint\u00e8gre rapidement, balay\u00e9e<br \/>\npar des vents galactiques d\u2019une violence inou\u00efe. C\u2019est pr\u00e9cis\u00e9ment<br \/>\nce qui rend la d\u00e9couverte r\u00e9cente si troublante.<\/p>\n<p>L\u2019impossible survie de vestiges glac\u00e9s<\/p>\n<p class=\"whitespace-normal break-words\">Une \u00e9quipe de<br \/>\nscientifiques scrutant ces bulles avec le t\u00e9lescope Green Bank en<br \/>\nVirginie-Occidentale a identifi\u00e9 quelque chose d\u2019absolument<br \/>\nimprobable : des nuages d\u2019hydrog\u00e8ne froid nich\u00e9s au plus profond de<br \/>\ncet environnement hostile. Ces poches de gaz mesurent entre 13 et<br \/>\n91 ann\u00e9es-lumi\u00e8re de diam\u00e8tre, d\u00e9passant largement les dimensions<br \/>\nde notre syst\u00e8me solaire.<\/p>\n<p class=\"whitespace-normal break-words\">Leur existence d\u00e9fie les<br \/>\nlois physiques fondamentales. Dans un milieu aussi extr\u00eame, ces<br \/>\nnuages auraient d\u00fb se volatiliser instantan\u00e9ment, comme des gla\u00e7ons<br \/>\njet\u00e9s dans l\u2019eau bouillante. Pourtant, ils persistent, flottant<br \/>\nsereinement \u00e0 environ 13 000 ann\u00e9es-lumi\u00e8re au-dessus du centre<br \/>\ngalactique.<\/p>\n<p class=\"whitespace-normal break-words\">Cette survie miraculeuse<br \/>\nne s\u2019explique que par une seule hypoth\u00e8se : ces nuages sont les<br \/>\nfragments r\u00e9siduels de structures initialement beaucoup plus<br \/>\nmassives. Seuls des g\u00e9ants cosmiques auraient pu r\u00e9sister<br \/>\nsuffisamment longtemps pour laisser ces vestiges glac\u00e9s. Cette<br \/>\nd\u00e9duction r\u00e9v\u00e8le un aspect crucial de l\u2019histoire galactique<br \/>\nr\u00e9cente.<\/p>\n<p><img loading=\"lazy\" data-lazyloaded=\"1\" decoding=\"async\" class=\"size-full wp-image-313460\" src=\"https:\/\/www.europesays.com\/fr\/wp-content\/uploads\/2025\/07\/MG4UFXEUqmXNtug86bo4BZ-970-80.jpg.webp.webp\" alt=\"bulles fermi trou noir voie lact\u00e9e\" width=\"970\" height=\"677\"  data-\/><br \/>\nUne illustration des nuages d\u2019hydrog\u00e8ne froids imbriqu\u00e9s dans les<br \/>\nbulles de Fermi. Cr\u00e9dit image : NSF\/AUI\/NSF<br \/>\nNRAO\/P.VosteenUn trou<br \/>\nnoir en col\u00e8re r\u00e9v\u00e8le ses secrets<\/p>\n<p class=\"whitespace-normal break-words\">Les bulles de Fermi<br \/>\nr\u00e9sultent vraisemblablement d\u2019une \u00e9ruption cataclysmique du trou<br \/>\nnoir supermassif tapi au centre de notre galaxie. Ce monstre<br \/>\ncosmique, dont la masse \u00e9quivaut \u00e0 quatre millions de fois celle du<br \/>\nSoleil, aurait expuls\u00e9 simultan\u00e9ment deux jets de mati\u00e8re<br \/>\nperpendiculaires au plan galactique. Ces jets titanesques ont<br \/>\nramass\u00e9 et projet\u00e9 dans l\u2019espace la mati\u00e8re environnante, cr\u00e9ant<br \/>\nles bulles observ\u00e9es aujourd\u2019hui.<\/p>\n<p class=\"whitespace-normal break-words\">La pr\u00e9sence des nuages<br \/>\nfroids transforme cette th\u00e9orie en v\u00e9ritable r\u00e9v\u00e9lation temporelle.<br \/>\nLeur survie implique que l\u2019\u00e9ruption responsable des bulles de Fermi<br \/>\ns\u2019est produite il y a seulement quelques millions d\u2019ann\u00e9es, un<br \/>\nbattement de cil \u00e0 l\u2019\u00e9chelle cosmique. Cette datation<br \/>\nr\u00e9volutionnaire sugg\u00e8re que notre galaxie a connu une activit\u00e9<br \/>\nexplosive bien plus r\u00e9cente qu\u2019imagin\u00e9.<\/p>\n<p class=\"whitespace-normal break-words\">Cette d\u00e9couverte,<br \/>\nrapport\u00e9e dans les <a class=\"hawk-link-parsed\" href=\"https:\/\/iopscience.iop.org\/article\/10.3847\/2041-8213\/addd16\" target=\"_blank\" rel=\"noopener nofollow\" data-analytics-id=\"inline-link\" data-url=\"https:\/\/iopscience.iop.org\/article\/10.3847\/2041-8213\/addd16\" data-hl-processed=\"none\" data-custom-tracking-id=\"8388891222952436811\" data-hawk-tracked=\"hawklinks\" data-google-interstitial=\"false\" data-label=\"The Astrophysical Journal Letters\">The Astrophysical Journal<br \/>\nLetters<\/a>, bouleverse notre compr\u00e9hension de l\u2019\u00e9volution<br \/>\ngalactique. Le centre de la Voie lact\u00e9e, longtemps consid\u00e9r\u00e9 comme<br \/>\nrelativement paisible dans un pass\u00e9 r\u00e9cent, r\u00e9v\u00e8le un caract\u00e8re<br \/>\nexplosif et impr\u00e9visible. Les \u00e9ruptions du trou noir central<br \/>\npourraient \u00eatre plus fr\u00e9quentes et plus violentes que pr\u00e9vu,<br \/>\nsculptant r\u00e9guli\u00e8rement la structure galactique.<\/p>\n<p>Une<br \/>\nhorloge cosmique r\u00e9v\u00e9latrice<\/p>\n<p class=\"whitespace-normal break-words\">Les nuages froids<br \/>\nfonctionnent comme une horloge cosmique naturelle, permettant de<br \/>\ndater avec pr\u00e9cision les \u00e9v\u00e9nements galactiques majeurs. Leur<br \/>\nr\u00e9sistance limit\u00e9e dans l\u2019environnement hostile des bulles de Fermi<br \/>\noffre une fen\u00eatre temporelle unique sur l\u2019activit\u00e9 r\u00e9cente du<br \/>\ncentre galactique.<\/p>\n<p class=\"whitespace-normal break-words\">Cette m\u00e9thode de datation<br \/>\npourrait s\u2019appliquer \u00e0 d\u2019autres ph\u00e9nom\u00e8nes similaires, notamment<br \/>\nles myst\u00e9rieuses bulles eROSITA d\u00e9tect\u00e9es en rayons X, qui se<br \/>\nsuperposent aux bulles de Fermi. L\u2019ensemble de ces d\u00e9couvertes<br \/>\ndessine le portrait d\u2019un centre galactique dynamique, sujet \u00e0 des<br \/>\nexplosions p\u00e9riodiques qui fa\u00e7onnent l\u2019architecture de notre<br \/>\ngalaxie.<\/p>\n<p>Vers une<br \/>\nnouvelle compr\u00e9hension galactique<\/p>\n<p class=\"whitespace-normal break-words\">Cette d\u00e9couverte marque un<br \/>\ntournant dans notre perception de la Voie lact\u00e9e. Loin d\u2019\u00eatre un<br \/>\nsyst\u00e8me stable \u00e9voluant paisiblement, notre galaxie appara\u00eet comme<br \/>\nle th\u00e9\u00e2tre d\u2019\u00e9v\u00e9nements cataclysmiques r\u00e9cents. Les prochaines<br \/>\nobservations permettront peut-\u00eatre de d\u00e9terminer la fr\u00e9quence de<br \/>\nces \u00e9ruptions et leur impact sur l\u2019\u00e9volution galactique.<\/p>\n<p class=\"whitespace-normal break-words\">Les gla\u00e7ons cosmiques<br \/>\nsurvivant dans l\u2019enfer des bulles de Fermi nous rappellent que<br \/>\nl\u2019univers rec\u00e8le encore d\u2019innombrables myst\u00e8res, capables de<br \/>\nr\u00e9volutionner notre compr\u00e9hension du cosmos qui nous entoure.<\/p>\n","protected":false},"excerpt":{"rendered":"Au c\u0153ur de notre galaxie se cache l\u2019un des ph\u00e9nom\u00e8nes les plus stup\u00e9fiants de l\u2019univers observable. Une d\u00e9couverte&hellip;\n","protected":false},"author":2,"featured_media":286111,"comment_status":"","ping_status":"","sticky":false,"template":"","format":"standard","meta":{"footnotes":""},"categories":[7],"tags":[1011,27,43,40,41,39,42,44],"class_list":{"0":"post-286110","1":"post","2":"type-post","3":"status-publish","4":"format-standard","5":"has-post-thumbnail","7":"category-sciences-et-technologies","8":"tag-fr","9":"tag-france","10":"tag-science","11":"tag-science-and-technology","12":"tag-sciences","13":"tag-sciences-et-technologies","14":"tag-technologies","15":"tag-technology"},"share_on_mastodon":{"url":"https:\/\/pubeurope.com\/@fr\/114946537138544069","error":""},"_links":{"self":[{"href":"https:\/\/www.europesays.com\/fr\/wp-json\/wp\/v2\/posts\/286110","targetHints":{"allow":["GET"]}}],"collection":[{"href":"https:\/\/www.europesays.com\/fr\/wp-json\/wp\/v2\/posts"}],"about":[{"href":"https:\/\/www.europesays.com\/fr\/wp-json\/wp\/v2\/types\/post"}],"author":[{"embeddable":true,"href":"https:\/\/www.europesays.com\/fr\/wp-json\/wp\/v2\/users\/2"}],"replies":[{"embeddable":true,"href":"https:\/\/www.europesays.com\/fr\/wp-json\/wp\/v2\/comments?post=286110"}],"version-history":[{"count":0,"href":"https:\/\/www.europesays.com\/fr\/wp-json\/wp\/v2\/posts\/286110\/revisions"}],"wp:featuredmedia":[{"embeddable":true,"href":"https:\/\/www.europesays.com\/fr\/wp-json\/wp\/v2\/media\/286111"}],"wp:attachment":[{"href":"https:\/\/www.europesays.com\/fr\/wp-json\/wp\/v2\/media?parent=286110"}],"wp:term":[{"taxonomy":"category","embeddable":true,"href":"https:\/\/www.europesays.com\/fr\/wp-json\/wp\/v2\/categories?post=286110"},{"taxonomy":"post_tag","embeddable":true,"href":"https:\/\/www.europesays.com\/fr\/wp-json\/wp\/v2\/tags?post=286110"}],"curies":[{"name":"wp","href":"https:\/\/api.w.org\/{rel}","templated":true}]}}