{"id":286114,"date":"2025-07-31T06:56:10","date_gmt":"2025-07-31T06:56:10","guid":{"rendered":"https:\/\/www.europesays.com\/fr\/286114\/"},"modified":"2025-07-31T06:56:10","modified_gmt":"2025-07-31T06:56:10","slug":"ma-fille-de-7-ans-a-perdu-la-volonte-de-vivre-temoigne-heba-prothesiste","status":"publish","type":"post","link":"https:\/\/www.europesays.com\/fr\/286114\/","title":{"rendered":"\u00ab\u00a0Ma fille de 7 ans a perdu la volont\u00e9 de vivre\u00a0\u00bb, t\u00e9moigne Heba, proth\u00e9siste"},"content":{"rendered":"<p>Elle ne mange qu\u2019un repas par jour, g\u00e9n\u00e9ralement en fin d\u2019apr\u00e8s-midi, avec sa famille, pour tenir jusqu\u2019au lendemain. La voix d\u2019Heba est pos\u00e9e dans les notes vocales qu\u2019elle nous a envoy\u00e9es, mais elle d\u00e9crit un enfer terrible. Cette proth\u00e9siste de 34 ans, qui travaille pour Handicap international (HI) dans <a href=\"https:\/\/www.20minutes.fr\/monde\/gaza\/\" class=\"color-ultramarine c-link\" target=\"_blank\" rel=\"noopener\">la bande de Gaza<\/a>, raconte la faim qui la tenaille, elle, son mari et leurs enfants, et sa volont\u00e9 d\u2019aider malgr\u00e9 tout les personnes amput\u00e9es. Depuis le 26\u00a0juillet, le blocus <a href=\"https:\/\/www.20minutes.fr\/monde\/israel\/\" class=\"color-ultramarine c-link\" target=\"_blank\" rel=\"noopener\">isra\u00e9lien<\/a> sur l\u2019aide humanitaire, en place depuis mars, s\u2019est l\u00e9g\u00e8rement desserr\u00e9, alors que la guerre contre le <a href=\"https:\/\/www.20minutes.fr\/monde\/hamas\/\" class=\"color-ultramarine c-link\" target=\"_blank\" rel=\"noopener\">Hamas<\/a> dure depuis octobre\u00a02023.<\/p>\n<p>\u00ab\u00a0Pour mes enfants, la situation est extr\u00eamement difficile, explique cette m\u00e8re de deux filles de 2 et 7 ans. Certaines nuits, elles vont dormir affam\u00e9es et en pleurant parce que je n\u2019ai pas r\u00e9ussi \u00e0 trouver du pain ou quelque chose qu\u2019elles puissent manger.\u00a0\u00bb Le 27 juillet, l\u2019Organisation mondiale de la sant\u00e9 (OMS) s\u2019est alarm\u00e9e du pic de mortalit\u00e9 li\u00e9e \u00e0 la malnutrition avec 63 d\u00e9c\u00e8s enregistr\u00e9s ce mois-ci (sur les 75 depuis d\u00e9but\u00a02025), dont 24 enfants de moins de 5 ans. Dans la bande de Gaza, \u00ab\u00a0le pire sc\u00e9nario est en train de se d\u00e9rouler, celui de la famine\u00a0\u00bb, a alert\u00e9 <a href=\"https:\/\/www.ipcinfo.org\/ipcinfo-website\/countries-in-focus-archive\/issue-133\/en\/\" rel=\"nofollow noopener\" target=\"_blank\" class=\"color-ultramarine c-link\">le 29\u00a0juillet l\u2019IPC<\/a>, comit\u00e9 soutenu par l\u2019ONU et charg\u00e9 d\u2019analyser la s\u00e9curit\u00e9 alimentaire dans le monde.<\/p>\n<p>Un bout de pain sec tremp\u00e9 dans un th\u00e9 sans sucre<\/p>\n<p>Face \u00e0 la pression, <a href=\"https:\/\/www.20minutes.fr\/monde\/israel\/\" class=\"color-ultramarine c-link\" target=\"_blank\" rel=\"noopener\">Isra\u00ebl<\/a> a autoris\u00e9 des <a href=\"https:\/\/www.20minutes.fr\/monde\/israel\/4165487-20250727-famine-gaza-25-tonnes-aide-humanitaire-larguees-convoi-terrestre-premiers-effets-pauses-tactiques\" class=\"color-ultramarine c-link\" target=\"_blank\" rel=\"noopener\">largages controvers\u00e9s de nourriture<\/a> ou pr\u00e9vu des pauses tactiques en journ\u00e9e dans les zones de Deir-el-Balah, dans le centre de Gaza, Al-Mawassi, dans le Sud, et la ville de Gaza dans le nord pour faciliter l\u2019acheminement d\u2019aide aux 2,1\u00a0millions d\u2019habitants. D\u00e9plac\u00e9e deux fois, la famille d\u2019Heba vit pr\u00e8s de la fronti\u00e8re orientale, \u00e0 Deir-el-Balah.<\/p>\n<\/p>\n<p>Le matin, avant d\u2019aller travailler, Heba raconte qu\u2019elle essaie, quand elle en a, de convaincre sa plus jeune fille de manger un bout de pain sec tremp\u00e9 dans du th\u00e9 sans sucre, ce dernier \u00e9tant une denr\u00e9e introuvable. \u00ab\u00a0Mais elle refuse et elle est devenue tr\u00e8s faible, souffle-t-elle. Ma fille de 7 ans a perdu la volont\u00e9 de vivre. Elle me supplie de partir du pays pour qu\u2019elle puisse manger ce qu\u2019elle aime.\u00a0\u00bb<\/p>\n<p>Estimant qu\u2019elle supporte mieux la faim, Heba se prive et leur donne ce qu\u2019elle et son mari peuvent trouver. Mais leurs r\u00e9serves de nourriture se sont taries et les prix au march\u00e9 sont \u00ab\u00a0incroyablement \u00e9lev\u00e9s\u00a0\u00bb. Quand les camions de distribution d\u2019eau atteignent leur zone, ils attendent pour remplir leurs r\u00e9cipients bien que la plupart du temps, l\u2019eau ne soit pas potable. \u00ab\u00a0On doit la boire, il n\u2019y a pas d\u2019alternatives\u00a0\u00bb.<\/p>\n<p>Le personnel de l\u2019ONG, \u00ab\u00a0\u00e9puis\u00e9 physiquement et mentalement\u00a0\u00bb<\/p>\n<p>\u00ab\u00a0Honn\u00eatement, je ne sais pas o\u00f9 je trouve la force de continuer\u00a0\u00bb, confie-t-elle. Quand les routes sont ouvertes et qu\u2019il n\u2019y a pas de bombardements, elle se rend en une heure et demie, \u00e0 pied, au centre de r\u00e9adaptation et de fabrication de proth\u00e8ses de Zawaida, avec la crainte qu\u2019elle ou sa famille soit frapp\u00e9e par des drones ou des roquettes. Selon les autorit\u00e9s sanitaires de Gaza, plus de 123.000 personnes ont \u00e9t\u00e9 bless\u00e9es depuis le d\u00e9but de la guerre, dont plus de 4.000 ont perdu un ou plusieurs membres.<\/p>\n<p>Alors que les besoins sont immenses et le mat\u00e9riel manquant, seuls 9 techniciens sp\u00e9cialis\u00e9s dans la fabrication de proth\u00e8ses et d\u2019orth\u00e8ses, dont Heba, sont pr\u00e9sents sur place, rapporte Handicap international. La faim affecte aussi le personnel soignant et les \u00e9quipes de l\u2019ONG. \u00ab\u00a0Beaucoup sont \u00e9puis\u00e9s physiquement et mentalement, souligne Za\u00efd, porte-parole d\u2019Handicap international pour la Palestine et habitant \u00e0 <a href=\"https:\/\/www.20minutes.fr\/dossier\/ramallah\" class=\"color-ultramarine c-link\" target=\"_blank\" rel=\"noopener\">Ramallah<\/a>, en Cisjordanie occup\u00e9e. Chaque jour, c\u2019est un choix difficile pour notre personnel \u00e0 Gaza. Ils doivent jongler entre survivre \u00e0 cette guerre, prendre soin d\u2019eux et de leur famille, mais aussi aider les personnes dans le besoin.\u00a0\u00bb<\/p>\n<p>Quatorze appareils fournis depuis mars pour les personnes amput\u00e9es<\/p>\n<p>D\u2019apr\u00e8s <a href=\"https:\/\/www.unocha.org\/publications\/report\/occupied-palestinian-territory\/humanitarian-situation-update-286-gaza-strip\" rel=\"nofollow noopener\" target=\"_blank\" class=\"color-ultramarine c-link\">l\u2019OMS<\/a>, environ 6.000 proth\u00e8ses sont n\u00e9cessaires, dans une zone qui compte d\u00e9sormais le plus grand nombre d\u2019enfants amput\u00e9s par habitant au monde, selon <a href=\"https:\/\/www.unicefusa.org\/stories\/unicef-delivers-wheelchairs-gazas-children\" target=\"_blank\" class=\"color-ultramarine c-link\" rel=\"noopener\">l\u2019Unicef<\/a>. D\u2019abord situ\u00e9 \u00e0 Khan Youn\u00e8s, le centre de r\u00e9adaptation d\u2019Handicap International a d\u00fb quitter la ville en raison du d\u00e9ploiement des forces isra\u00e9liennes et ouvrir fin juin une antenne temporaire \u00e0 Deir-el-Balah. L\u00e0, Heba examine les amputations, mesure les moignons et fabrique des moules pour les proth\u00e8ses de jambes et de bras.<\/p>\n<p><img decoding=\"async\" alt=\"A Deir-el-Balah, le centre temporaire de r\u00e9adaptation Zawaida a \u00e9t\u00e9 ouvert en juin 2025 par Handicap International.\" class=\"c-img\" loading=\"lazy\" fetchpriority=\"auto\" width=\"718\"  src=\"https:\/\/img.20mn.fr\/dg0xHY7qQgirJ_D_NRdicSk\/718x0\" \/>A Deir-el-Balah, le centre temporaire de r\u00e9adaptation Zawaida a \u00e9t\u00e9 ouvert en juin 2025 par Handicap International.\u2002-\u00a0Handicap international<\/p>\n<p>\u00ab\u00a0Ma foi dans le bien que je fais, c\u2019est-\u00e0-dire redonner de l\u2019espoir aux personnes amput\u00e9es, me donne la conviction que Dieu prot\u00e9gera mes filles, affirme-t-elle. Je les aide avec tout ce que j\u2019ai, m\u00eame si les ressources sont limit\u00e9es. Pour moi, cela a autant de sens que la maternit\u00e9.\u00a0\u00bb Depuis mars\u00a0et le blocus sur l\u2019aide &#8211; qui comprend aussi du mat\u00e9riel m\u00e9dical, seuls 14 appareils fonctionnels ont \u00e9t\u00e9 fournis, incluant des r\u00e9parations. \u00ab\u00a0C\u2019est une goutte dans un oc\u00e9an de besoins\u00a0\u00bb, r\u00e9agit Za\u00efd, porte-parole pour la <a href=\"https:\/\/www.20minutes.fr\/monde\/palestine\/\" class=\"color-ultramarine c-link\" target=\"_blank\" rel=\"noopener\">Palestine<\/a> de HI.<\/p>\n<p>Class\u00e9s comme des \u00ab\u00a0biens \u00e0 double usage\u00a0\u00bb par les autorit\u00e9s isra\u00e9liennes, les appareils fonctionnels entrent tr\u00e8s parcimonieusement dans la bande de Gaza. \u00ab\u00a0La derni\u00e8re livraison que nous avons pu obtenir a \u00e9t\u00e9 import\u00e9e de France en d\u00e9cembre\u00a02024, poursuit-il. Une partie est toujours utilis\u00e9e et notre personnel fait de son mieux avec les ressources limit\u00e9es dont il dispose.\u00a0\u00bb<\/p>\n<p>\u00ab\u00a0Ils cherchent d\u00e9sesp\u00e9r\u00e9ment \u00e0 obtenir une proth\u00e8se pour pouvoir se d\u00e9placer et nourrir leurs enfants\u00a0\u00bb<\/p>\n<p>Comment font les personnes amput\u00e9es pour trouver de la nourriture\u00a0? C\u2019est \u00ab\u00a0une r\u00e9alit\u00e9 d\u00e9chirante\u00a0\u00bb partage Heba, qui entend la souffrance de ceux qui parviennent \u00e0 se rendre au centre. \u00ab\u00a0Certains sont chefs de famille et cherchent d\u00e9sesp\u00e9r\u00e9ment \u00e0 obtenir une proth\u00e8se pour pouvoir se d\u00e9placer et nourrir leurs enfants, leur donner \u00e0 boire ou m\u00eame leur procurer des couches, explique-t-elle. D\u2019autres ont perdu leurs proth\u00e8ses \u00e0 cause des bombardements qui ont d\u00e9truit leur maison et ne peuvent plus utiliser leurs b\u00e9quilles ou leurs appareils en raison de leur extr\u00eame faiblesse et d\u2019une alimentation insuffisante.\u00a0\u00bb<\/p>\n<p>Les d\u00e9placements forc\u00e9s entravent leur existence\u00a0: les personnes amput\u00e9es sont incapables de transporter leurs affaires ou de se d\u00e9placer facilement en raison du manque de moyens de transport et de carburant, souligne la proth\u00e9siste. \u00ab\u00a0Le plus difficile est le sentiment d\u2019impuissance qu\u2019ils \u00e9prouvent, ajoute-t-elle, surtout lorsqu\u2019ils ont la responsabilit\u00e9 d\u2019une famille et d\u2019enfants.\u00a0\u00bb<\/p>\n<p><a href=\"https:\/\/www.20minutes.fr\/monde\/gaza\/\" class=\"c-link c-btn c-btn--primary\" target=\"_blank\" rel=\"noopener\">Notre dossier sur Gaza<\/a><\/p>\n<p>Si <a href=\"https:\/\/news.un.org\/fr\/story\/2025\/07\/1157194\" rel=\"nofollow noopener\" target=\"_blank\" class=\"color-ultramarine c-link\">l\u2019ONU a salu\u00e9 dimanche<\/a> les pauses pour acheminer de l\u2019aide humanitaire \u00e0 Gaza, l\u2019instance internationale appelle \u00e0 l\u2019instauration d\u2019un cessez-le-feu pour que tous les civils dans le besoin puissent \u00eatre aid\u00e9s. Malgr\u00e9 cet enfer, Heba a encore foi en l\u2019humanit\u00e9\u00a0: \u00ab\u00a0Rien ne pourra arr\u00eater cette catastrophe caus\u00e9e par l\u2019homme, sauf une pression r\u00e9elle de la communaut\u00e9 internationale.\u00a0\u00bb<\/p>\n","protected":false},"excerpt":{"rendered":"Elle ne mange qu\u2019un repas par jour, g\u00e9n\u00e9ralement en fin d\u2019apr\u00e8s-midi, avec sa famille, pour tenir jusqu\u2019au lendemain.&hellip;\n","protected":false},"author":2,"featured_media":286115,"comment_status":"","ping_status":"","sticky":false,"template":"","format":"standard","meta":{"footnotes":""},"categories":[5],"tags":[47,11,3259,1011,27,665,14,74,12,3521,7612,28],"class_list":{"0":"post-286114","1":"post","2":"type-post","3":"status-publish","4":"format-standard","5":"has-post-thumbnail","7":"category-international","8":"tag-actualite","9":"tag-actualites","10":"tag-conflit-israelo-palestinien","11":"tag-fr","12":"tag-france","13":"tag-gaza","14":"tag-international","15":"tag-monde","16":"tag-news","17":"tag-onu","18":"tag-proche-orient","19":"tag-world"},"share_on_mastodon":{"url":"https:\/\/pubeurope.com\/@fr\/114946545033131683","error":""},"_links":{"self":[{"href":"https:\/\/www.europesays.com\/fr\/wp-json\/wp\/v2\/posts\/286114","targetHints":{"allow":["GET"]}}],"collection":[{"href":"https:\/\/www.europesays.com\/fr\/wp-json\/wp\/v2\/posts"}],"about":[{"href":"https:\/\/www.europesays.com\/fr\/wp-json\/wp\/v2\/types\/post"}],"author":[{"embeddable":true,"href":"https:\/\/www.europesays.com\/fr\/wp-json\/wp\/v2\/users\/2"}],"replies":[{"embeddable":true,"href":"https:\/\/www.europesays.com\/fr\/wp-json\/wp\/v2\/comments?post=286114"}],"version-history":[{"count":0,"href":"https:\/\/www.europesays.com\/fr\/wp-json\/wp\/v2\/posts\/286114\/revisions"}],"wp:featuredmedia":[{"embeddable":true,"href":"https:\/\/www.europesays.com\/fr\/wp-json\/wp\/v2\/media\/286115"}],"wp:attachment":[{"href":"https:\/\/www.europesays.com\/fr\/wp-json\/wp\/v2\/media?parent=286114"}],"wp:term":[{"taxonomy":"category","embeddable":true,"href":"https:\/\/www.europesays.com\/fr\/wp-json\/wp\/v2\/categories?post=286114"},{"taxonomy":"post_tag","embeddable":true,"href":"https:\/\/www.europesays.com\/fr\/wp-json\/wp\/v2\/tags?post=286114"}],"curies":[{"name":"wp","href":"https:\/\/api.w.org\/{rel}","templated":true}]}}