{"id":286118,"date":"2025-07-31T06:58:12","date_gmt":"2025-07-31T06:58:12","guid":{"rendered":"https:\/\/www.europesays.com\/fr\/286118\/"},"modified":"2025-07-31T06:58:12","modified_gmt":"2025-07-31T06:58:12","slug":"livret-a-compteur-linky-droits-de-douane-ce-qui-change-au-1er-aout-2025","status":"publish","type":"post","link":"https:\/\/www.europesays.com\/fr\/286118\/","title":{"rendered":"Livret A, compteur Linky, droits de douane\u2026 Ce qui change au 1er ao\u00fbt 2025"},"content":{"rendered":"<p class=\"article-p mdl\">Avec l&rsquo;arriv\u00e9e du mois d&rsquo;ao\u00fbt, plusieurs changements sont en vue. Que ce soit la baisse du taux du Livret A, la hausse de la TVA sur les factures de gaz et d&rsquo;\u00e9lectricit\u00e9 ou encore l&rsquo;application des droits de douane am\u00e9ricains, ces nouveaut\u00e9s sont assez d\u00e9favorables pour le portefeuille des Fran\u00e7ais.<\/p>\n<p class=\"article-p mdl\">Le gouverneur de la Banque de France,\u00a0<a class=\"link\" href=\"https:\/\/www.banque-france.fr\/fr\/francois-villeroy-de-galhau\" target=\"_blank\" rel=\"noopener\">Fran\u00e7ois Galhau<\/a>, a recommand\u00e9 une baisse du taux du livret A. En raison d&rsquo;une baisse de l&rsquo;inflation depuis le premier semestre, ce taux passera de <strong>2,4% \u00e0 1,7%<\/strong>.\u00a0Pour rappel, ce taux avait d\u00e9j\u00e0 diminu\u00e9 le 1\u1d49\u02b3 f\u00e9vrier dernier. Selon nos confr\u00e8res de\u00a0<a class=\"link\" href=\"https:\/\/www.liberation.fr\/economie\/conso\/effondrement-du-taux-du-livret-a-au-1er-aout-quelles-causes-et-quels-impacts-20250701_RDXVZFJSXJAS5BEIPSZ2FFACKI\/\" target=\"_blank\" rel=\"noopener\">Lib\u00e9ration<\/a>, l&rsquo;explication de cette baisse est simple : \u00ab\u00a0Si le taux baisse, <strong>cela veut dire que l&rsquo;inflation ralentit<\/strong>\u00ab\u00a0.\u00a0 Alors que 55 millions de Fran\u00e7ais poss\u00e8dent un livret A, cette chute est la plus importante depuis la crise \u00e9nerg\u00e9tique.\u00a0<\/p>\n<p class=\"article-p mdl\">Concernant la\u00a0<a class=\"link\" href=\"https:\/\/www.rtl.fr\/sujet\/tva\" target=\"_blank\" rel=\"noopener\">TVA<\/a>, la loi europ\u00e9enne sur l&rsquo;uniformisation des factures de gaz et d&rsquo;\u00e9lectricit\u00e9 <strong>entra\u00eenera une augmentation de cette taxe de 5,5% \u00e0 20%<\/strong> d\u00e8s vendredi. Une augmentation quatre fois plus \u00e9lev\u00e9e qu&rsquo;avant, due \u00e0 la suppression du taux r\u00e9duit de taxe \u00e0 la TVA. Selon le Premier Ministre\u00a0<a class=\"link\" href=\"https:\/\/www.rtl.fr\/actu\/politique\/droits-de-douanes-bayrou-deplore-un-jour-sombre-ou-l-europe-se-resout-a-la-soumission-7900526448\" target=\"_blank\" rel=\"noopener\">Fran\u00e7ois Bayrou<\/a>, cette mesure devrait rapporter 1,5 milliard d&rsquo;euros.\u00a0\u00a0<\/p>\n<p>            Mise en place des droits de douane, allocation de rentr\u00e9e scolaire&#8230;<\/p>\n<p class=\"article-p mdl\">\u00c0 partir du 1\u1d49\u02b3 ao\u00fbt, les personnes <strong>refusant d&rsquo;installer un compteur Linky<\/strong> devront payer des frais suppl\u00e9mentaires. Conform\u00e9ment \u00e0 l&rsquo;annonce de la Commission de la r\u00e9gulation de l&rsquo;\u00e9nergie le 20 mars dernier, ils devront s&rsquo;acquitter de <strong>6,48 euros de frais suppl\u00e9mentaires tous les deux mois.\u00a0<\/strong>Annuellement, cela repr\u00e9sente 38 euros par an, hors taxe.<\/p>\n<p class=\"article-p mdl\">De plus, d\u00e8s d\u00e9but ao\u00fbt, des droits de douane<strong> de 15 %<\/strong> seront appliqu\u00e9s sur les produits europ\u00e9ens export\u00e9s vers les \u00c9tats-Unis. Avant son \u00e9change avec la pr\u00e9sidente de la Commission europ\u00e9enne\u00a0<a class=\"link\" href=\"https:\/\/www.rtl.fr\/actu\/international\/droits-de-douane-donald-trump-a-mange-von-der-leyen-au-petit-dejeuner-juge-viktor-orb-n-7900526433\" target=\"_blank\" rel=\"noopener\">Ursula Von der Leyen,<\/a>\u00a0Donald Trump lui avait demand\u00e9 une taxation de 30%. En \u00e9change de cet accord, la pr\u00e9sidente s&rsquo;est engag\u00e9e \u00e0 investir <strong>750 milliards de dollars en achat d&rsquo;\u00e9nergie afin de remplacer le gaz russe.\u00a0\u00a0<\/strong><\/p>\n<p class=\"article-p mdl\">Une bonne surprise peut vous attendre sur votre compte en banque vendredi. En effet, le 1\u1d49\u02b3 ao\u00fbt est <strong>la date butoir pour les remboursements fiscaux<\/strong>. Si vous avez pay\u00e9 trop d&rsquo;imp\u00f4ts l&rsquo;an pass\u00e9, un virement se fera automatiquement sur votre compte en banque. Le fisc a effectu\u00e9 ses virements en deux temps, le premier \u00e9tant le\u00a0<a class=\"link\" href=\"https:\/\/www.rtl.fr\/actu\/economie-consommation\/impots-pourquoi-vous-pourriez-recevoir-de-l-argent-sur-votre-compte-des-aujourd-hui-7900525856\" target=\"_blank\" rel=\"noopener\">25 juillet dernier.\u00a0<\/a><\/p>\n<p class=\"article-p mdl\">Enfin, une bonne nouvelle pour trois millions de familles fran\u00e7aises : d\u00e9but ao\u00fbt,<strong> l&rsquo;allocation de rentr\u00e9e scolaire <\/strong>(ARS) sera vers\u00e9e. Cette aide vise \u00e0 aider les parents \u00e0 couvrir les frais de scolarit\u00e9 de leurs enfants.<\/p>\n<p>    La r\u00e9daction vous recommande<\/p>\n<p class=\"s-newsletter__title\">\n                L\u2019actualit\u00e9 par la r\u00e9daction de RTL dans votre bo\u00eete mail.\n            <\/p>\n<p class=\"s-newsletter__subtitle\">\n                Gr\u00e2ce \u00e0 votre compte RTL abonnez-vous \u00e0 la newsletter RTL info pour suivre toute l&rsquo;actualit\u00e9 au quotidien\n            <\/p>\n<p>\n                                    Lire la suite\n                                <\/p>\n","protected":false},"excerpt":{"rendered":"Avec l&rsquo;arriv\u00e9e du mois d&rsquo;ao\u00fbt, plusieurs changements sont en vue. Que ce soit la baisse du taux du&hellip;\n","protected":false},"author":2,"featured_media":286119,"comment_status":"","ping_status":"","sticky":false,"template":"","format":"standard","meta":{"footnotes":""},"categories":[2],"tags":[3537,11,42497,2822,33,11947,107,526,1011,27,342,365,12,138,7121],"class_list":{"0":"post-286118","1":"post","2":"type-post","3":"status-publish","4":"format-standard","5":"has-post-thumbnail","7":"category-actualites","8":"tag-activite-economique","9":"tag-actualites","10":"tag-depenses-energetiques","11":"tag-douanes","12":"tag-economie","13":"tag-economie-francaise","14":"tag-fil-info","15":"tag-fiscalite","16":"tag-fr","17":"tag-france","18":"tag-impots","19":"tag-livret-a","20":"tag-news","21":"tag-remboursement","22":"tag-tva"},"share_on_mastodon":{"url":"https:\/\/pubeurope.com\/@fr\/114946552812223784","error":""},"_links":{"self":[{"href":"https:\/\/www.europesays.com\/fr\/wp-json\/wp\/v2\/posts\/286118","targetHints":{"allow":["GET"]}}],"collection":[{"href":"https:\/\/www.europesays.com\/fr\/wp-json\/wp\/v2\/posts"}],"about":[{"href":"https:\/\/www.europesays.com\/fr\/wp-json\/wp\/v2\/types\/post"}],"author":[{"embeddable":true,"href":"https:\/\/www.europesays.com\/fr\/wp-json\/wp\/v2\/users\/2"}],"replies":[{"embeddable":true,"href":"https:\/\/www.europesays.com\/fr\/wp-json\/wp\/v2\/comments?post=286118"}],"version-history":[{"count":0,"href":"https:\/\/www.europesays.com\/fr\/wp-json\/wp\/v2\/posts\/286118\/revisions"}],"wp:featuredmedia":[{"embeddable":true,"href":"https:\/\/www.europesays.com\/fr\/wp-json\/wp\/v2\/media\/286119"}],"wp:attachment":[{"href":"https:\/\/www.europesays.com\/fr\/wp-json\/wp\/v2\/media?parent=286118"}],"wp:term":[{"taxonomy":"category","embeddable":true,"href":"https:\/\/www.europesays.com\/fr\/wp-json\/wp\/v2\/categories?post=286118"},{"taxonomy":"post_tag","embeddable":true,"href":"https:\/\/www.europesays.com\/fr\/wp-json\/wp\/v2\/tags?post=286118"}],"curies":[{"name":"wp","href":"https:\/\/api.w.org\/{rel}","templated":true}]}}