{"id":286120,"date":"2025-07-31T07:01:18","date_gmt":"2025-07-31T07:01:18","guid":{"rendered":"https:\/\/www.europesays.com\/fr\/286120\/"},"modified":"2025-07-31T07:01:18","modified_gmt":"2025-07-31T07:01:18","slug":"mercato-quinze-clubs-de-ligue-2-nont-pas-debourse-le-moindre-centime-sur-le-marche-des","status":"publish","type":"post","link":"https:\/\/www.europesays.com\/fr\/286120\/","title":{"rendered":"Mercato. Quinze clubs de Ligue 2\u00a0n\u2019ont pas d\u00e9bours\u00e9 le moindre centime sur le march\u00e9 des"},"content":{"rendered":"<p>Une fois n\u2019est pas coutume, les clubs de Ligue 2\u00a0vivent un \u00e9t\u00e9 \u00e0 l\u2019\u00e9conomie. \u00c0 dix jours de la reprise du championnat, le march\u00e9 des transferts a du mal \u00e0 s\u2019emballer en deuxi\u00e8me division.<\/p>\n<p><strong>Lire aussi\u00a0:<\/strong> <a href=\"https:\/\/guingamp.maville.com\/sport\/detail_-guingamp.-content-d-avoir-un-gardien-de-son-calibre-adrian-ortola-nouveau-portier-d-en-avant-_52680-6903344_actu.Htm\" target=\"_self\" rel=\"noopener\">\u00ab\u00a0Content d\u2019avoir un gardien de son calibre\u00a0\u00bb\u00a0: Adri\u00e1n Ortol\u00e1, nouveau portier d\u2019En Avant<\/a><\/p>\n<p>La faute \u00e0 la conjoncture, qui fait que la plupart des clubs doivent vendre pour renflouer les caisses et tenir les budgets, avant de penser \u00e0 d\u00e9penser de l\u2019argent en indemnit\u00e9s de transferts. Ainsi, si la plupart des clubs, de Troyes \u00e0 <a href=\"https:\/\/guingamp.maville.com\/sport\/detail_-ea-guingamp.-le-lateral-akim-abdallah-est-arrive-un-attaquant-dans-les-tuyaux-_5-6917900_actu.Htm\" target=\"_self\" rel=\"noopener\">Guingamp<\/a> en passant par Reims et Rodez ont vendu sans d\u00e9penser jusqu\u2019ici, trois clubs vivent un \u00e9t\u00e9 diff\u00e9rent.<\/p>\n<p>Les Verts ont d\u00e9pens\u00e9 quasiment 12\u00a0millions d\u2019euros<\/p>\n<p>Enfin, surtout deux, puisqu\u2019Annecy n\u2019a d\u00e9pens\u00e9 que 100\u00a0000\u00a0\u20ac environ. Et ce n\u2019est pas une surprise de voir que les deux clubs sont des rel\u00e9gu\u00e9s de Ligue 1, qui ont l\u2019ambition de ne pas v\u00e9g\u00e9ter dans l\u2019antichambre de l\u2019\u00e9lite. Montpellier a d\u00e9pens\u00e9 500\u00a0000\u00a0\u20ac (mais a vendu pour plus), alors que Saint-\u00c9tienne a cass\u00e9 sa tirelire.<\/p>\n<p><a href=\"https:\/\/madeinfoot.ouest-france.fr\/infos\/article-asse-les-nouveaux-proprietaires-des-verts-ne-font-pas-dans-la-demi-mesure-488608.html\" target=\"_self\" rel=\"noopener\">Les Verts ont d\u00e9pens\u00e9 11,7\u00a0millions d\u2019euros<\/a> environ pour s\u2019offrir les services de Chico Lamba, Maxime Bernauer (option d\u2019achat lev\u00e9e) ou encore Mahmoud Jaber. De quoi rendre jaloux les concurrents de Ligue 2, qui doivent viser des joueurs libres et faire preuve de pas mal d\u2019inventivit\u00e9 pour s\u2019\u00e9toffer.<\/p>\n<p>\u00a0<\/p>\n","protected":false},"excerpt":{"rendered":"Une fois n\u2019est pas coutume, les clubs de Ligue 2\u00a0vivent un \u00e9t\u00e9 \u00e0 l\u2019\u00e9conomie. \u00c0 dix jours de&hellip;\n","protected":false},"author":2,"featured_media":286121,"comment_status":"","ping_status":"","sticky":false,"template":"","format":"standard","meta":{"footnotes":""},"categories":[9653],"tags":[1111,11,2430,3809,1465,1777,674,63,1011,27,1792,1922,12,25,479,4001,3272,517,1470],"class_list":{"0":"post-286120","1":"post","2":"type-post","3":"status-publish","4":"format-standard","5":"has-post-thumbnail","7":"category-saint-etienne","8":"tag-actu","9":"tag-actualites","10":"tag-auvergne-rhone-alpes","11":"tag-ball","12":"tag-basket","13":"tag-eu","14":"tag-europe","15":"tag-football","16":"tag-fr","17":"tag-france","18":"tag-handball","19":"tag-info","20":"tag-news","21":"tag-republique-francaise","22":"tag-rugby","23":"tag-saint-etienne","24":"tag-saint-nazaire","25":"tag-sport","26":"tag-volley"},"share_on_mastodon":{"url":"https:\/\/pubeurope.com\/@fr\/114946564861255053","error":""},"_links":{"self":[{"href":"https:\/\/www.europesays.com\/fr\/wp-json\/wp\/v2\/posts\/286120","targetHints":{"allow":["GET"]}}],"collection":[{"href":"https:\/\/www.europesays.com\/fr\/wp-json\/wp\/v2\/posts"}],"about":[{"href":"https:\/\/www.europesays.com\/fr\/wp-json\/wp\/v2\/types\/post"}],"author":[{"embeddable":true,"href":"https:\/\/www.europesays.com\/fr\/wp-json\/wp\/v2\/users\/2"}],"replies":[{"embeddable":true,"href":"https:\/\/www.europesays.com\/fr\/wp-json\/wp\/v2\/comments?post=286120"}],"version-history":[{"count":0,"href":"https:\/\/www.europesays.com\/fr\/wp-json\/wp\/v2\/posts\/286120\/revisions"}],"wp:featuredmedia":[{"embeddable":true,"href":"https:\/\/www.europesays.com\/fr\/wp-json\/wp\/v2\/media\/286121"}],"wp:attachment":[{"href":"https:\/\/www.europesays.com\/fr\/wp-json\/wp\/v2\/media?parent=286120"}],"wp:term":[{"taxonomy":"category","embeddable":true,"href":"https:\/\/www.europesays.com\/fr\/wp-json\/wp\/v2\/categories?post=286120"},{"taxonomy":"post_tag","embeddable":true,"href":"https:\/\/www.europesays.com\/fr\/wp-json\/wp\/v2\/tags?post=286120"}],"curies":[{"name":"wp","href":"https:\/\/api.w.org\/{rel}","templated":true}]}}