{"id":286126,"date":"2025-07-31T07:04:13","date_gmt":"2025-07-31T07:04:13","guid":{"rendered":"https:\/\/www.europesays.com\/fr\/286126\/"},"modified":"2025-07-31T07:04:13","modified_gmt":"2025-07-31T07:04:13","slug":"quelles-nouveautes-a-decouvrir-cet-ete-au-parc-animalier-zoa-a-sanary","status":"publish","type":"post","link":"https:\/\/www.europesays.com\/fr\/286126\/","title":{"rendered":"Quelles nouveaut\u00e9s \u00e0 d\u00e9couvrir cet \u00e9t\u00e9, au parc animalier Zoa \u00e0 Sanary?"},"content":{"rendered":"<p>Cr\u00e9\u00e9 \u00e0 la fin des ann\u00e9es 1950 par Maurice et Odile Cl\u00e9ment, le parc animalier de Sanary \u00e9tait \u00e0 l\u2019origine un jardin botanique. En effet, le couple \u00e9tait passionn\u00e9 par les plantes grasses et exotiques, rapport\u00e9es de voyages dans diff\u00e9rents pays par les marins. Vers la fin des ann\u00e9es 1980, de nouvelles esp\u00e8ces d\u2019animaux firent leur apparition parmi les souvenirs rapport\u00e9s de voyage. C\u2019est ainsi que le jardin botanique est devenu un parc animalier exotique.<\/p>\n<p>Depuis, le parc s\u2019est modernis\u00e9, notamment durant les ann\u00e9es 2010 \u00e0 2014. Aujourd\u2019hui, toutes les esp\u00e8ces poss\u00e8dent un espace int\u00e9rieur, mais aussi ext\u00e9rieur, pour pouvoir profiter du soleil quand elles le souhaitent. \u00ab\u00a0La plupart des animaux viennent de pays exotiques, elles aiment donc la chaleur, c\u2019est pourquoi il est important qu\u2019elles puissent \u00eatre en ext\u00e9rieur. C\u2019est un avantage de ce parc\u00a0\u00bb, explique Fr\u00e9d\u00e9ric Tardy, directeur du parc Zoa. Pauline Cottin, responsable p\u00e9dagogique, ajoute: \u00ab\u00a0Ici, on privil\u00e9gie le fait d\u2019avoir des petites esp\u00e8ces, qui ont besoin de moins d\u2019espace, et qui pourront donc avoir assez de place pour vivre correctement.\u00a0\u00bb<\/p>\n<p>Un nouveau vivarium<\/p>\n<p>              <img ci-src=\"https:\/\/www.varmatin.com\/vie-locale\/protec\/DATA_ART_15997011-zokH5rKZ.jpg?vh=dbede9&amp;ci_seal=da55c52013\" alt=\"\"\/><br \/>\n        Zoa est le premier parc \u00e0 pr\u00e9senter un tamandua en ext\u00e9rieur.  <strong>Photo DR.<\/strong> <\/p>\n<p>Dans ce parc familial &#8211; qui accueille pr\u00e8s de 100.000 visiteurs par an -, pas d\u2019\u00e9l\u00e9phants ni de girafes donc, mais vous trouverez un tamandua, des ca\u00efmans \u00e0 lunettes, des aras, mais aussi des \u00e2nes, des ch\u00e8vres et m\u00eame des poules en libert\u00e9!<\/p>\n<p>Accessible aux personnes en fauteuils roulants et les poussettes, le parc propose \u00e9galement des espaces de pique-nique, ainsi qu\u2019un snack et une grande aire de jeux pour les enfants. Un vivarium climatis\u00e9 &#8211; avec serpents et varans &#8211; a \u00e9galement ouvert d\u00e9but juillet dans la serre, et sera termin\u00e9 d\u2019ici la fin de l\u2019ann\u00e9e.<\/p>\n<p>\u00c9v\u00e9nements sp\u00e9ciaux de l\u2019\u00e9t\u00e9<\/p>\n<p>              <img ci-src=\"https:\/\/www.varmatin.com\/vie-locale\/protec\/DATA_ART_15997005-zP5ZzMi0.jpg?vh=8768e6&amp;ci_seal=1a8a29660a\" alt=\"\"\/><br \/>\n        Tous les mercredis, des soir\u00e9es musicales sont organis\u00e9es. <\/p>\n<p>Tout au long de l\u2019\u00e9t\u00e9, le parc propose \u00e9galement des animations, appel\u00e9es cr\u00e9pusculaires. Chaque mercredi, vous pouvez assister \u00e0 un concert de musiciens, de 18h30\u00e0 21h. Le 15 ao\u00fbt sera une soir\u00e9e r\u00e9serv\u00e9e aux musiques Disney, id\u00e9ale pour les plus jeunes. Les lundis 11 et 18 ao\u00fbt, un spectacle de magie aura lieu au sein du zoo, \u00e0 partir de 18h30\u00e9galement.<\/p>\n<p>En plus de ces soir\u00e9es cr\u00e9pusculaires, vous pouvez \u00e9galement acc\u00e9der \u00e0 des visites privil\u00e8ges. Pour 80 euros par groupe de deux \u00e0 six personnes, vous pourrez distribuer les rations du soir ou le go\u00fbter aux mangoustes, aux flamants rouges des Cara\u00efbes, aux loutres ou encore aux suricates. Ces visites se font sur r\u00e9servation uniquement.<\/p>\n<p>Un b\u00e9b\u00e9 ocelot<\/p>\n<p>Cette ann\u00e9e, un petit ocelot est n\u00e9 au sein du parc. Pour l\u2019instant trop jeune pour sortir, il reste aupr\u00e8s de sa m\u00e8re et sera pr\u00e9sent\u00e9 au public d\u2019ici la fin de l\u2019\u00e9t\u00e9.<\/p>\n<p>Pratique Le parc Zoa est situ\u00e9 au 131, avenue du Pont d\u2019Aran \u00e0 Sanary. Ouvert de 9h \u00e0 20h (plus d\u2019entr\u00e9e apr\u00e8s 19h). Tarifs: 11 euros pour les enfants (jusqu\u2019\u00e0 10 ans) et 14,50 euros pour les adultes. Rens. 04.94.29.40.38.<\/p>\n<p>              <img ci-src=\"https:\/\/www.varmatin.com\/vie-locale\/protec\/DATA_ART_15997007-oVf4dfLH.jpg?vh=fdc208&amp;ci_seal=8339a65898\" alt=\"\"\/><br \/>\n        Le parc poss\u00e8de pr\u00e8s de 80 esp\u00e8ces diff\u00e9rentes. <\/p>\n","protected":false},"excerpt":{"rendered":"Cr\u00e9\u00e9 \u00e0 la fin des ann\u00e9es 1950 par Maurice et Odile Cl\u00e9ment, le parc animalier de Sanary \u00e9tait&hellip;\n","protected":false},"author":2,"featured_media":286127,"comment_status":"","ping_status":"","sticky":false,"template":"","format":"standard","meta":{"footnotes":""},"categories":[9619],"tags":[1111,11,1777,674,1011,27,12,882,25,2310,3366],"class_list":{"0":"post-286126","1":"post","2":"type-post","3":"status-publish","4":"format-standard","5":"has-post-thumbnail","7":"category-toulon","8":"tag-actu","9":"tag-actualites","10":"tag-eu","11":"tag-europe","12":"tag-fr","13":"tag-france","14":"tag-news","15":"tag-provence-alpes-cote-dazur","16":"tag-republique-francaise","17":"tag-toulon","18":"tag-vie-locale"},"share_on_mastodon":{"url":"https:\/\/pubeurope.com\/@fr\/114946576480429697","error":""},"_links":{"self":[{"href":"https:\/\/www.europesays.com\/fr\/wp-json\/wp\/v2\/posts\/286126","targetHints":{"allow":["GET"]}}],"collection":[{"href":"https:\/\/www.europesays.com\/fr\/wp-json\/wp\/v2\/posts"}],"about":[{"href":"https:\/\/www.europesays.com\/fr\/wp-json\/wp\/v2\/types\/post"}],"author":[{"embeddable":true,"href":"https:\/\/www.europesays.com\/fr\/wp-json\/wp\/v2\/users\/2"}],"replies":[{"embeddable":true,"href":"https:\/\/www.europesays.com\/fr\/wp-json\/wp\/v2\/comments?post=286126"}],"version-history":[{"count":0,"href":"https:\/\/www.europesays.com\/fr\/wp-json\/wp\/v2\/posts\/286126\/revisions"}],"wp:featuredmedia":[{"embeddable":true,"href":"https:\/\/www.europesays.com\/fr\/wp-json\/wp\/v2\/media\/286127"}],"wp:attachment":[{"href":"https:\/\/www.europesays.com\/fr\/wp-json\/wp\/v2\/media?parent=286126"}],"wp:term":[{"taxonomy":"category","embeddable":true,"href":"https:\/\/www.europesays.com\/fr\/wp-json\/wp\/v2\/categories?post=286126"},{"taxonomy":"post_tag","embeddable":true,"href":"https:\/\/www.europesays.com\/fr\/wp-json\/wp\/v2\/tags?post=286126"}],"curies":[{"name":"wp","href":"https:\/\/api.w.org\/{rel}","templated":true}]}}