{"id":286132,"date":"2025-07-31T07:07:11","date_gmt":"2025-07-31T07:07:11","guid":{"rendered":"https:\/\/www.europesays.com\/fr\/286132\/"},"modified":"2025-07-31T07:07:11","modified_gmt":"2025-07-31T07:07:11","slug":"une-plainte-deposee-apres-leuthanasie-de-200-chauves-souris-du-zoo","status":"publish","type":"post","link":"https:\/\/www.europesays.com\/fr\/286132\/","title":{"rendered":"Une plainte d\u00e9pos\u00e9e apr\u00e8s l\u2019euthanasie de 200 chauves-souris du zoo"},"content":{"rendered":"<p>Une plainte pour \u00e9viter que la situation \u00ab\u00a0se reproduise sur d\u2019autres animaux\u00a0\u00bb. Un conseiller municipal de <a href=\"https:\/\/www.20minutes.fr\/montpellier\/\" class=\"color-ultramarine c-link\" target=\"_blank\" rel=\"noopener\">Montpellier<\/a>, \u00e9lu du <a href=\"https:\/\/www.20minutes.fr\/politique\/parti-animaliste\/\" class=\"color-ultramarine c-link\" target=\"_blank\" rel=\"noopener\">Parti animaliste<\/a>, a d\u00e9pos\u00e9 plainte apr\u00e8s l\u2019euthanasie de 200 chauves-souris du <a href=\"https:\/\/www.20minutes.fr\/dossier\/zoo\" class=\"color-ultramarine c-link\" target=\"_blank\" rel=\"noopener\">zoo <\/a>de la ville en f\u00e9vrier, faute d\u2019autre site pour les accueillir, a confirm\u00e9 le tribunal administratif mercredi \u00e0 l\u2019AFP.<\/p>\n<p>Eddine Ariztegui, \u00e9lu au conseil municipal et d\u00e9l\u00e9gu\u00e9 au bien-\u00eatre animal, a saisi lundi le tribunal administratif de Montpellier, qui n\u2019a pas pr\u00e9cis\u00e9 \u00e0 quelle date il pourrait \u00e9tudier ce dossier. La justice doit \u00ab\u00a0confirmer que cette euthanasie \u00e9tait irr\u00e9guli\u00e8re, pour que \u00e7a ne se reproduise pas sur d\u2019autres animaux\u00a0\u00bb, a plaid\u00e9 l\u2019\u00e9lu aupr\u00e8s de l\u2019AFP.<\/p>\n<p>Expuls\u00e9s de la serre amazonienne<\/p>\n<p>Ces chiropt\u00e8res \u00e9taient sans domicile fixe depuis\u00a02021 au zoo de Montpellier. Leur avenir \u00e9tait \u00e0 l\u2019\u00e9tude depuis de nombreux mois apr\u00e8s leur expulsion de la serre amazonienne de l\u2019\u00e9tablissement, ferm\u00e9e apr\u00e8s un rapport de la Direction d\u00e9partementale de protection des populations (DDPP) d\u00e9non\u00e7ant les conditions de vie des animaux et d\u2019accueil du public.<\/p>\n<p>\u00ab\u00a0La direction du zoo s\u2019est imm\u00e9diatement charg\u00e9e de trouver des parcs animaliers, en France et en Europe, \u00e0 m\u00eame d\u2019accueillir les animaux de la serre, dont la population des chauves-souris\u00a0\u00bb, ont expliqu\u00e9 les services de la mairie \u00e0 l\u2019AFP. Une r\u00e9introduction en <a href=\"https:\/\/www.20minutes.fr\/dossier\/guyane\" class=\"color-ultramarine c-link\" target=\"_blank\" rel=\"noopener\">Guyane <\/a>avait ainsi \u00e9t\u00e9 envisag\u00e9e. Eddine\u00a0Ariztegui avait lui-m\u00eame particip\u00e9 \u00e0 ces recherches en contactant \u00ab\u00a0pr\u00e8s de 1.000 institutions \u00e0 travers le monde\u00a0\u00bb, a-t-il pr\u00e9cis\u00e9. Quant \u00e0 l\u2019id\u00e9e de leur construire un enclos, c\u2019\u00e9tait \u00ab\u00a0200.000 euros, une goutte d\u2019eau dans le budget de la Ville\u00a0\u00bb, mais cette solution \u00ab\u00a0n\u2019a jamais \u00e9t\u00e9 valid\u00e9e\u00a0\u00bb, a-t-il regrett\u00e9.<\/p>\n<\/p>\n<p>Pas de motif m\u00e9dical<\/p>\n<p>\u00ab\u00a0Faute de solution alternative ad\u00e9quate\u00a0\u00bb, et alors que les 200 chauves-souris \u00e9taient en quarantaine dans des installations \u00ab\u00a0n\u2019offrant plus les conditions de bien-\u00eatre garantissant leur bonne sant\u00e9 et survie\u00a0\u00bb, la ville, mise en demeure par la DDPP, <a href=\"https:\/\/www.20minutes.fr\/planete\/animaux\/4077008-20240219-montpellier-500-chauves-souris-menacees-euthanasie-zoo-lunaret\" class=\"color-ultramarine c-link\" target=\"_blank\" rel=\"noopener\">avait finalement opt\u00e9 pour l\u2019euthanasie<\/a>. Celle-ci a \u00e9t\u00e9 pratiqu\u00e9e le 19\u00a0f\u00e9vrier par les v\u00e9t\u00e9rinaires du zoo \u00ab\u00a0apr\u00e8s la diffusion d\u2019un anesth\u00e9siant provoquant un endormissement profond\u00a0\u00bb, un protocole ayant permis d\u2019\u00e9viter aux animaux \u00ab\u00a0de la douleur ou du stress\u00a0\u00bb, a pr\u00e9cis\u00e9 la mairie.<\/p>\n<p>Ces chauves-souris, de type Carollia perspicillata, n\u2019appartenaient pas \u00e0 une esp\u00e8ce menac\u00e9e, selon l\u2019Union internationale pour la conservation de la nature (UICN), qui les avait temporairement class\u00e9es parmi les esp\u00e8ces \u00e0 \u00ab\u00a0pr\u00e9occupation mineure\u00a0\u00bb, en\u00a02017. Le Parti animaliste a appel\u00e9, dans un communiqu\u00e9 mardi, \u00ab\u00a0les l\u00e9gislateurs \u00e0 voter une loi pour interdire\u00a0\u00bb l\u2019abattage r\u00e9guli\u00e8rement pratiqu\u00e9 dans les zoos, \u00ab\u00a0qui mettent \u00e0 mort des animaux sans motif m\u00e9dical\u00a0\u00bb.<\/p>\n","protected":false},"excerpt":{"rendered":"Une plainte pour \u00e9viter que la situation \u00ab\u00a0se reproduise sur d\u2019autres animaux\u00a0\u00bb. Un conseiller municipal de Montpellier, \u00e9lu&hellip;\n","protected":false},"author":2,"featured_media":286133,"comment_status":"","ping_status":"","sticky":false,"template":"","format":"standard","meta":{"footnotes":""},"categories":[9599],"tags":[1111,47,11,1867,13906,1777,674,17193,1011,27,7089,2681,2208,12,2680,42498,25,104,6031],"class_list":{"0":"post-286132","1":"post","2":"type-post","3":"status-publish","4":"format-standard","5":"has-post-thumbnail","7":"category-montpellier","8":"tag-actu","9":"tag-actualite","10":"tag-actualites","11":"tag-animaux","12":"tag-cruaute-envers-les-animaux","13":"tag-eu","14":"tag-europe","15":"tag-euthanasie","16":"tag-fr","17":"tag-france","18":"tag-herault","19":"tag-languedoc-roussillon","20":"tag-montpellier","21":"tag-news","22":"tag-occitanie","23":"tag-parti-animaliste-pa","24":"tag-republique-francaise","25":"tag-societe","26":"tag-zoo"},"share_on_mastodon":{"url":"https:\/\/pubeurope.com\/@fr\/114946588241297238","error":""},"_links":{"self":[{"href":"https:\/\/www.europesays.com\/fr\/wp-json\/wp\/v2\/posts\/286132","targetHints":{"allow":["GET"]}}],"collection":[{"href":"https:\/\/www.europesays.com\/fr\/wp-json\/wp\/v2\/posts"}],"about":[{"href":"https:\/\/www.europesays.com\/fr\/wp-json\/wp\/v2\/types\/post"}],"author":[{"embeddable":true,"href":"https:\/\/www.europesays.com\/fr\/wp-json\/wp\/v2\/users\/2"}],"replies":[{"embeddable":true,"href":"https:\/\/www.europesays.com\/fr\/wp-json\/wp\/v2\/comments?post=286132"}],"version-history":[{"count":0,"href":"https:\/\/www.europesays.com\/fr\/wp-json\/wp\/v2\/posts\/286132\/revisions"}],"wp:featuredmedia":[{"embeddable":true,"href":"https:\/\/www.europesays.com\/fr\/wp-json\/wp\/v2\/media\/286133"}],"wp:attachment":[{"href":"https:\/\/www.europesays.com\/fr\/wp-json\/wp\/v2\/media?parent=286132"}],"wp:term":[{"taxonomy":"category","embeddable":true,"href":"https:\/\/www.europesays.com\/fr\/wp-json\/wp\/v2\/categories?post=286132"},{"taxonomy":"post_tag","embeddable":true,"href":"https:\/\/www.europesays.com\/fr\/wp-json\/wp\/v2\/tags?post=286132"}],"curies":[{"name":"wp","href":"https:\/\/api.w.org\/{rel}","templated":true}]}}