{"id":286134,"date":"2025-07-31T07:08:31","date_gmt":"2025-07-31T07:08:31","guid":{"rendered":"https:\/\/www.europesays.com\/fr\/286134\/"},"modified":"2025-07-31T07:08:31","modified_gmt":"2025-07-31T07:08:31","slug":"basket-lequipe-de-france-sera-de-retour-a-pau-en-juillet-2026","status":"publish","type":"post","link":"https:\/\/www.europesays.com\/fr\/286134\/","title":{"rendered":"Basket. L\u2019\u00e9quipe de France sera de retour \u00e0 Pau en juillet 2026"},"content":{"rendered":"<p>Attendus la semaine prochaine en B\u00e9arn pour poursuivre la pr\u00e9paration \u00e0 l\u2019Euro de fin d\u2019\u00e9t\u00e9 (27\u00a0ao\u00fbt &#8211; 14\u00a0septembre) avec un match face \u00e0 la Grande-Bretagne au Palais des sports le vendredi 8\u00a0ao\u00fbt \u00e0 21h (<a href=\"https:\/\/billetterie.ffbb.com\/fr\/meeting\/153\/france_montenegro\" target=\"_blank\" rel=\"nofollow noopener\">billetterie ici)<\/a> les Bleus seront de retour en B\u00e9arn en juillet prochain, pour y disputer un match officiel cette fois, face \u00e0 la Finlande le lundi 6\u00a0juillet 2026.<\/p>\n<p>Ce mardi, la F\u00e9d\u00e9ration Fran\u00e7aise de Basket a en effet d\u00e9voil\u00e9 les trois villes qui accueilleront les rencontres de l\u2019\u00c9quipe de France lors de la premi\u00e8re phase de qualification \u00e0 la Coupe du Monde 2027 qui se disputera au Qatar du 27\u00a0ao\u00fbt au 12.<\/p>\n<p>Six rencontres de qualifications sont au programme entre novembre 2025 et juillet 2026. Lors des matches \u00e0 domicile de cette premi\u00e8re phase, les Bleus de Fr\u00e9d\u00e9ric Fauthoux affronteront la Belgique \u00e0 Rouen le 28\u00a0novembre 2025, un adversaire \u00e0 d\u00e9terminer (Mac\u00e9doine du Nord, Hongrie ou Roumanie) au\u00a0Mans le 1er\u00a0mars 2026 et donc la Finlande \u00e0 Pau le 6\u00a0juillet 2026.<\/p>\n<p>Dans la poule G, compos\u00e9e de quatre \u00e9quipes, les trois premiers du classement seront qualifi\u00e9s pour la deuxi\u00e8me phase qui se d\u00e9roulera du mois d\u2019ao\u00fbt 2026 au mois de f\u00e9vrier 2027.<\/p>\n","protected":false},"excerpt":{"rendered":"Attendus la semaine prochaine en B\u00e9arn pour poursuivre la pr\u00e9paration \u00e0 l\u2019Euro de fin d\u2019\u00e9t\u00e9 (27\u00a0ao\u00fbt &#8211; 14\u00a0septembre)&hellip;\n","protected":false},"author":2,"featured_media":286135,"comment_status":"","ping_status":"","sticky":false,"template":"","format":"standard","meta":{"footnotes":""},"categories":[9587],"tags":[1111,11,1777,674,1011,27,12,5161,25,9590],"class_list":{"0":"post-286134","1":"post","2":"type-post","3":"status-publish","4":"format-standard","5":"has-post-thumbnail","7":"category-rouen","8":"tag-actu","9":"tag-actualites","10":"tag-eu","11":"tag-europe","12":"tag-fr","13":"tag-france","14":"tag-news","15":"tag-normandie","16":"tag-republique-francaise","17":"tag-rouen"},"share_on_mastodon":{"url":"https:\/\/pubeurope.com\/@fr\/114946592269298521","error":""},"_links":{"self":[{"href":"https:\/\/www.europesays.com\/fr\/wp-json\/wp\/v2\/posts\/286134","targetHints":{"allow":["GET"]}}],"collection":[{"href":"https:\/\/www.europesays.com\/fr\/wp-json\/wp\/v2\/posts"}],"about":[{"href":"https:\/\/www.europesays.com\/fr\/wp-json\/wp\/v2\/types\/post"}],"author":[{"embeddable":true,"href":"https:\/\/www.europesays.com\/fr\/wp-json\/wp\/v2\/users\/2"}],"replies":[{"embeddable":true,"href":"https:\/\/www.europesays.com\/fr\/wp-json\/wp\/v2\/comments?post=286134"}],"version-history":[{"count":0,"href":"https:\/\/www.europesays.com\/fr\/wp-json\/wp\/v2\/posts\/286134\/revisions"}],"wp:featuredmedia":[{"embeddable":true,"href":"https:\/\/www.europesays.com\/fr\/wp-json\/wp\/v2\/media\/286135"}],"wp:attachment":[{"href":"https:\/\/www.europesays.com\/fr\/wp-json\/wp\/v2\/media?parent=286134"}],"wp:term":[{"taxonomy":"category","embeddable":true,"href":"https:\/\/www.europesays.com\/fr\/wp-json\/wp\/v2\/categories?post=286134"},{"taxonomy":"post_tag","embeddable":true,"href":"https:\/\/www.europesays.com\/fr\/wp-json\/wp\/v2\/tags?post=286134"}],"curies":[{"name":"wp","href":"https:\/\/api.w.org\/{rel}","templated":true}]}}