{"id":28614,"date":"2025-04-16T06:29:11","date_gmt":"2025-04-16T06:29:11","guid":{"rendered":"https:\/\/www.europesays.com\/fr\/28614\/"},"modified":"2025-04-16T06:29:11","modified_gmt":"2025-04-16T06:29:11","slug":"devant-la-salle-de-sport-on-air-a-paris-stupeur-au-lendemain-de-laccident-mortel","status":"publish","type":"post","link":"https:\/\/www.europesays.com\/fr\/28614\/","title":{"rendered":"devant la salle de sport On Air \u00e0 Paris, stupeur au lendemain de l&rsquo;accident mortel"},"content":{"rendered":"<p>            Par<br \/>\n        <strong><br \/>\n            <a href=\"https:\/\/actu.fr\/auteur\/antoine-blanchet\" title=\"Consulter tous les articles de Antoine Blanchet\" rel=\"nofollow noopener\" target=\"_blank\">Antoine Blanchet<\/a><br \/>\n        <\/strong><\/p>\n<p>        Publi\u00e9 le<\/p>\n<p>            15 avr. 2025 \u00e0 12h32        <\/p>\n<p>La d\u00e9ception puis l\u2019effroi. Ce mardi 15 avril 2025, les adh\u00e9rents <strong>de la salle de sport On Air<\/strong>, situ\u00e9e boulevard Voltaire \u00e0 <a href=\"https:\/\/actu.fr\/paris\/\" rel=\"nofollow noopener\" target=\"_blank\">Paris<\/a>, viennent au compte-goutte tenter de faire leur s\u00e9ance quotidienne. Malgr\u00e9 leur insistance, la porte ne s\u2019ouvre pas. Ils ne savent pas que le lieu est ferm\u00e9 pour une raison tragique : lundi, une <strong>fuite d\u2019azote<\/strong> d\u2019un appareil de cryoth\u00e9rapie <a href=\"https:\/\/actu.fr\/ile-de-france\/paris_75056\/paris-au-moins-un-mort-apres-une-seance-de-cryotherapie-dans-une-salle-de-sport-du-11e-arrondissement_62511090.html\" rel=\"nofollow noopener\" target=\"_blank\">a caus\u00e9 la mort d\u2019une employ\u00e9e<\/a>. Une cliente a \u00e9t\u00e9 hospitalis\u00e9e en urgence absolue.<\/p>\n<p>\u00ab\u00a0J\u2019aurais jamais pu imaginer\u00a0\u00bb<\/p>\n<p class=\" wall-content\">\u00ab\u00a0Mon Dieu\u00a0\u00bb, lance une adh\u00e9rente, la main sur la bouche. La jeune femme, abonn\u00e9e depuis plusieurs mois,<strong> ne peut cacher sa stupeur<\/strong>. \u00ab\u00a0C\u2019est horrible !\u00a0\u00bb, crie un autre. D\u2019autres yeux s\u2019\u00e9carquillent au fil de la matin\u00e9e. \u00ab\u00a0J\u2019aurais jamais pu imaginer que quelque chose comme \u00e7a aurait pu arriver avec ces machines\u00a0\u00bb, souffle un homme en jogging. \u00ab\u00a0Mourir sur son lieu de travail. C\u2019est terrible\u00a0\u00bb, l\u00e2che un autre passant.\u00a0<\/p>\n<p class=\" wall-content\">C\u2019est vers 17 heures que l\u2019accident s\u2019est produit dans l\u2019espace d\u00e9di\u00e9 \u00e0 la cryoth\u00e9rapie. Selon les informations dont nous disposons, il y aurait une fuite de la machine lors d\u2019une session. De l\u2019azote s\u2019est alors r\u00e9pandu dans l\u2019atmosph\u00e8re, occasionnant <strong>une intoxication de l\u2019employ\u00e9e pr\u00e9sente<\/strong> et de l\u2019adh\u00e9rente. \u00ab\u00a0Il y avait beaucoup de pompiers sur place. C\u2019\u00e9tait impressionnant\u00a0\u00bb, relate un voisin.\u00a0<\/p>\n<p class=\" wall-content\">Une enqu\u00eate a \u00e9t\u00e9 ouverte pour rechercher les causes de la mort, nous a indiqu\u00e9 le parquet de Paris. Dans la soir\u00e9e, la salle a communiqu\u00e9 que le lieu serait ferm\u00e9 \u00ab\u00a0exceptionnellement\u00a0\u00bb. Contact\u00e9, le g\u00e9rant n\u2019a pas souhait\u00e9 s\u2019exprimer sur la situation.\u00a0<\/p>\n<p>\u00ab\u00a0Elle \u00e9tait tr\u00e8s gentille\u00a0\u00bb<\/p>\n<p class=\" wall-content\">Parmi les abonn\u00e9s venus ce mardi matin, certains connaissaient l\u2019employ\u00e9e d\u00e9c\u00e9d\u00e9e, \u00e2g\u00e9e de 29 ans. \u00ab\u00a0Je la voyais \u00e0 chaque fois que je venais. Elle travaillait \u00e0 l\u2019accueil et s\u2019occupait de l\u2019entretien des machines et de la salle. Elle \u00e9tait tr\u00e8s gentille\u00a0\u00bb, se rem\u00e9more un adh\u00e9rent. Depuis le drame, les hommages affluent sur les r\u00e9seaux sociaux de la victime, passionn\u00e9e de fitness.\u00a0<\/p>\n<p>Une salle de sport sans probl\u00e8me\u00a0<\/p>\n<p class=\" wall-content\">Au sein des habitu\u00e9s de la salle de sport, l\u2019\u00e9tonnement est d\u2019autant plus grand que <strong>l\u2019\u00e9tat des machines \u00e9tait irr\u00e9prochable<\/strong>. \u00ab\u00a0C\u2019\u00e9tait assez clean \u00e0 l\u2019int\u00e9rieur, et les machines n\u2019\u00e9taient pas d\u00e9fectueuses\u00a0\u00bb, d\u00e9taille un adh\u00e9rent. \u00ab\u00a0Je viens trois fois par semaine. Tout est fonctionnel. \u00c7a m\u2019\u00e9tonne beaucoup cet accident\u00a0\u00bb. N\u00e9cessitant un co\u00fbt suppl\u00e9mentaire, les machines de cryoth\u00e9rapie \u00e9taient tr\u00e8s peu utilis\u00e9es : \u00ab\u00a0Je voyais tr\u00e8s peu de gens l\u00e0-bas\u00a0\u00bb.\u00a0<\/p>\n<p class=\" wall-content\">Suivez toute l\u2019actualit\u00e9 de vos villes et m\u00e9dias favoris en vous inscrivant \u00e0 <a href=\"https:\/\/moncompte.actu.fr\" title=\"D\u00e9couvez Mon Actu\" rel=\"nofollow noopener\" data-trk=\"{&quot;cta&quot;:{&quot;action&quot;:&quot;https:\\\/\\\/moncompte.actu.fr&quot;,&quot;category&quot;:&quot;mon compte&quot;,&quot;from&quot;:&quot;article footer&quot;,&quot;name&quot;:&quot;Mon actu&quot;,&quot;type&quot;:&quot;cta&quot;}}\" target=\"_blank\">Mon Actu<\/a>.<\/p>\n","protected":false},"excerpt":{"rendered":"Par Antoine Blanchet Publi\u00e9 le 15 avr. 2025 \u00e0 12h32 La d\u00e9ception puis l\u2019effroi. Ce mardi 15 avril&hellip;\n","protected":false},"author":2,"featured_media":28615,"comment_status":"","ping_status":"","sticky":false,"template":"","format":"standard","meta":{"footnotes":""},"categories":[2],"tags":[119,11,118,1011,27,12,1072,25],"class_list":{"0":"post-28614","1":"post","2":"type-post","3":"status-publish","4":"format-standard","5":"has-post-thumbnail","7":"category-actualites","8":"tag-accident","9":"tag-actualites","10":"tag-faits-divers","11":"tag-fr","12":"tag-france","13":"tag-news","14":"tag-police","15":"tag-republique-francaise"},"share_on_mastodon":{"url":"https:\/\/pubeurope.com\/@fr\/114346233911474608","error":""},"_links":{"self":[{"href":"https:\/\/www.europesays.com\/fr\/wp-json\/wp\/v2\/posts\/28614","targetHints":{"allow":["GET"]}}],"collection":[{"href":"https:\/\/www.europesays.com\/fr\/wp-json\/wp\/v2\/posts"}],"about":[{"href":"https:\/\/www.europesays.com\/fr\/wp-json\/wp\/v2\/types\/post"}],"author":[{"embeddable":true,"href":"https:\/\/www.europesays.com\/fr\/wp-json\/wp\/v2\/users\/2"}],"replies":[{"embeddable":true,"href":"https:\/\/www.europesays.com\/fr\/wp-json\/wp\/v2\/comments?post=28614"}],"version-history":[{"count":0,"href":"https:\/\/www.europesays.com\/fr\/wp-json\/wp\/v2\/posts\/28614\/revisions"}],"wp:featuredmedia":[{"embeddable":true,"href":"https:\/\/www.europesays.com\/fr\/wp-json\/wp\/v2\/media\/28615"}],"wp:attachment":[{"href":"https:\/\/www.europesays.com\/fr\/wp-json\/wp\/v2\/media?parent=28614"}],"wp:term":[{"taxonomy":"category","embeddable":true,"href":"https:\/\/www.europesays.com\/fr\/wp-json\/wp\/v2\/categories?post=28614"},{"taxonomy":"post_tag","embeddable":true,"href":"https:\/\/www.europesays.com\/fr\/wp-json\/wp\/v2\/tags?post=28614"}],"curies":[{"name":"wp","href":"https:\/\/api.w.org\/{rel}","templated":true}]}}