{"id":286143,"date":"2025-07-31T07:14:28","date_gmt":"2025-07-31T07:14:28","guid":{"rendered":"https:\/\/www.europesays.com\/fr\/286143\/"},"modified":"2025-07-31T07:14:28","modified_gmt":"2025-07-31T07:14:28","slug":"pour-les-municipales-les-insoumis-strasbourgeois-menent-une-campagne-a-bas-bruit","status":"publish","type":"post","link":"https:\/\/www.europesays.com\/fr\/286143\/","title":{"rendered":"Pour les municipales, les Insoumis strasbourgeois m\u00e8nent une campagne \u00e0 bas bruit"},"content":{"rendered":"<p class=\"wp-block-post-excerpt__excerpt\">Alors que la plupart des partis ont d\u00e9j\u00e0 lanc\u00e9 leur campagne pour les \u00e9lections municipales de mars 2026, La France insoumise reste en retrait \u00e0 Strasbourg. Sans t\u00eate de liste, sans programme et sans mat\u00e9riel de campagne, le mouvement se pr\u00e9pare sur le terrain. <\/p>\n<p>Roni Gocer<\/p>\n<p>Publi\u00e9 le 31 juillet 2025\u00a0\u00a0\u00b7\u00a0\u00a0<\/p>\n<p>Imprim\u00e9 le 31 juillet 2025 \u00e0 09h14\u00a0\u00a0\u00b7\u00a0\u00a0<\/p>\n<p>\t\t\t\t\t5\u00a0minutes\n<\/p>\n<p>\u00ab\u00a0Bonjour monsieur, c\u2019est La France insoumise, le parti de Jean-Luc M\u00e9lenchon !\u00a0\u00bb Devant le militant plein d\u2019entrain, le quarantenaire en sandales reste interdit sur le pas de sa porte. En ouvrant la porte, il ne s\u2019attendait pas \u00e0 trouver une petite dizaine de militant\u00b7es, tracts \u00e0 la main, dans le hall de son immeuble. Mercredi 23 juillet, en fin de journ\u00e9e, la section strasbourgeoise de La France insoumise s\u2019est lanc\u00e9e dans une op\u00e9ration de porte-\u00e0-porte dans le quartier d\u2019Hautepierre.<\/p>\n<p>Depuis la fin du printemps, le mouvement multiplie les actions de terrain. Apr\u00e8s avoir d\u00e9sign\u00e9 leur tandem de \u00ab\u00a0co-chef\u00b7fes de file\u00a0\u00bb, Lisa Farault et Benjamin Kuntz <a href=\"https:\/\/www.rue89strasbourg.com\/la-france-insoumise-strasbourg-2026-345577\" rel=\"nofollow noopener\" target=\"_blank\">en juin<\/a>, le mouvement reste peu visible dans l\u2019espace m\u00e9diatique local et se dirige vers les \u00e9lections municipales avec un tempo lent. Moins d\u2019annonces que leurs concurrents politiques \u2013 dont certains visages tapissent d\u00e9j\u00e0 les panneaux d\u2019affichages \u2013 pas de candidat d\u00e9clar\u00e9, pas encore de programme. En sous-main, les groupes militants s\u2019activent pourtant pour rester pr\u00e9sents dans les quartiers populaires strasbourgeois.<\/p>\n<p><a href=\"https:\/\/www.rue89strasbourg.com\/abonnement\/paiement?sub=3&amp;discount=ete2025\" rel=\"nofollow noopener\" target=\"_blank\"><img loading=\"lazy\" decoding=\"async\" width=\"970\" height=\"250\" src=\"https:\/\/www.europesays.com\/fr\/wp-content\/uploads\/2025\/07\/bannie\u0300re-site-desktop-anime\u0301e.gif\" alt=\"\" class=\"wp-image-350811\" style=\"width:792px;height:auto\"\/><\/a><\/p>\n<p><a href=\"https:\/\/www.rue89strasbourg.com\/abonnement\/paiement?sub=3&amp;discount=ete2025\" rel=\"nofollow noopener\" target=\"_blank\"><img loading=\"lazy\" decoding=\"async\" width=\"300\" height=\"300\" src=\"https:\/\/www.europesays.com\/fr\/wp-content\/uploads\/2025\/07\/bannie\u0300re-pub-mobile-anime\u0301e.gif\" alt=\"\" class=\"wp-image-350815\"\/><\/a><\/p>\n<p>Strat\u00e9gie de la merguez<\/p>\n<p class=\"has-warning-color has-text-color\">\n\t\t\t<strong> Cet article fait partie de l\u2019\u00e9dition abonn\u00e9s.<\/strong><br \/>\n\t\t\t| D\u00e9j\u00e0 abonn\u00e9\u00a0?<br \/>\n\t\t\t<a href=\"https:\/\/www.rue89strasbourg.com\/user\/connexion\" data-type=\"page\" data-id=\"116070\" rel=\"nofollow noopener\" target=\"_blank\">Connectez-vous<\/a>\n\t\t<\/p>\n<p>Abonnez-vous maintenant pour poursuivre votre lecture<\/p>\n<p><img loading=\"lazy\" decoding=\"async\" width=\"1206\" height=\"1241\" src=\"https:\/\/www.europesays.com\/fr\/wp-content\/uploads\/2025\/04\/04-paywall.png\" alt=\"Abonnez-vous\" class=\"wp-image-282314\" style=\"aspect-ratio:0.9717969379532635;width:281px;height:auto\"  \/><\/p>\n<p>\t\t\t<a href=\"https:\/\/www.rue89strasbourg.com\/\" class=\"custom-logo-link\" rel=\"home nofollow noopener\" target=\"_blank\"><img loading=\"lazy\" decoding=\"async\" width=\"290\" height=\"62\" src=\"https:\/\/www.europesays.com\/fr\/wp-content\/uploads\/2025\/04\/1743975279_388_logo.png\" class=\"custom-logo\" alt=\"Rue89 Strasbourg Enqu\u00eates et informations locales\"  \/><\/a><\/p>\n<p>\n\t\t\t\tAbonnez-vous maintenant pour suivre l\u2019actualit\u00e9 locale.\t\t\t<\/p>\n<p class=\"font-bold font-serif-heading mb-2 text-4xl\">\n\t\t\t\t\t\tL\u2019investigation locale \u00e0 port\u00e9e de main.\n\t\t\t\t\t<\/p>\n<p>\n\t\t\t\t\t\tAbonnez-vous et profitez d\u2019un acc\u00e8s illimit\u00e9 \u00e0 Rue89 Strasbourg. Annulez quand vous voulez.\n\t\t\t\t\t<\/p>\n<p class=\"xl:text-sm\">\n\t\t\t\t\tD\u00e9j\u00e0 abonn\u00e9\u00a0?<br \/>\n\t\t\t\t\t<a class=\"border border-transparent text-center transition-colors duration-instant focus:border-info focus:rounded focus:shadow-focus cursor-pointer text-black hover:text-gray-700 active:bg-black-700 font-semibold inline-block\" href=\"https:\/\/www.rue89strasbourg.com\/user\/connexion?redirect=\/france-insoumise-campagne-strasbourg-352510\" rel=\"nofollow noopener\" target=\"_blank\">Connectez-vous<\/a>\t\t\t\t<\/p>\n<p>\n\t\t\t\tChoisissez votre formule\u00a0:\n\t\t\t<\/p>\n<p>\t\t\t\tFermer<\/p>\n","protected":false},"excerpt":{"rendered":"Alors que la plupart des partis ont d\u00e9j\u00e0 lanc\u00e9 leur campagne pour les \u00e9lections municipales de mars 2026,&hellip;\n","protected":false},"author":2,"featured_media":286144,"comment_status":"","ping_status":"","sticky":false,"template":"","format":"standard","meta":{"footnotes":""},"categories":[2820],"tags":[1111,11,2761,1777,674,1011,27,775,2338,12,316,25,640],"class_list":{"0":"post-286143","1":"post","2":"type-post","3":"status-publish","4":"format-standard","5":"has-post-thumbnail","7":"category-strasbourg","8":"tag-actu","9":"tag-actualites","10":"tag-elections-municipales-2026","11":"tag-eu","12":"tag-europe","13":"tag-fr","14":"tag-france","15":"tag-grand-est","16":"tag-la-france-insoumise","17":"tag-news","18":"tag-politique","19":"tag-republique-francaise","20":"tag-strasbourg"},"share_on_mastodon":{"url":"https:\/\/pubeurope.com\/@fr\/114946615890228224","error":""},"_links":{"self":[{"href":"https:\/\/www.europesays.com\/fr\/wp-json\/wp\/v2\/posts\/286143","targetHints":{"allow":["GET"]}}],"collection":[{"href":"https:\/\/www.europesays.com\/fr\/wp-json\/wp\/v2\/posts"}],"about":[{"href":"https:\/\/www.europesays.com\/fr\/wp-json\/wp\/v2\/types\/post"}],"author":[{"embeddable":true,"href":"https:\/\/www.europesays.com\/fr\/wp-json\/wp\/v2\/users\/2"}],"replies":[{"embeddable":true,"href":"https:\/\/www.europesays.com\/fr\/wp-json\/wp\/v2\/comments?post=286143"}],"version-history":[{"count":0,"href":"https:\/\/www.europesays.com\/fr\/wp-json\/wp\/v2\/posts\/286143\/revisions"}],"wp:featuredmedia":[{"embeddable":true,"href":"https:\/\/www.europesays.com\/fr\/wp-json\/wp\/v2\/media\/286144"}],"wp:attachment":[{"href":"https:\/\/www.europesays.com\/fr\/wp-json\/wp\/v2\/media?parent=286143"}],"wp:term":[{"taxonomy":"category","embeddable":true,"href":"https:\/\/www.europesays.com\/fr\/wp-json\/wp\/v2\/categories?post=286143"},{"taxonomy":"post_tag","embeddable":true,"href":"https:\/\/www.europesays.com\/fr\/wp-json\/wp\/v2\/tags?post=286143"}],"curies":[{"name":"wp","href":"https:\/\/api.w.org\/{rel}","templated":true}]}}