{"id":286179,"date":"2025-07-31T07:37:15","date_gmt":"2025-07-31T07:37:15","guid":{"rendered":"https:\/\/www.europesays.com\/fr\/286179\/"},"modified":"2025-07-31T07:37:15","modified_gmt":"2025-07-31T07:37:15","slug":"russie-une-liste-de-dirigeants-russophobes-devoilee-emmanuel-macron-pointe-du-doigt-actualites","status":"publish","type":"post","link":"https:\/\/www.europesays.com\/fr\/286179\/","title":{"rendered":"Russie : une liste de dirigeants \u201crussophobes\u201d d\u00e9voil\u00e9e, Emmanuel Macron point\u00e9 du doigt : Actualit\u00e9s"},"content":{"rendered":"<p class=\"lead \"><strong>Le minist\u00e8re russe des Affaires \u00e9trang\u00e8res a publi\u00e9 une liste de dirigeants accus\u00e9s d\u2019avoir tenu des propos haineux contre Moscou. Si Emmanuel Macron est bien pr\u00e9sent, Donald Trump manque \u00e0 l\u2019appel. <\/strong><\/p>\n<p class=\"lead \"><a href=\"https:\/\/actu.orange.fr\/question-du-jour-2025-07-31-CNT000002jO5oa.html\" rel=\"nofollow noopener\" target=\"_blank\">Emmanuel Macron<\/a> est-il \u201crussophobe\u201d ? Le pr\u00e9sident de la R\u00e9publique appara\u00eet dans une liste du minist\u00e8re russe des Affaires \u00e9trang\u00e8res, d\u00e9voil\u00e9e le 24 juillet dernier, relaie <a href=\"https:\/\/fr.euronews.com\/my-europe\/2025\/07\/30\/le-kremlin-publie-une-nouvelle-liste-de-dirigeants-occidentaux-russophobes\" target=\"_blank\" rel=\"nofollow noopener\">Euronews<\/a>. Le texte compile des \u201cd\u00e9clarations de responsables et de repr\u00e9sentants\u201d utilisant \u201cun discours de haine\u201d contre la Russie. Les noms du chancelier allemand, du pr\u00e9sident de la R\u00e9publique italienne et du secr\u00e9taire g\u00e9n\u00e9ral de l\u2019OTAN figurent \u00e9galement. <\/p>\n<p class=\"lead \">Emmanuel Macron appara\u00eet \u00e0 deux reprises dans cette liste. En f\u00e9vrier dernier, le chef de l\u2019\u00c9tat avait affirm\u00e9 que la Russie \u201cconstitue une menace existentielle pour les Europ\u00e9ens\u201d, dans un entretien avec la presse quotidienne r\u00e9gionale, dont <a href=\"https:\/\/www.ladepeche.fr\/2025\/02\/18\/emmanuel-macron-a-la-depeche-pas-de-paix-durable-sans-les-ukrainiens-et-les-europeens-12521295.php\" target=\"_blank\" rel=\"nofollow noopener\">La D\u00e9p\u00eache du Midi<\/a>. Les mots du pr\u00e9sident de la R\u00e9publique n\u2019ont visiblement pas \u00e9t\u00e9 appr\u00e9ci\u00e9s. Le chef de l\u2019\u00c9tat est d\u2019ailleurs l\u2019unique repr\u00e9sentant fran\u00e7ais \u00e0 figurer dans cette liste.<\/p>\n<p>                                                                                                Pas de Trump ou de Zelensky <\/p>\n<p class=\"lead \">Une autre d\u00e9claration d\u2019Emmanuel Macron sur le possible envoi de troupes fran\u00e7aises en Ukraine est mentionn\u00e9e. Des propos tenus lors d\u2019une conf\u00e9rence de presse avec Donald Trump, en f\u00e9vrier dernier, selon le minist\u00e8re russe des Affaires \u00e9trang\u00e8res. Le pr\u00e9sident am\u00e9ricain est d\u2019ailleurs absent de cette liste, lui qui a multipli\u00e9 les attaques, ces derniers jours, contre le Kremlin autour du conflit en Ukraine.  <\/p>\n<p class=\"lead \">Un s\u00e9nateur des \u00c9tats-Unis, le r\u00e9publicain Lindsey Graham, est n\u00e9anmoins pr\u00e9sent, tout comme l\u2019Estonienne Kaja Kallas. Le nom de la haute repr\u00e9sentante de l\u2019Union europ\u00e9enne pour la politique \u00e9trang\u00e8re revient \u00e0 sept reprises dans cette fameuse liste, personne ne fait mieux qu\u2019elle. <\/p>\n<p class=\"small font-weight-bold text-gray3 \"> publi\u00e9 le 31 juillet \u00e0 09h07, Baptiste Marin, 6Medias<\/p>\n<p>                             Partager<\/p>\n","protected":false},"excerpt":{"rendered":"Le minist\u00e8re russe des Affaires \u00e9trang\u00e8res a publi\u00e9 une liste de dirigeants accus\u00e9s d\u2019avoir tenu des propos haineux&hellip;\n","protected":false},"author":2,"featured_media":286180,"comment_status":"","ping_status":"","sticky":false,"template":"","format":"standard","meta":{"footnotes":""},"categories":[1591],"tags":[11,1887,12,1885,1886,132],"class_list":{"0":"post-286179","1":"post","2":"type-post","3":"status-publish","4":"format-standard","5":"has-post-thumbnail","7":"category-russie","8":"tag-actualites","9":"tag-federation-de-russie","10":"tag-news","11":"tag-russia","12":"tag-russian-federation","13":"tag-russie"},"share_on_mastodon":{"url":"https:\/\/pubeurope.com\/@fr\/114946706257043048","error":""},"_links":{"self":[{"href":"https:\/\/www.europesays.com\/fr\/wp-json\/wp\/v2\/posts\/286179","targetHints":{"allow":["GET"]}}],"collection":[{"href":"https:\/\/www.europesays.com\/fr\/wp-json\/wp\/v2\/posts"}],"about":[{"href":"https:\/\/www.europesays.com\/fr\/wp-json\/wp\/v2\/types\/post"}],"author":[{"embeddable":true,"href":"https:\/\/www.europesays.com\/fr\/wp-json\/wp\/v2\/users\/2"}],"replies":[{"embeddable":true,"href":"https:\/\/www.europesays.com\/fr\/wp-json\/wp\/v2\/comments?post=286179"}],"version-history":[{"count":0,"href":"https:\/\/www.europesays.com\/fr\/wp-json\/wp\/v2\/posts\/286179\/revisions"}],"wp:featuredmedia":[{"embeddable":true,"href":"https:\/\/www.europesays.com\/fr\/wp-json\/wp\/v2\/media\/286180"}],"wp:attachment":[{"href":"https:\/\/www.europesays.com\/fr\/wp-json\/wp\/v2\/media?parent=286179"}],"wp:term":[{"taxonomy":"category","embeddable":true,"href":"https:\/\/www.europesays.com\/fr\/wp-json\/wp\/v2\/categories?post=286179"},{"taxonomy":"post_tag","embeddable":true,"href":"https:\/\/www.europesays.com\/fr\/wp-json\/wp\/v2\/tags?post=286179"}],"curies":[{"name":"wp","href":"https:\/\/api.w.org\/{rel}","templated":true}]}}