{"id":286182,"date":"2025-07-31T07:39:11","date_gmt":"2025-07-31T07:39:11","guid":{"rendered":"https:\/\/www.europesays.com\/fr\/286182\/"},"modified":"2025-07-31T07:39:11","modified_gmt":"2025-07-31T07:39:11","slug":"les-droits-de-douane-americains-secouent-les-regles-du-commerce-dapres-guerre","status":"publish","type":"post","link":"https:\/\/www.europesays.com\/fr\/286182\/","title":{"rendered":"Les droits de douane am\u00e9ricains secouent les r\u00e8gles du commerce d\u2019apr\u00e8s-guerre"},"content":{"rendered":"<p>La baisse des droits de douane s\u2019\u00e9tait pourtant impos\u00e9e comme un pilier de la mondialisation avec la cr\u00e9ation en 1947 de l\u2019accord g\u00e9n\u00e9ral sur les tarifs douaniers et le commerce (Gatt), <a href=\"https:\/\/www.vie-publique.fr\/fiches\/38313-pourquoi-lomc-t-elle-ete-creee\" target=\"_blank\" rel=\"nofollow noopener\">anc\u00eatre de l\u2019Organisation mondiale du commerce<\/a> (OMC) qui rassemble aujourd\u2019hui 166 membres et 98\u00a0% du commerce mondial.<\/p>\n<p>\u00ab\u00a0Nous avons appris dans l\u2019apr\u00e8s-guerre qu\u2019un pays est plus prosp\u00e8re quand il baisse ses droits de douane. C\u2019est aussi mieux si les autres pays abaissent les leurs\u00a0\u00bb, affirme Richard Baldwin, professeur d\u2019\u00e9conomie internationale \u00e0 l\u2019IMD Business School de Lausanne et ancien membre du Conseil \u00e9conomique de la Maison Blanche aupr\u00e8s de George Bush p\u00e8re.<\/p>\n<p>L\u2019actuel pr\u00e9sident am\u00e9ricain fait un bond en arri\u00e8re avec des droits de douane qui s\u2019affichent sur le sol am\u00e9ricain \u00e0 leur niveau le <a href=\"https:\/\/www.ouest-france.fr\/leditiondusoir\/2025-04-08\/il-y-a-100-ans-les-etats-unis-exigeaient-deja-d-exorbitants-droits-de-douane-et-ce-fut-un-desastre-7ade61c8-7fae-497e-9191-a1f5aa42c850\" target=\"_blank\" rel=\"nofollow noopener\">plus haut depuis au moins 1930<\/a>. Mais les cons\u00e9quences devraient rester limit\u00e9es pour le commerce international au-del\u00e0 des \u00c9tats-Unis.<\/p>\n<p>\u00ab\u00a0Pas d\u2019effet syst\u00e9mique\u00a0\u00bb<\/p>\n<p>Les importateurs am\u00e9ricains, qui devraient en principe payer la plus grosse partie des droits de douane, pourraient d\u00e9cider de se fournir davantage aux \u00c9tats-Unis, ou de r\u00e9percuter cette facture sur les consommateurs am\u00e9ricains. Mais \u00ab\u00a0cela n\u2019aura pas d\u2019effet syst\u00e9mique\u00a0\u00bb \u00e0 l\u2019\u00e9chelle mondiale, abonde Pascal Lamy, ancien directeur g\u00e9n\u00e9ral de l\u2019OMC. Trump a gagn\u00e9 selon lui \u00ab\u00a0une victoire en trompe-l\u2019\u0153il, \u00e0 la Pyrrhus\u00a0\u00bb, car son pays en sera le premier affect\u00e9.<\/p>\n<p>    La r\u00e9daction vous conseille<\/p>\n<p>Le commerce de marchandises a cr\u00fb de fa\u00e7on r\u00e9guli\u00e8re ces derni\u00e8res ann\u00e9es et a atteint pr\u00e8s de 24\u00a0000 milliards de dollars en 2023, selon l\u2019OMC. Les importations am\u00e9ricaines, celles concern\u00e9es par les nouveaux droits de douane, ne repr\u00e9sentent que 13\u00a0% des importations mondiales.<\/p>\n<p>\u00ab\u00a0C\u2019est majeur, mais ce n\u2019est qu\u2019un morceau des importations mondiales et le reste du monde continue \u00e0 vouloir fonctionner sur un mod\u00e8le d\u2019engagement et d\u2019interd\u00e9pendance dans le commerce international\u00a0\u00bb, rel\u00e8ve Elvire Fabry, sp\u00e9cialiste de g\u00e9opolitique du commerce pour l\u2019Institut europ\u00e9en Jacques Delors.<\/p>\n<p>Les accords commerciaux ont le vent en poupe<\/p>\n<p>Pour preuve, plusieurs projets d\u2019accords commerciaux sont derni\u00e8rement revenus en force. En mars, le Japon, la Cor\u00e9e du Sud et la Chine se sont engag\u00e9s \u00e0 acc\u00e9l\u00e9rer leurs n\u00e9gociations en vue d\u2019un accord, et le pr\u00e9sident br\u00e9silien Lula a appel\u00e9 \u00e0 un partenariat entre les pays du Mercosur (Argentine, Br\u00e9sil, Paraguay et Uruguay) et le Japon.<\/p>\n<p>    La r\u00e9daction vous conseille<\/p>\n<p>L&rsquo;Union europ\u00e9enne a sign\u00e9 de son c\u00f4t\u00e9 fin 2024 un accord de libre-\u00e9change avec le Mercosur, bien que celui-ci fasse encore l\u2019objet de blocages. Elle a aussi relanc\u00e9 des n\u00e9gociations avec la Malaisie et en Asie centrale.<\/p>\n<p>L\u2019\u00e9conomie mondiale devrait enfin r\u00e9sister malgr\u00e9 l\u2019incertitude, a indiqu\u00e9 mardi le Fonds mon\u00e9taire international (FMI).<\/p>\n<p>Le commerce des services dans l\u2019angle mort de Trump<\/p>\n<p>Les assauts de Trump se focalisent par ailleurs sur le commerce de marchandises, avance Pascal Lamy, et ignorent jusqu\u2019ici les services, qui sont pourtant \u00ab\u00a0la partie des \u00e9changes internationaux qui augmente le plus rapidement\u00a0\u00bb. \u00ab\u00a0On doit changer de lunettes lorsqu\u2019on observe les \u00e9changes internationaux\u00a0\u00bb, poursuit-il, estimant que \u00ab\u00a0Donald Trump a une vue m\u00e9di\u00e9vale\u00a0\u00bb en la mati\u00e8re.<\/p>\n<p>L\u2019OMC a pour la premi\u00e8re fois publi\u00e9 en avril une <a href=\"https:\/\/www.wto.org\/french\/res_f\/publications_f\/trade_outlook25_f.htm\" target=\"_blank\" rel=\"nofollow noopener\">pr\u00e9vision<\/a> concernant le commerce des services, qui devrait augmenter de 4,0\u00a0% en 2025, soit tout de m\u00eame environ 1 point de pourcentage de moins que pr\u00e9vu en raison de la guerre commerciale.<\/p>\n<p>Le commerce des marchandises devrait lui diminuer de 0,2\u00a0% avant d\u2019afficher une reprise \u00ab\u00a0modeste\u00a0\u00bb de 2,5\u00a0% en 2026, selon l\u2019institution internationale. Des pr\u00e9visions qui ne tenaient toutefois pas compte des surtaxes attendues au 1er\u00a0ao\u00fbt.<\/p>\n<p>    Droits de douane am\u00e9ricains, o\u00f9 en est-on\u00a0?<br \/>\nAu 1er\u00a0ao\u00fbt, un certain nombre de surtaxes doivent \u00eatre impos\u00e9es \u00e0 la plupart des partenaires commerciaux des \u00c9tats-Unis, dont certaines, sectorielles, tr\u00e8s lourdes, \u00e0 l\u2019image des 50\u00a0% pr\u00e9vus sur les produits fabriqu\u00e9s avec du cuivre.<br \/><strong>Cor\u00e9e du Sud, l\u2019accord de derni\u00e8re minute<\/strong><br \/>\nDonald Trump a d\u00e9clar\u00e9 mercredi avoir trouv\u00e9 un accord commercial avec la Cor\u00e9e du Sud, pr\u00e9voyant l\u2019application de 15\u00a0% de droits de douane aux produits sud-cor\u00e9ens entrant aux \u00c9tats-Unis. Il a pr\u00e9cis\u00e9 que S\u00e9oul s\u2019\u00e9tait engag\u00e9 \u00e0 investir 350\u00a0milliards de dollars aux \u00c9tats-Unis, avec notamment l\u2019achat \u00ab\u00a0pour 100\u00a0milliards de dollars\u00a0\u00bb de gaz naturel liqu\u00e9fi\u00e9 (GNL) \u00ab\u00a0ou d\u2019autres sources d\u2019\u00e9nergie\u00a0\u00bb.<br \/><strong>Br\u00e9sil, des repr\u00e9sailles politiques en forme de surtaxes<\/strong><br \/>\nLe Br\u00e9sil devrait essuyer d\u00e8s le 6\u00a0ao\u00fbt 50\u00a0% de surtaxe en repr\u00e9sailles aux poursuites judiciaires engag\u00e9es contre son ex-pr\u00e9sident Jair Bolsonaro, accus\u00e9 d\u2019une tentative de coup d\u2019\u00c9tat apr\u00e8s sa d\u00e9faite \u00e0 l\u2019\u00e9lection pr\u00e9sidentielle de 2022. Des exceptions seront n\u00e9anmoins faites pour les avions, le jus et la pulpe d\u2019orange, les noix du Br\u00e9sil, et certains produits en fer, acier ou aluminium.<br \/><strong>Inde, pas d\u2019accord pour le moment<\/strong><br \/>\nLe pr\u00e9sident am\u00e9ricain Donald Trump a annonc\u00e9 mercredi sur sa plateforme Truth Social que les produits indiens feraient l\u2019objet de 25\u00a0% de droits de douane \u00e0 leur arriv\u00e9e aux \u00c9tats-Unis \u00e0 compter du 1er\u00a0ao\u00fbt, ajoutant qu\u2019une \u00ab\u00a0p\u00e9nalit\u00e9\u00a0\u00bb serait ajout\u00e9e pour l\u2019achat de p\u00e9trole russe. New Delhi et Washington ont lanc\u00e9 il y a plusieurs mois des n\u00e9gociations en vue d\u2019un accord commercial, sans r\u00e9sultat jusqu\u2019ici, l\u2019Inde ne souhaitant notamment pas ouvrir totalement son march\u00e9 aux produits agricoles am\u00e9ricains.<br \/><strong>Union europ\u00e9enne, des tarifs loin de contenter tout le monde<\/strong><br \/>\nLe pr\u00e9sident fran\u00e7ais Emmanuel Macron a d\u00e9plor\u00e9 mercredi en Conseil des ministres que l\u2019Union europ\u00e9enne, vis\u00e9e par 15\u00a0% de surtaxes, n\u2019ait pas \u00e9t\u00e9 assez \u00ab\u00a0crainte\u00a0\u00bb dans ses n\u00e9gociations commerciales avec les \u00c9tats-Unis et martel\u00e9 que la France continuerait de faire montre \u00ab\u00a0d\u2019exigence et de fermet\u00e9\u00a0\u00bb dans la suite des discussions. Certains produits, dont le cognac, devraient \u00eatre exempt\u00e9s de taxe.<\/p>\n","protected":false},"excerpt":{"rendered":"La baisse des droits de douane s\u2019\u00e9tait pourtant impos\u00e9e comme un pilier de la mondialisation avec la cr\u00e9ation&hellip;\n","protected":false},"author":2,"featured_media":286183,"comment_status":"","ping_status":"","sticky":false,"template":"","format":"standard","meta":{"footnotes":""},"categories":[1589],"tags":[11,73,1866,12,1864,1865,1863,308],"class_list":{"0":"post-286182","1":"post","2":"type-post","3":"status-publish","4":"format-standard","5":"has-post-thumbnail","7":"category-etats-unis","8":"tag-actualites","9":"tag-etats-unis","10":"tag-etats-unis-damerique","11":"tag-news","12":"tag-united-states","13":"tag-united-states-of-america","14":"tag-us","15":"tag-usa"},"share_on_mastodon":{"url":"https:\/\/pubeurope.com\/@fr\/114946714113024516","error":""},"_links":{"self":[{"href":"https:\/\/www.europesays.com\/fr\/wp-json\/wp\/v2\/posts\/286182","targetHints":{"allow":["GET"]}}],"collection":[{"href":"https:\/\/www.europesays.com\/fr\/wp-json\/wp\/v2\/posts"}],"about":[{"href":"https:\/\/www.europesays.com\/fr\/wp-json\/wp\/v2\/types\/post"}],"author":[{"embeddable":true,"href":"https:\/\/www.europesays.com\/fr\/wp-json\/wp\/v2\/users\/2"}],"replies":[{"embeddable":true,"href":"https:\/\/www.europesays.com\/fr\/wp-json\/wp\/v2\/comments?post=286182"}],"version-history":[{"count":0,"href":"https:\/\/www.europesays.com\/fr\/wp-json\/wp\/v2\/posts\/286182\/revisions"}],"wp:featuredmedia":[{"embeddable":true,"href":"https:\/\/www.europesays.com\/fr\/wp-json\/wp\/v2\/media\/286183"}],"wp:attachment":[{"href":"https:\/\/www.europesays.com\/fr\/wp-json\/wp\/v2\/media?parent=286182"}],"wp:term":[{"taxonomy":"category","embeddable":true,"href":"https:\/\/www.europesays.com\/fr\/wp-json\/wp\/v2\/categories?post=286182"},{"taxonomy":"post_tag","embeddable":true,"href":"https:\/\/www.europesays.com\/fr\/wp-json\/wp\/v2\/tags?post=286182"}],"curies":[{"name":"wp","href":"https:\/\/api.w.org\/{rel}","templated":true}]}}