{"id":286194,"date":"2025-07-31T07:45:13","date_gmt":"2025-07-31T07:45:13","guid":{"rendered":"https:\/\/www.europesays.com\/fr\/286194\/"},"modified":"2025-07-31T07:45:13","modified_gmt":"2025-07-31T07:45:13","slug":"plus-de-200-000-euros-par-an-les-radiologues-sont-ils-vraiment-les-medecins-les-mieux-payes","status":"publish","type":"post","link":"https:\/\/www.europesays.com\/fr\/286194\/","title":{"rendered":"Plus de 200.000 euros par an\u2026 Les radiologues sont-ils vraiment \u00ab\u00a0les m\u00e9decins les mieux pay\u00e9s\u00a0\u00bb\u00a0?"},"content":{"rendered":"<p>Les radiologues sont remont\u00e9s. Tr\u00e8s remont\u00e9s. Dans un rapport publi\u00e9 le 15\u00a0juillet dernier, l\u2019Inspection g\u00e9n\u00e9rale des affaires sociales (Igas) et l\u2019Inspection g\u00e9n\u00e9rale des finances (IGF) pointent du doigt la \u00ab\u00a0pertinence\u00a0\u00bb et l&rsquo; \u00ab\u00a0efficience des d\u00e9penses de radiologie\u00a0\u00bb. En gros\u00a0: cette sp\u00e9cialit\u00e9<a href=\"https:\/\/www.20minutes.fr\/sante\/4165418-20250726-franchises-medicales-arrets-maladie-ministre-sante-precise-pistes-envisagees-faire-economies\" class=\"color-ultramarine c-link\" target=\"_blank\" rel=\"noopener\"> co\u00fbterait trop cher <\/a>(3,8\u00a0milliards d\u2019euros en\u00a02024, en hausse de 22\u00a0% depuis\u00a02019) et les radiologues seraient trop pay\u00e9s.<\/p>\n<p>Le rapport indique que les radiologues sont \u00ab\u00a0les m\u00e9decins les mieux pay\u00e9s de toutes les sp\u00e9cialit\u00e9s m\u00e9dicales si l\u2019on exclut deux sp\u00e9cialit\u00e9s dont les effectifs sont nettement moindres, les m\u00e9decins nucl\u00e9aires et les radioth\u00e9rapeutes\u00a0\u00bb. Il \u00e9voque \u00ab\u00a0une r\u00e9mun\u00e9ration deux fois sup\u00e9rieure <a href=\"https:\/\/www.20minutes.fr\/sante\/4034097-20230424-medecins-electricite-materiel-essence-cotisations-generaliste-ouvre-comptes-professionnels\" class=\"color-ultramarine c-link\" target=\"_blank\" rel=\"noopener\">\u00e0 celle des autres m\u00e9decins <\/a>sp\u00e9cialistes\u00a0\u00bb. Mais les 9.140 radiologues exer\u00e7ant en France sont-ils si bien pay\u00e9s\u00a0?<\/p>\n<p>De 100.000 \u00e0 212.700 euros par an<\/p>\n<p>Dans leur rapport, l\u2019IGF et l\u2019Igas se basent sur des donn\u00e9es de la Drees, notamment une mission publi\u00e9e en\u00a02024 intitul\u00e9e \u00ab\u00a0<a href=\"https:\/\/www.20minutes.fr\/sante\/1538387-20150211-medecins-francais-gagnent-100000-euros-an\" class=\"color-ultramarine c-link\" target=\"_blank\" rel=\"noopener\">Les revenus lib\u00e9raux et salari\u00e9s des m\u00e9decins <\/a>ayant une activit\u00e9 lib\u00e9rale en France en\u00a02021\u00a0\u00bb. Il y est rapport\u00e9 un revenu moyen de 124.000 euros par an pour les m\u00e9decins. Un chiffre qui monte \u00e0 153.300 euros pour les sp\u00e9cialistes et \u00e0\u2026 212.700 euros pour les radiologues.<\/p>\n<p>\u00ab\u00a0Personnellement, j\u2019aimerais bien gagner autant\u00a0!\u00a0\u00bb, lance Jean-Philippe Masson, pr\u00e9sident de la F\u00e9d\u00e9ration Nationale des M\u00e9decins Radiologues (FNMR). Feuille d\u2019imposition sous les yeux, il assure avoir gagn\u00e9 105.000 euros l\u2019ann\u00e9e derni\u00e8re, malgr\u00e9 son statut d\u2019associ\u00e9 dans une clinique de Carcassonne.<\/p>\n<p>D\u2019importants frais de fonctionnement<\/p>\n<p>\u00ab\u00a0Je ne sais pas comment ils font leurs calculs, mais on est tr\u00e8s loin de la r\u00e9alit\u00e9\u00a0\u00bb, assure le m\u00e9decin. Le radiologue pr\u00e9f\u00e8re se baser sur les chiffres de la Carmf, la Caisse autonome de retraite des m\u00e9decins de France. Cette derni\u00e8re s\u2019appuie sur les avis d\u2019imposition envoy\u00e9s par les m\u00e9decins pour calculer les revenus moyens par sp\u00e9cialit\u00e9. Selon les donn\u00e9es de la Carmf, les b\u00e9n\u00e9fices non commerciaux des radiologues vont de 112.000 \u00e0 142.000 euros par an. \u00ab\u00a0Ce chiffre est on ne peut plus transparent et c\u2019est la moiti\u00e9 de ce qu\u2019annonce la Dress\u00a0\u00bb, r\u00e9torque le pr\u00e9sident de la FNMR.<\/p>\n<p>Mais alors, pourquoi de tels chiffres de la Dress\u00a0? D\u2019apr\u00e8s le docteur Masson, c\u2019est parce qu\u2019ils \u00ab\u00a0int\u00e8grent dans les revenus des radiologues le montant des forfaits techniques\u00a0\u00bb. Rembours\u00e9 par l\u2019<a href=\"https:\/\/www.20minutes.fr\/dossier\/assurance_maladie\" class=\"color-ultramarine c-link\" target=\"_blank\" rel=\"noopener\">Assurance maladie<\/a>, ce forfait vise \u00e0 couvrir les co\u00fbts d\u2019acquisition et d\u2019entretien du mat\u00e9riel de radiologie. \u00ab\u00a0Mais ce forfait ne va pas dans notre poche, il sert notamment \u00e0 payer la maintenance des machines, les salaires des manipulateurs et des secr\u00e9taires et l\u2019\u00e9lectricit\u00e9\u00a0\u00bb, \u00e9num\u00e8re le m\u00e9decin.<\/p>\n<p>Des disparit\u00e9s entre h\u00f4pital et lib\u00e9ral<\/p>\n<p>Qui dit revenus d\u00e9clar\u00e9s ne dit donc pas somme qui tombe dans la poche. \u00ab\u00a0Un appareil d\u2019\u00e9chographie vaut entre 100.000 et 200.000 euros et on doit le changer tous les 5 ans en moyenne, illustre le radiologue. Le co\u00fbt de notre mat\u00e9riel est colossal et on ne peut pas comparer cela avec un psychiatre qui n\u2019a pour mat\u00e9riel qu\u2019un \u00e9ventuel dictaphone.\u00a0\u00bb La <a href=\"https:\/\/www.20minutes.fr\/dossier\/psychiatrie\" class=\"color-ultramarine c-link\" target=\"_blank\" rel=\"noopener\">psychiatrie <\/a>et la p\u00e9diatrie font, a contrario, partie des sp\u00e9cialit\u00e9s situ\u00e9es au bas de l\u2019\u00e9chelle des revenus. Selon Jean-Philippe Masson, 70\u00a0% de son revenu part dans ces frais de fonctionnement.<\/p>\n<\/p>\n<p>\u00ab\u00a0Les radiologues gagnent bien leur vie, mais il y a une diff\u00e9rence entre les hospitaliers et les lib\u00e9raux\u00a0\u00bb, rappelle de son c\u00f4t\u00e9 le professeur de radiologie Louis Boyer, responsable du p\u00f4le de radiologie du CHU de Clermont-Ferrand et pr\u00e9sident du Conseil national professionnel (CNP) de la radiologie. \u00ab\u00a0A l\u2019h\u00f4pital, le salaire est le m\u00eame peu importe la sp\u00e9cialit\u00e9. Il varie selon l\u2019anciennet\u00e9, les responsabilit\u00e9s et le nombre de gardes.\u00a0\u00bb A noter qu\u2019en\u00a02024, 58\u00a0% des radiologues exer\u00e7aient exclusivement dans le secteur lib\u00e9ral et 22\u00a0% exclusivement dans le secteur hospitalier.<\/p>\n","protected":false},"excerpt":{"rendered":"Les radiologues sont remont\u00e9s. Tr\u00e8s remont\u00e9s. Dans un rapport publi\u00e9 le 15\u00a0juillet dernier, l\u2019Inspection g\u00e9n\u00e9rale des affaires sociales&hellip;\n","protected":false},"author":2,"featured_media":286195,"comment_status":"","ping_status":"","sticky":false,"template":"","format":"standard","meta":{"footnotes":""},"categories":[2],"tags":[47,11,732,1011,27,42499,6339,12,25,10665,14099,71],"class_list":{"0":"post-286194","1":"post","2":"type-post","3":"status-publish","4":"format-standard","5":"has-post-thumbnail","7":"category-actualites","8":"tag-actualite","9":"tag-actualites","10":"tag-assurance-maladie","11":"tag-fr","12":"tag-france","13":"tag-igas","14":"tag-medecin","15":"tag-news","16":"tag-republique-francaise","17":"tag-revenus","18":"tag-salaire","19":"tag-sante"},"share_on_mastodon":{"url":"https:\/\/pubeurope.com\/@fr\/114946737773096026","error":""},"_links":{"self":[{"href":"https:\/\/www.europesays.com\/fr\/wp-json\/wp\/v2\/posts\/286194","targetHints":{"allow":["GET"]}}],"collection":[{"href":"https:\/\/www.europesays.com\/fr\/wp-json\/wp\/v2\/posts"}],"about":[{"href":"https:\/\/www.europesays.com\/fr\/wp-json\/wp\/v2\/types\/post"}],"author":[{"embeddable":true,"href":"https:\/\/www.europesays.com\/fr\/wp-json\/wp\/v2\/users\/2"}],"replies":[{"embeddable":true,"href":"https:\/\/www.europesays.com\/fr\/wp-json\/wp\/v2\/comments?post=286194"}],"version-history":[{"count":0,"href":"https:\/\/www.europesays.com\/fr\/wp-json\/wp\/v2\/posts\/286194\/revisions"}],"wp:featuredmedia":[{"embeddable":true,"href":"https:\/\/www.europesays.com\/fr\/wp-json\/wp\/v2\/media\/286195"}],"wp:attachment":[{"href":"https:\/\/www.europesays.com\/fr\/wp-json\/wp\/v2\/media?parent=286194"}],"wp:term":[{"taxonomy":"category","embeddable":true,"href":"https:\/\/www.europesays.com\/fr\/wp-json\/wp\/v2\/categories?post=286194"},{"taxonomy":"post_tag","embeddable":true,"href":"https:\/\/www.europesays.com\/fr\/wp-json\/wp\/v2\/tags?post=286194"}],"curies":[{"name":"wp","href":"https:\/\/api.w.org\/{rel}","templated":true}]}}