{"id":286200,"date":"2025-07-31T07:49:11","date_gmt":"2025-07-31T07:49:11","guid":{"rendered":"https:\/\/www.europesays.com\/fr\/286200\/"},"modified":"2025-07-31T07:49:11","modified_gmt":"2025-07-31T07:49:11","slug":"donovan-taofifenua-explique-avoir-hesite-a-signer-a-montpellier-explications","status":"publish","type":"post","link":"https:\/\/www.europesays.com\/fr\/286200\/","title":{"rendered":"Donovan Taofifenua explique avoir h\u00e9sit\u00e9 \u00e0 signer \u00e0 Montpellier : Explications !"},"content":{"rendered":"<p>L\u2019ailier international fran\u00e7ais Donovan Taofifenua n\u2019a pas prolong\u00e9 son contrat avec le Racing 92.<\/p>\n<p>Le joueur de 26 ans s\u2019est engag\u00e9 en faveur du club de Montpellier pour les saisons \u00e0 venir.<\/p>\n<p><strong>Interrog\u00e9 via <a href=\"https:\/\/www.rugbyrama.fr\/2025\/07\/31\/top-14-a-montpellier-je-veux-enfin-trouver-la-stabilite-avoue-donovan-taofifenua-la-recrue-du-mhr-12852139.php\" rel=\"nofollow noopener\" target=\"_blank\">Midi Olympique<\/a>, Donovan Taofifenua a expliqu\u00e9 sa d\u00e9cision de quitter le Racing 92 pour Montpellier. Extrait :<\/strong><\/p>\n<p> \u00c0 titre personnel, j\u2019avais besoin de changement dans ma carri\u00e8re. Apr\u00e8s plusieurs saisons au Racing, j\u2019ai ressenti l\u2019envie de me relancer dans un nouveau projet. Montpellier s\u2019est tr\u00e8s vite montr\u00e9 int\u00e9ress\u00e9. Ils avaient besoin de moi, j\u2019avais besoin d\u2019un nouveau d\u00e9fi.\u00a0C\u2019\u00e9tait une \u00e9vidence.<\/p>\n<p><strong>Il indique avoir beaucoup appris du c\u00f4t\u00e9 du Racing 92. Extrait:<\/strong><\/p>\n<p> Cinq ann\u00e9es tr\u00e8s formatrices. Je suis arriv\u00e9 \u00e0 21 ans, un peu brut, et j\u2019en repars beaucoup plus m\u00fbr, sur tous les plans. J\u2019ai \u00e9norm\u00e9ment appris, que ce soit techniquement, tactiquement ou mentalement. <\/p>\n<p>J\u2019ai progress\u00e9 dans la pr\u00e9paration des matchs, dans la gestion du quotidien, dans ma lecture du jeu aussi. Et puis humainement, j\u2019ai grandi. Ce fut une \u00e9tape importante de ma carri\u00e8re.<\/p>\n<p><strong>Il se confie ensuite sur son aventure \u00e0 venir avec le MHR. Extrait:<\/strong><\/p>\n<p> Avant tout, beaucoup d\u2019\u00e9nergie et d\u2019intensit\u00e9. Je veux \u00eatre tr\u00e8s pr\u00e9sent sur le terrain, autant en attaque qu\u2019en d\u00e9fense. Mon objectif, c\u2019est de pouvoir exprimer ma personnalit\u00e9 dans les duels, d\u2019y mettre ma grinta, et de renforcer l\u2019\u00e9quipe sur le plan collectif. Je veux vraiment m\u2019impliquer et trouver de\u00a0la r\u00e9gularit\u00e9 dans mes performances.<\/p>\n<p><strong>Il avoue avoir h\u00e9sit\u00e9 \u00e0 signer \u00e0 Montpellier en raison des r\u00e9sultats tr\u00e8s <\/strong><strong>inconstants du MHR, ces derni\u00e8res ann\u00e9es. Extrait:<\/strong><\/p>\n<p> Un peu, oui. Mais d\u2019un autre c\u00f4t\u00e9, \u00e7a refl\u00e8te aussi mon parcours. Moi aussi, j\u2019ai connu des hauts et des bas. J\u2019ai le sentiment qu\u2019avec le club nous sommes dans une phase o\u00f9 l\u2019on cherche tous les deux plus de stabilit\u00e9. Finalement, nos chemins se croisent au bon moment. On a des objectifs similaires. Je dois retrouver de la constance et Montpellier\u00a0les sommets avec la volont\u00e9 de construire sur le long terme.<\/p>\n<p><strong>Depuis son arriv\u00e9e au MHR, il n\u2019a pas encore pu v\u00e9ritablement discut\u00e9 avec le staff. Extrait:<\/strong><\/p>\n<p> On a eu quelques discussions g\u00e9n\u00e9rales depuis mon arriv\u00e9e, mais pas encore de vrai entretien individuel. \u00c7a ne devrait pas tarder. J\u2019ai h\u00e2te de savoir ce qu\u2019ils attendent pr\u00e9cis\u00e9ment de moi, et surtout de voir comment je peux m\u2019int\u00e9grer au mieux dans leur projet de jeu.<\/p>\n<p><strong>Selon lui, il arrive \u00e0 un tournant de sa carri\u00e8re de rugbyman. Extrait:<\/strong><\/p>\n<p> Clairement. Je ressens que c\u2019est un moment charni\u00e8re, o\u00f9 je dois franchir un cap, notamment en termes de r\u00e9gularit\u00e9. Il y a aussi pas mal de changements dans ma vie personnelle, donc tout \u00e7a me pousse \u00e0 me recentrer et \u00e0 donner le meilleur de moi-m\u00eame. C\u2019est une p\u00e9riode exigeante, mais stimulante.<\/p>\n<p><strong>Questionn\u00e9 sur son manque de r\u00e9gularit\u00e9, il r\u00e9agit. Extrait:<\/strong><\/p>\n<p> Je dirais que c\u2019est assez global. La r\u00e9gularit\u00e9 passe par la gestion mentale, bien s\u00fbr, mais aussi par le physique. J\u2019ai eu pas mal de blessures qui m\u2019ont frein\u00e9, avec des p\u00e9riodes d\u2019arr\u00eat, des reprises, des rechutes. C\u2019est usant. Donc le premier objectif, c\u2019est d\u2019\u00eatre sur le terrain tous les week-ends, \u00e0 100\u00a0%. Je dois apprendre \u00e0 mieux \u00e9couter mon corps, \u00e0 mieux le pr\u00e9parer.<\/p>\n<p>Je sais ce que je vaux mais c\u2019est plus une question de confiance physique. Pouvoir encha\u00eener les matchs sans douleur, sans crainte de rechute. C\u2019est \u00e7a qui me permettra d\u2019\u00eatre r\u00e9gulier et performant.<\/p>\n<p><strong>Pour conclure, il explique s\u2019int\u00e9grer tr\u00e8s bien au groupe Montpelli\u00e9rain. Extrait:<\/strong><\/p>\n<p>C\u2019est un autre rythme, une autre ambiance. Le soleil joue beaucoup, il met les gens de bonne humeur. Il y a plus de sourires, plus de spontan\u00e9it\u00e9. J\u2019aime beaucoup. C\u2019est une vraie bouff\u00e9e d\u2019air frais. Et pour l\u2019instant, je suis ravi de mon int\u00e9gration ici.<\/p>\n<p> Je me suis senti int\u00e9gr\u00e9 tr\u00e8s rapidement. Je connaissais d\u00e9j\u00e0 quelques gars, donc \u00e7a aide. Et m\u00eame avec ceux que je ne connaissais pas, les liens se sont faits naturellement. Il y a une vraie bonne ambiance, une volont\u00e9 de construire ensemble. Le stage de pr\u00e9paration, qui a \u00e9t\u00e9 un peu d\u00e9cal\u00e9 cette ann\u00e9e pour permettre \u00e0 tout le monde d\u2019\u00eatre pr\u00e9sent, va sans doute renforcer encore davantage cette coh\u00e9sion.<\/p>\n","protected":false},"excerpt":{"rendered":"L\u2019ailier international fran\u00e7ais Donovan Taofifenua n\u2019a pas prolong\u00e9 son contrat avec le Racing 92. Le joueur de 26&hellip;\n","protected":false},"author":2,"featured_media":286201,"comment_status":"","ping_status":"","sticky":false,"template":"","format":"standard","meta":{"footnotes":""},"categories":[1416],"tags":[1011,27,479,1468,60],"class_list":{"0":"post-286200","1":"post","2":"type-post","3":"status-publish","4":"format-standard","5":"has-post-thumbnail","7":"category-rugby","8":"tag-fr","9":"tag-france","10":"tag-rugby","11":"tag-rugby-football","12":"tag-sports"},"share_on_mastodon":{"url":"https:\/\/pubeurope.com\/@fr\/114946753437582603","error":""},"_links":{"self":[{"href":"https:\/\/www.europesays.com\/fr\/wp-json\/wp\/v2\/posts\/286200","targetHints":{"allow":["GET"]}}],"collection":[{"href":"https:\/\/www.europesays.com\/fr\/wp-json\/wp\/v2\/posts"}],"about":[{"href":"https:\/\/www.europesays.com\/fr\/wp-json\/wp\/v2\/types\/post"}],"author":[{"embeddable":true,"href":"https:\/\/www.europesays.com\/fr\/wp-json\/wp\/v2\/users\/2"}],"replies":[{"embeddable":true,"href":"https:\/\/www.europesays.com\/fr\/wp-json\/wp\/v2\/comments?post=286200"}],"version-history":[{"count":0,"href":"https:\/\/www.europesays.com\/fr\/wp-json\/wp\/v2\/posts\/286200\/revisions"}],"wp:featuredmedia":[{"embeddable":true,"href":"https:\/\/www.europesays.com\/fr\/wp-json\/wp\/v2\/media\/286201"}],"wp:attachment":[{"href":"https:\/\/www.europesays.com\/fr\/wp-json\/wp\/v2\/media?parent=286200"}],"wp:term":[{"taxonomy":"category","embeddable":true,"href":"https:\/\/www.europesays.com\/fr\/wp-json\/wp\/v2\/categories?post=286200"},{"taxonomy":"post_tag","embeddable":true,"href":"https:\/\/www.europesays.com\/fr\/wp-json\/wp\/v2\/tags?post=286200"}],"curies":[{"name":"wp","href":"https:\/\/api.w.org\/{rel}","templated":true}]}}