{"id":286211,"date":"2025-07-31T07:56:12","date_gmt":"2025-07-31T07:56:12","guid":{"rendered":"https:\/\/www.europesays.com\/fr\/286211\/"},"modified":"2025-07-31T07:56:12","modified_gmt":"2025-07-31T07:56:12","slug":"mais-que-se-passe-t-il-entre-katy-perry-et-justin-trudeau-apercus-en-tete-a-tete-a-montreal","status":"publish","type":"post","link":"https:\/\/www.europesays.com\/fr\/286211\/","title":{"rendered":"Mais que se passe-t-il entre Katy Perry et Justin Trudeau, aper\u00e7us en t\u00eate-\u00e0-t\u00eate \u00e0 Montr\u00e9al ?"},"content":{"rendered":"<p>                             Par S\u00e9gol\u00e8ne Forgar<\/p>\n<p>                Le 31 juillet 2025 \u00e0 09h32<\/p>\n<p>    \u00c0 gauche\u00a0: Katy Perry \u00e0 Elmont, dans l\u2019\u00c9tat de New York, le mercredi 11 septembre 2024. \u00c0 droite\u00a0: l\u2019ancien premier ministre canadien Justin Trudeau, \u00e0 Ottawa, le lundi 16 d\u00e9cembre 2024.<br \/>\n                CP\/ABACA<\/p>\n<p>L\u2019ancien premier ministre canadien et la pop star am\u00e9ricaine ont partag\u00e9 un repas intime \u00e0 Montr\u00e9al, lundi soir. Une sortie qui fait, bien s\u00fbr, beaucoup de bruit.<\/p>\n<p class=\"fig-paragraph\">Homard, tartare de b\u0153uf et rumeurs de romance. Le d\u00eener surprise entre\u00a0<a href=\"https:\/\/madame.lefigaro.fr\/tag\/justin-trudeau\" target=\"_blank\" data-fig-type=\"Keyword\" rel=\"sponsored noopener\" data-gtm-custom-categorie=\"navigation\" data-gtm-custom-action=\"crossclick\" data-gtm-custom-label=\"Contextuel\" data-gtm-event=\"customEventSPE\" data-fig-domain=\"MADAME\">Justin Trudeau<\/a>\u00a0et\u00a0<a href=\"https:\/\/madame.lefigaro.fr\/tag\/katy-perry\" target=\"_blank\" data-fig-type=\"Keyword\" rel=\"sponsored noopener\" data-gtm-custom-categorie=\"navigation\" data-gtm-custom-action=\"crossclick\" data-gtm-custom-label=\"Contextuel\" data-gtm-event=\"customEventSPE\" data-fig-domain=\"MADAME\">Katy Perry<\/a>\u00a0dans un restaurant de Montr\u00e9al, lundi 28 juillet, met la toile en \u00e9moi.\u00a0<a href=\"https:\/\/www.tmz.com\/2025\/07\/29\/katy-perry-justin-trudeau-no-pda-at-dinner\/\" target=\"_blank\" rel=\"sponsored noopener\" data-gtm-custom-categorie=\"navigation\" data-gtm-custom-action=\"crossclick\" data-gtm-custom-label=\"Contextuel\" data-gtm-event=\"customEventSPE\">Comme l\u2019a r\u00e9v\u00e9l\u00e9 TMZ<\/a>, photos et vid\u00e9o \u00e0 l\u2019appui, l\u2019ancien premier ministre canadien de 53 ans et la chanteuse am\u00e9ricaine de 40 ans se sont retrouv\u00e9s au Violon, un \u00e9tablissement cosy du Plateau Mont-Royal, pour un t\u00eate-\u00e0-t\u00eate qui a dur\u00e9 plusieurs heures.<\/p>\n<p>\u00abKaty Perry semblait plus timide\u00bb<\/p>\n<p class=\"fig-paragraph\">\u00abLorsqu\u2019ils sont entr\u00e9s, la client\u00e8le a \u00e9t\u00e9 tr\u00e8s surprise de les voir arriver, il y a eu un moment de silence\u00bb, raconte Danny Smiles, chef et copropri\u00e9taire du restaurant,\u00a0<a href=\"https:\/\/www.lapresse.ca\/arts\/celebrites\/2025-07-29\/montreal\/justin-trudeau-et-katy-perry-apercus-ensemble-au-restaurant.php\" target=\"_blank\" rel=\"sponsored noopener\" data-gtm-custom-categorie=\"navigation\" data-gtm-custom-action=\"crossclick\" data-gtm-custom-label=\"Contextuel\" data-gtm-event=\"customEventSPE\">contact\u00e9 par La Presse<\/a> . Le duo s\u2019est install\u00e9 \u00e0 \u00abla table la plus intime\u00bb de l\u2019\u00e9tablissement, o\u00f9 il a savour\u00e9 le menu d\u00e9gustation du chef\u00a0: thon du Qu\u00e9bec, homard, tartare de b\u0153uf, gnocchis \u00e0 la pintade et carr\u00e9 d\u2019agneau. \u00abL\u2019ambiance \u00e0 leur table \u00e9tait tr\u00e8s relaxe. Katy Perry semblait plus timide que Justin Trudeau\u00bb, confie encore le chef. Avant de pr\u00e9ciser qu\u2019aucune d\u00e9monstration d\u2019affection n\u2019a \u00e9t\u00e9 observ\u00e9e. \u00abC\u2019\u00e9tait juste deux amis profitant d\u2019un repas\u00bb, insiste Danny Smiles, cette fois-ci aupr\u00e8s de TMZ.<\/p>\n<p>                                    <a class=\"fig-a11y-skip a11y-hidden\" href=\"#fig-a11y-skip-main-inarticle\"><br \/>\n        Passer la publicit\u00e9<br \/>\n    <\/a><\/p>\n<p>Une soir\u00e9e qui se prolonge<\/p>\n<p class=\"fig-paragraph\">Apr\u00e8s leur d\u00eener, Justin Trudeau \u00aba pay\u00e9 l\u2019addition\u00bb, puis il est venu aux c\u00f4t\u00e9s de Katy Perry \u00abremercier toute l\u2019\u00e9quipe en cuisine\u00bb\u00a0: \u00abils ont discut\u00e9 quelques minutes et sont partis\u00bb. \u00abLa soir\u00e9e s\u2019est tr\u00e8s bien d\u00e9roul\u00e9e, ce sont deux personnes tr\u00e8s agr\u00e9ables et tr\u00e8s polies\u00bb, r\u00e9sume Danny Smiles, toujours dans les colonnes de La Presse.<\/p>\n<p class=\"fig-paragraph\">Le rendez-vous ne s\u2019est toutefois pas arr\u00eat\u00e9 l\u00e0.\u00a0<a href=\"https:\/\/www.tmz.com\/2025\/07\/29\/katy-perry-justin-trudeau-cozy-terrace-drinks\/\" target=\"_blank\" rel=\"sponsored noopener\" data-gtm-custom-categorie=\"navigation\" data-gtm-custom-action=\"crossclick\" data-gtm-custom-label=\"Contextuel\" data-gtm-event=\"customEventSPE\">TMZ rapporte que le duo a poursuivi la soir\u00e9e \u00e0 la Taverne Atlantic<\/a>, un bar fancy dans le quartier Mile-Ex (\u00e0 dix minutes en voiture du Violon), pour savourer des cocktails sur la terrasse. Katy Perry aurait opt\u00e9 pour un whisky canadien. Un d\u00e9tail qui en dit long\u00a0?<\/p>\n<p>Deux c\u00e9libataires sous les projecteurs<\/p>\n<p class=\"fig-paragraph\">Cette sortie survient \u00e0 un moment particulier pour les deux stars. Katy Perry vient, en effet, tout juste de confirmer sa rupture avec Orlando Bloom. Les deux stars\u00a0<a href=\"http:\/\/madame.lefigaro.fr\/celebrites\/actu-people\/leur-priorite-commune-sera-toujours-leur-fille-katy-perry-et-orlando-bloom-confirment-officiellement-leur-rupture-20250704\" target=\"_blank\" data-fig-type=\"Article\" rel=\"noopener\" data-gtm-custom-categorie=\"navigation\" data-gtm-custom-action=\"crossclick\" data-gtm-custom-label=\"Contextuel\" data-gtm-event=\"customEventSPE\" data-fig-domain=\"MADAME\">ont officialis\u00e9 leur s\u00e9paration au d\u00e9but du mois de juillet<\/a>, apr\u00e8s neuf ans ensemble et une fille, Daisy. \u00abIls continueront \u00e0 \u00eatre vus ensemble en tant que famille, car leur priorit\u00e9 commune est &#8211; et sera toujours &#8211; d\u2019\u00e9lever leur fille avec amour, stabilit\u00e9 et respect mutuel\u00bb, peut-on n\u00e9anmoins lire dans leur communiqu\u00e9. De son c\u00f4t\u00e9, Justin Trudeau a annonc\u00e9 sa s\u00e9paration d\u2019avec\u00a0<a href=\"https:\/\/madame.lefigaro.fr\/societe\/sophie-gregoire-la-femme-presque-normale-de-justin-trudeau-130320-180336\" target=\"_blank\" data-fig-type=\"Article\" rel=\"noopener\" data-gtm-custom-categorie=\"navigation\" data-gtm-custom-action=\"crossclick\" data-gtm-custom-label=\"Contextuel\" data-gtm-event=\"customEventSPE\" data-fig-domain=\"MADAME\">Sophie Gr\u00e9goire<\/a>\u00a0en ao\u00fbt 2023, apr\u00e8s dix-huit ans de mariage et trois enfants.<\/p>\n<p class=\"fig-body-link&#10;    \">\n            \u00c0 lire aussi<br \/>\n        <a class=\"fig-body-link__link\" href=\"http:\/\/madame.lefigaro.fr\/celebrites\/actu-people\/en-photos-justin-trudeau-et-sophie-gregoire-les-hauts-et-les-bas-d-un-couple-jadis-uni-20230803\" target=\"_blank\" data-fig-type=\"Article\" rel=\"noopener\" data-gtm-custom-categorie=\"navigation\" data-gtm-custom-action=\"crossclick\" data-gtm-custom-label=\"Contextuel\" data-gtm-event=\"customEventSPE\" data-fig-domain=\"MADAME\">En photos, Justin Trudeau et Sophie Gr\u00e9goire, les \u00abhauts et les bas\u00bb d\u2019un couple jadis uni<\/a>\n<\/p>\n<p>D\u2019amour ou d\u2019amiti\u00e9\u00a0?<\/p>\n<p class=\"fig-paragraph\">Si les deux int\u00e9ress\u00e9s n\u2019ont fait aucun commentaire, leur sortie alimente d\u00e9j\u00e0 toutes les suppositions. Sur les r\u00e9seaux sociaux, les fans s\u2019enflamment. Certains imaginent d\u00e9j\u00e0 un couple glamour international, d\u2019autres restent sceptiques. Une chose est s\u00fbre\u00a0: cette rencontre inattendue entre le politique canadien et la star am\u00e9ricaine ne laisse personne indiff\u00e9rent. \u00abNous surveillerons ces deux-l\u00e0 comme un faucon pour d\u00e9tecter toute \u00e9tincelle d\u2019amour\u00bb, promet TMZ, toujours dot\u00e9 de son ton si sensationnel.<\/p>\n<p class=\"fig-paragraph\">En attendant, Katy Perry poursuit sa tourn\u00e9e mondiale \u00abThe Lifetimes Tour\u00bb. Elle s\u2019est produite \u00e0 Ottawa mardi 29 juillet et au Centre Bell de Montr\u00e9al ce mercredi soir. \u00c0 cette occasion, Justin Trudeau a \u00e9t\u00e9 aper\u00e7u dans la foule, v\u00eatu d\u2019un t-shirt noir d\u00e9contract\u00e9,\u00a0<a href=\"https:\/\/www.reddit.com\/r\/popculturechat\/comments\/1mdokbu\/justin_trudeau_at_katy_perrys_lifetimes_tour\/?rdt=48901\" target=\"_blank\" rel=\"nofollow noopener\" data-gtm-custom-categorie=\"navigation\" data-gtm-custom-action=\"crossclick\" data-gtm-custom-label=\"Contextuel\" data-gtm-event=\"customEventSPE\">tout sourire devant la performance de l\u2019interpr\u00e8te de Roar<\/a> . Alors, simple amiti\u00e9 ou les pr\u00e9mices d\u2019une idylle\u00a0? L\u2019avenir nous le dira.<\/p>\n","protected":false},"excerpt":{"rendered":"Par S\u00e9gol\u00e8ne Forgar Le 31 juillet 2025 \u00e0 09h32 \u00c0 gauche\u00a0: Katy Perry \u00e0 Elmont, dans l\u2019\u00c9tat de&hellip;\n","protected":false},"author":2,"featured_media":286212,"comment_status":"","ping_status":"","sticky":false,"template":"","format":"standard","meta":{"footnotes":""},"categories":[1359],"tags":[1193,58,59,1011,27,15906,8553,973],"class_list":{"0":"post-286211","1":"post","2":"type-post","3":"status-publish","4":"format-standard","5":"has-post-thumbnail","7":"category-people","8":"tag-couple","9":"tag-divertissement","10":"tag-entertainment","11":"tag-fr","12":"tag-france","13":"tag-justin-trudeau","14":"tag-katy-perry","15":"tag-people"},"share_on_mastodon":{"url":"https:\/\/pubeurope.com\/@fr\/114946781037894341","error":""},"_links":{"self":[{"href":"https:\/\/www.europesays.com\/fr\/wp-json\/wp\/v2\/posts\/286211","targetHints":{"allow":["GET"]}}],"collection":[{"href":"https:\/\/www.europesays.com\/fr\/wp-json\/wp\/v2\/posts"}],"about":[{"href":"https:\/\/www.europesays.com\/fr\/wp-json\/wp\/v2\/types\/post"}],"author":[{"embeddable":true,"href":"https:\/\/www.europesays.com\/fr\/wp-json\/wp\/v2\/users\/2"}],"replies":[{"embeddable":true,"href":"https:\/\/www.europesays.com\/fr\/wp-json\/wp\/v2\/comments?post=286211"}],"version-history":[{"count":0,"href":"https:\/\/www.europesays.com\/fr\/wp-json\/wp\/v2\/posts\/286211\/revisions"}],"wp:featuredmedia":[{"embeddable":true,"href":"https:\/\/www.europesays.com\/fr\/wp-json\/wp\/v2\/media\/286212"}],"wp:attachment":[{"href":"https:\/\/www.europesays.com\/fr\/wp-json\/wp\/v2\/media?parent=286211"}],"wp:term":[{"taxonomy":"category","embeddable":true,"href":"https:\/\/www.europesays.com\/fr\/wp-json\/wp\/v2\/categories?post=286211"},{"taxonomy":"post_tag","embeddable":true,"href":"https:\/\/www.europesays.com\/fr\/wp-json\/wp\/v2\/tags?post=286211"}],"curies":[{"name":"wp","href":"https:\/\/api.w.org\/{rel}","templated":true}]}}