{"id":286213,"date":"2025-07-31T07:57:31","date_gmt":"2025-07-31T07:57:31","guid":{"rendered":"https:\/\/www.europesays.com\/fr\/286213\/"},"modified":"2025-07-31T07:57:31","modified_gmt":"2025-07-31T07:57:31","slug":"bientot-une-exposition-inedite-sur-lun-des-mouvements-les-plus-eblouissants-de-lhistoire-de-lart","status":"publish","type":"post","link":"https:\/\/www.europesays.com\/fr\/286213\/","title":{"rendered":"bient\u00f4t une exposition in\u00e9dite sur l&rsquo;un des mouvements les plus \u00e9blouissants de l&rsquo;histoire de l&rsquo;art"},"content":{"rendered":"<p>\u00c0 partir du 24 septembre prochain, le Louvre-Lens propose une exposition \u00e9v\u00e8nement consacr\u00e9e \u00e0 l\u2019histoire du gothique. Pour la premi\u00e8re fois, un mus\u00e9e fran\u00e7ais offre un panorama complet de ce mouvement artistique et culturel, depuis son \u00e9mergence au XIIe si\u00e8cle jusqu\u2019\u00e0 ses multiples r\u00e9inventions contemporaines.<\/p>\n<p class=\"field_LQ2154C\" style=\"text-align: left;\">N\u00e9 au Moyen \u00c2ge avec l\u2019essor des cath\u00e9drales, le gothique a \u00e9t\u00e9 l\u2019un des premiers courants artistiques \u00e0 se diffuser \u00e0 l\u2019\u00e9chelle europ\u00e9enne. Il a profond\u00e9ment marqu\u00e9 l\u2019histoire de l\u2019art, l\u2019architecture et notre imaginaire collectif. L\u2019exposition du <a href=\"https:\/\/www.louvrelens.fr\/\" rel=\"nofollow noopener\" target=\"_blank\">Louvre-Lens<\/a> retrace son histoire, de son \u00e2ge d\u2019or m\u00e9di\u00e9val \u00e0 son renouveau <a href=\"https:\/\/www.connaissancedesarts.com\/arts-expositions\/le-chateau-de-chantilly-revele-louise-dorleans-premiere-reine-des-belges-et-romantique-oubliee-11198386\/\" rel=\"nofollow noopener\" target=\"_blank\">romantique<\/a> au XIXe si\u00e8cle, jusqu\u2019\u00e0 la culture populaire (musique, cin\u00e9ma, fantasy,\u00a0 jeux vid\u00e9o, etc.) et l\u2019art contemporain. L\u2019exposition \u00ab Gothiques \u00bb s\u2019interroge sur la persistance du gothique dans le monde actuel, entre fascination pour l\u2019\u00e9trange, go\u00fbt du sublime et r\u00e9interpr\u00e9tation de l\u2019imagerie m\u00e9di\u00e9vale.<\/p>\n<p>\u00a0<\/p>\n<p class=\"entry-related__title\"><strong>\u00c0 regarder aussi : <\/strong><\/p>\n<p>\t\tUne travers\u00e9e chronologique<\/p>\n<p class=\"field_LQ2154C\">Con\u00e7ue par Annabelle T\u00e9n\u00e8ze, la directrice du Louvre-Lens, l\u2019exposition \u00ab Gothiques \u00bb s\u2019organise selon un parcours chronologique, compos\u00e9 de huit \u00e9tapes et de quatre salles th\u00e9matiques, rassemblant plus de 250 \u0153uvres. Elle retrace l\u2019histoire du <a href=\"https:\/\/www.connaissancedesarts.com\/monuments-patrimoine\/conciergerie\/la-conciergerie-un-joyau-gothique-au-coeur-de-paris-11185690\/\" rel=\"nofollow noopener\" target=\"_blank\">gothique<\/a> tout en explorant ses langages visuels, issus \u00e0 la fois de prouesses techniques et d\u2019une pens\u00e9e humaniste. Le parcours d\u00e9bute par les origines de cet art n\u00e9 d\u2019une rupture avec le style roman. Entre 1150 et 1200, un nouvel \u00e9lan artistique se diffuse \u00e0 travers l\u2019Europe, combinant les innovations de la sculpture gothique d\u2019\u00cele-de-France et le raffinement de l\u2019art de la vall\u00e9e de la Meuse (actuelle Belgique).<\/p>\n<p><img loading=\"lazy\" width=\"653\" height=\"1497\" decoding=\"async\" aria-describedby=\"caption-attachment-204415\" src=\"data:image\/svg+xml,%3Csvg%20xmlns=\" http:=\"\" alt=\"Ma\u00eetre du Codex de st Georges, La Vierge et l_Enfant sur un tr\u00f4ne, Paris, Mus\u00e9e du Louvre \u00a9 GrandPalaisRmn (mus\u00e9e du Louvre) - Franck Raux\" class=\"size-medium wp-image-204415\" data-lazy-src=\"https:\/\/www.europesays.com\/fr\/wp-content\/uploads\/2025\/07\/cda25_actu_annonce_gothiques_lens_louvre_4-tt-width-653-height-1497-fill-0-crop-0-bgcolor-eeeeee.jpg\"\/><\/p>\n<p id=\"caption-attachment-204415\" class=\"wp-caption-text\">Ma\u00eetre du Codex de st Georges, La Vierge et l\u2019Enfant sur un tr\u00f4ne, Paris, Mus\u00e9e du Louvre \u00a9 GrandPalaisRmn (mus\u00e9e du Louvre) \u2013 Franck Raux<\/p>\n<p class=\"field_LQ2154C\">C\u2019est \u00e0 cette p\u00e9riode que na\u00eet ce que l\u2019on appelle le \u00ab style 1200 \u00bb, ou \u00ab gothique classique \u00bb, qui t\u00e9moigne d\u2019un premier langage artistique commun \u00e0 l\u2019Europe. Le parcours se poursuit avec la red\u00e9couverte du gothique au XVIIe si\u00e8cle, marqu\u00e9e par une certaine nostalgie de <a href=\"https:\/\/www.connaissancedesarts.com\/monuments-patrimoine\/notre-dame-paris\/notre-dame-de-paris-en-1163-il-etait-une-fois-la-naissance-dun-joyau-de-larchitecture-medievale-11155388\/\" rel=\"nofollow noopener\" target=\"_blank\">l\u2019architecture m\u00e9di\u00e9vale<\/a>. Le XIXe si\u00e8cle est ensuite abord\u00e9, notamment \u00e0 travers la notion de patrimoine national fran\u00e7ais et l\u2019essor des collections d\u2019\u0153uvres m\u00e9di\u00e9vales, comme en t\u00e9moigne la cr\u00e9ation du mus\u00e9e de <a href=\"https:\/\/www.connaissancedesarts.com\/monuments-patrimoine\/notre-dame-paris\/exposition-a-paris-le-musee-de-cluny-revele-les-secrets-de-notre-dame-de-paris-11199744\/\" rel=\"nofollow noopener\" target=\"_blank\">Cluny<\/a> (1844). L\u2019\u00e8re industrielle et le \u00ab Gothic Revival \u00bb, en r\u00e9action au classicisme dominant, sont \u00e9galement explor\u00e9s. Enfin, l\u2019exposition se cl\u00f4t sur l\u2019\u00e9volution du gothique aux XXe et XXIe si\u00e8cles et ses repr\u00e9sentations dans la culture populaire, allant de la figure de Batman \u00e0 Mercredi Adams en passant par la culture punk et m\u00e9tal, jusqu\u2019aux \u00e9glises n\u00e9ogothiques des designs de jeux vid\u00e9o.<\/p>\n<p><img loading=\"lazy\" width=\"653\" height=\"981\" decoding=\"async\" aria-describedby=\"caption-attachment-203856\" src=\"data:image\/svg+xml,%3Csvg%20xmlns=\" http:=\"\" alt=\"Iris Van Herpen, Robe cath\u00e9drale \u00a9 Iris van Herpen - photograph \u00a9 Yannis Vlamos\" class=\"size-medium wp-image-203856\" data-lazy-src=\"https:\/\/www.europesays.com\/fr\/wp-content\/uploads\/2025\/07\/cda25_expo_gothique_louvrelens4-tt-width-653-height-981-fill-0-crop-0-bgcolor-eeeeee.jpg\"\/><\/p>\n<p id=\"caption-attachment-203856\" class=\"wp-caption-text\">Iris Van Herpen, Robe cath\u00e9drale \u00a9 Iris van Herpen \u2013 photograph \u00a9 Yannis Vlamos<\/p>\n<p>Les periods rooms<\/p>\n<p class=\"field_LQ2154C\">L\u2019exposition se distingue par ses salles th\u00e9matiques qui mettent en lumi\u00e8re des aspects pr\u00e9cis tels que l\u2019\u00e9criture gothique du Moyen \u00c2ge ou les couleurs embl\u00e9matiques du mouvement, notamment le noir et blanc. Cette approche permet d\u2019allier un parcours chronologique \u00e0 une exploration th\u00e9matique approfondie. De plus, l\u2019exposition propose des period rooms qui t\u00e9moignent de l\u2019h\u00e9ritage gothique. La premi\u00e8re \u00ab\u00a0Vivre n\u00e9ogothique : objets et int\u00e9rieurs n\u00e9ogothiques\u00a0\u00bb, reconstitue un int\u00e9rieur <a href=\"https:\/\/www.connaissancedesarts.com\/monuments-patrimoine\/eglises-cathedrales\/chef-doeuvre-neogothique-leglise-saint-joseph-de-roubaix-rouvre-enfin-ses-portes-apres-six-ans-de-travaux-11155830\/\" rel=\"nofollow noopener\" target=\"_blank\">n\u00e9ogothique<\/a> avec un mobilier de bureau complet, r\u00e9cemment acquis par le mus\u00e9e de Strasbourg, ainsi qu\u2019une chambre-salon gothique contemporaine.<\/p>\n<p><img loading=\"lazy\" width=\"653\" height=\"383\" decoding=\"async\" aria-describedby=\"caption-attachment-203849\" src=\"data:image\/svg+xml,%3Csvg%20xmlns=\" http:=\"\" alt=\"Maximilien-Henri Hiolle, Ensemble de mobilier n\u00e9o-gothique du docteur Jean-Chr\u00e9tien Heiser, vers 1865, Strasbourg, Mus\u00e9e d'arts d\u00e9coratifs \u00a9 Mus\u00e9es de la ville de Strasbourg \/ M. Bertola\u00a0\" class=\"size-medium wp-image-203849\" data-lazy-src=\"https:\/\/www.europesays.com\/fr\/wp-content\/uploads\/2025\/07\/cda25_expo_gothique_louvrelens2-tt-width-653-height-383-fill-0-crop-0-bgcolor-eeeeee.jpg\"\/><\/p>\n<p id=\"caption-attachment-203849\" class=\"wp-caption-text\">Maximilien-Henri Hiolle, Ensemble de mobilier n\u00e9o-gothique du docteur Jean-Chr\u00e9tien Heiser, vers 1865, Strasbourg, Mus\u00e9e d\u2019arts d\u00e9coratifs \u00a9 Mus\u00e9es de la ville de Strasbourg \/ M. Bertola<\/p>\n<p class=\"field_LQ2154C\">La seconde period room, intitul\u00e9e \u00ab\u00a0\u00catre goth\u00a0\u00bb, restitue l\u2019univers de la culture \u00ab\u00a0goth\u00a0\u00bb n\u00e9 \u00e0 la fin des ann\u00e9es 1970, qui se caract\u00e9rise par un c\u00f4t\u00e9 sombre et th\u00e9\u00e2tral dans la musique et le style vestimentaire. Au sein de cet espace il est possible de d\u00e9couvrir, gr\u00e2ce \u00e0 un banc d\u2019\u00e9coute, des artistes embl\u00e9matiques de la sc\u00e8ne musicale gothique tels que Joy Division, The Cure ou The Banshees.<\/p>\n<p>Exposition\u00a0<strong>\u00ab Gothique \u00bb<br \/><\/strong><strong>Mus\u00e9e du Louvre Lens, 99 rue Paul Bert 62300, Lens<br \/><\/strong><strong>Du 24 septembre 2025 au 26 janvier 2026<\/strong><\/p>\n<p>Un chef-d&rsquo;\u0153uvre dans le noir : La Vanit\u00e9<\/p>\n","protected":false},"excerpt":{"rendered":"\u00c0 partir du 24 septembre prochain, le Louvre-Lens propose une exposition \u00e9v\u00e8nement consacr\u00e9e \u00e0 l\u2019histoire du gothique. Pour&hellip;\n","protected":false},"author":2,"featured_media":286214,"comment_status":"","ping_status":"","sticky":false,"template":"","format":"standard","meta":{"footnotes":""},"categories":[1358],"tags":[1348,1384,1385,1386,58,59,1011,27],"class_list":{"0":"post-286213","1":"post","2":"type-post","3":"status-publish","4":"format-standard","5":"has-post-thumbnail","7":"category-arts-et-design","8":"tag-arts","9":"tag-arts-and-design","10":"tag-arts-et-design","11":"tag-design","12":"tag-divertissement","13":"tag-entertainment","14":"tag-fr","15":"tag-france"},"share_on_mastodon":{"url":"https:\/\/pubeurope.com\/@fr\/114946784871764059","error":""},"_links":{"self":[{"href":"https:\/\/www.europesays.com\/fr\/wp-json\/wp\/v2\/posts\/286213","targetHints":{"allow":["GET"]}}],"collection":[{"href":"https:\/\/www.europesays.com\/fr\/wp-json\/wp\/v2\/posts"}],"about":[{"href":"https:\/\/www.europesays.com\/fr\/wp-json\/wp\/v2\/types\/post"}],"author":[{"embeddable":true,"href":"https:\/\/www.europesays.com\/fr\/wp-json\/wp\/v2\/users\/2"}],"replies":[{"embeddable":true,"href":"https:\/\/www.europesays.com\/fr\/wp-json\/wp\/v2\/comments?post=286213"}],"version-history":[{"count":0,"href":"https:\/\/www.europesays.com\/fr\/wp-json\/wp\/v2\/posts\/286213\/revisions"}],"wp:featuredmedia":[{"embeddable":true,"href":"https:\/\/www.europesays.com\/fr\/wp-json\/wp\/v2\/media\/286214"}],"wp:attachment":[{"href":"https:\/\/www.europesays.com\/fr\/wp-json\/wp\/v2\/media?parent=286213"}],"wp:term":[{"taxonomy":"category","embeddable":true,"href":"https:\/\/www.europesays.com\/fr\/wp-json\/wp\/v2\/categories?post=286213"},{"taxonomy":"post_tag","embeddable":true,"href":"https:\/\/www.europesays.com\/fr\/wp-json\/wp\/v2\/tags?post=286213"}],"curies":[{"name":"wp","href":"https:\/\/api.w.org\/{rel}","templated":true}]}}