{"id":286215,"date":"2025-07-31T07:58:11","date_gmt":"2025-07-31T07:58:11","guid":{"rendered":"https:\/\/www.europesays.com\/fr\/286215\/"},"modified":"2025-07-31T07:58:11","modified_gmt":"2025-07-31T07:58:11","slug":"la-fouillade-un-magnifique-festival-du-livre","status":"publish","type":"post","link":"https:\/\/www.europesays.com\/fr\/286215\/","title":{"rendered":"La Fouillade : Un magnifique festival du livre"},"content":{"rendered":"<p>Le rideau est d\u00e9sormais tomb\u00e9 sur le 27e Festival des Livres de La Fouillade. Dans un cadre magnifiquement d\u00e9cor\u00e9 et une ambiance franchement conviviale, gr\u00e2ce aux soixante-dix auteurs pr\u00e9sents et \u00e0 nettement plus de mille visiteurs, il a connu un vif succ\u00e8s. Il restera dans les annales. Il faut dire que la douceur de la m\u00e9t\u00e9o avait incit\u00e9 les nombreux lecteurs \u00e0 venir \u00e0 la rencontre de ces auteurs \u00e0 leur \u00e9coute venus des quatre coins de l\u2019Occitanie. Les animations pour les jeunes connurent \u00e9galement une belle fr\u00e9quentation, que ce soit l\u2019origami, le papier m\u00e2ch\u00e9 ou la r\u00e9alisation de mini-livres. Enfin en marge du march\u00e9 et pr\u00e8s du repas champ\u00eatre des visiteurs pris \u00e0 l\u2019ombre des platanes, Hugues Cayrade et son groupe Matin\u00e9e d\u2019Ivresse apport\u00e8rent une note joyeuse au c\u0153ur du village.<\/p>\n<p>Au total, tous ces \u00e9v\u00e9nements r\u00e9unis et r\u00e9ussis on peut dire que le mill\u00e9sime 2025 est bien \u00e0 marquer d\u2019une pierre blanche.<\/p>\n<p>De nombreux auteurs ont d\u2019ores et d\u00e9j\u00e0 pris rendez-vous pour le 28e Festival des Livres qui se d\u00e9roulera le samedi 25 juillet 2026. Vous aussi, amis lecteurs du Villefranchois, retenez cette date !<\/p>\n<p>LE GRAND QUIZ DES LIVRES<\/p>\n<p>Le grand quiz des livres de l\u2019\u00e9t\u00e9 organis\u00e9 par notre journal et le Festival des Livres, avec le soutien du conseil d\u00e9partemental, des \u00c9ditions Toute Latitude et du VVF de Najac a, lui aussi, mobilis\u00e9 bon nombre de participants. Le gagnant sera connu et recevra ses prix avant la fin de la semaine : il s\u2019agit d\u2019une dotation de plus de 30 livres d\u2019une valeur de 550 \u20ac et d\u2019un s\u00e9jour dans un VVF. Nous reviendrons sur cet \u00e9v\u00e9nement dans la prochaine \u00e9dition.<\/p>\n","protected":false},"excerpt":{"rendered":"Le rideau est d\u00e9sormais tomb\u00e9 sur le 27e Festival des Livres de La Fouillade. Dans un cadre magnifiquement&hellip;\n","protected":false},"author":2,"featured_media":286216,"comment_status":"","ping_status":"","sticky":false,"template":"","format":"standard","meta":{"footnotes":""},"categories":[1357],"tags":[1379,58,59,1011,27,1380],"class_list":{"0":"post-286215","1":"post","2":"type-post","3":"status-publish","4":"format-standard","5":"has-post-thumbnail","7":"category-livres","8":"tag-books","9":"tag-divertissement","10":"tag-entertainment","11":"tag-fr","12":"tag-france","13":"tag-livres"},"share_on_mastodon":{"url":"https:\/\/pubeurope.com\/@fr\/114946788949461640","error":""},"_links":{"self":[{"href":"https:\/\/www.europesays.com\/fr\/wp-json\/wp\/v2\/posts\/286215","targetHints":{"allow":["GET"]}}],"collection":[{"href":"https:\/\/www.europesays.com\/fr\/wp-json\/wp\/v2\/posts"}],"about":[{"href":"https:\/\/www.europesays.com\/fr\/wp-json\/wp\/v2\/types\/post"}],"author":[{"embeddable":true,"href":"https:\/\/www.europesays.com\/fr\/wp-json\/wp\/v2\/users\/2"}],"replies":[{"embeddable":true,"href":"https:\/\/www.europesays.com\/fr\/wp-json\/wp\/v2\/comments?post=286215"}],"version-history":[{"count":0,"href":"https:\/\/www.europesays.com\/fr\/wp-json\/wp\/v2\/posts\/286215\/revisions"}],"wp:featuredmedia":[{"embeddable":true,"href":"https:\/\/www.europesays.com\/fr\/wp-json\/wp\/v2\/media\/286216"}],"wp:attachment":[{"href":"https:\/\/www.europesays.com\/fr\/wp-json\/wp\/v2\/media?parent=286215"}],"wp:term":[{"taxonomy":"category","embeddable":true,"href":"https:\/\/www.europesays.com\/fr\/wp-json\/wp\/v2\/categories?post=286215"},{"taxonomy":"post_tag","embeddable":true,"href":"https:\/\/www.europesays.com\/fr\/wp-json\/wp\/v2\/tags?post=286215"}],"curies":[{"name":"wp","href":"https:\/\/api.w.org\/{rel}","templated":true}]}}