{"id":286219,"date":"2025-07-31T08:00:27","date_gmt":"2025-07-31T08:00:27","guid":{"rendered":"https:\/\/www.europesays.com\/fr\/286219\/"},"modified":"2025-07-31T08:00:27","modified_gmt":"2025-07-31T08:00:27","slug":"en-seine-maritime-une-famille-passionnee-de-musique-a-forme-son-propre-groupe-de-rock-alternatif","status":"publish","type":"post","link":"https:\/\/www.europesays.com\/fr\/286219\/","title":{"rendered":"En Seine-Maritime, une famille passionn\u00e9e de musique a form\u00e9 son propre groupe de rock alternatif"},"content":{"rendered":"<p>            Par<br \/>\n        <strong><br \/>\n            <a href=\"https:\/\/actu.fr\/auteur\/adam-casies\" title=\"Consulter tous les articles de Adam Casies\" rel=\"nofollow noopener\" target=\"_blank\">Adam Casies<\/a><br \/>\n        <\/strong><\/p>\n<p>        Publi\u00e9 le<\/p>\n<p>            30 juil. 2025 \u00e0 14h21        <\/p>\n<p><b>Les Nouveaux Sauvages<\/b>, un groupe de musique originaire de <a href=\"https:\/\/actu.fr\/normandie\/sommery_76678\" rel=\"nofollow noopener\" target=\"_blank\">Sommery <\/a>(Seine-Maritime), encha\u00eenent les <b>sc\u00e8nes <\/b>dans le <a href=\"https:\/\/actu.fr\/tag\/pays-de-bray\" rel=\"nofollow noopener\" target=\"_blank\">Pays de Bray<\/a> et partagent leur passion en <b>famille<\/b>.<\/p>\n<p>Une histoire de famille<\/p>\n<p class=\" wall-content\">M\u00e9lody et C\u00e9sar, les parents, montent sur <b>sc\u00e8ne <\/b>avec leurs trois filles, Ana\u00efs, Violette et Z\u00e9lie, des <b>tripl\u00e9es<\/b>. Ensembles, ils forment un groupe uni et original appel\u00e9 Les Nouveaux Sauvages. \u00ab\u2009En famille, nous avons r\u00e9fl\u00e9chi \u00e0 un nom de groupe, et notre choix s\u2019est port\u00e9 sur Les Nouveaux Sauvages, en clin d\u2019\u0153il au film \u00e0 sketches argentino-espagnol du m\u00eame nom\u2009\u00bb, explique M\u00e9lody, la m\u00e8re de la famille.<\/p>\n<p class=\" wall-content\">Leur univers musical c\u2019est le <b>rock alternatif<\/b>. N\u00e9 dans la sc\u00e8ne underground des ann\u00e9es 1980, ce courant se distingue par sa volont\u00e9 de s\u2019affranchir des codes commerciaux et du rock classique. Proche de l\u2019esprit <b>punk<\/b>, il incarne une forme de libert\u00e9 artistique que Les Nouveaux Sauvages sont fiers d\u2019afficher.<\/p>\n<p>Compositions musicales<\/p>\n<p class=\" wall-content\">Dans le groupe, chaque membre occupe un r\u00f4le bien pr\u00e9cis contribuant \u00e0 l\u2019harmonie g\u00e9n\u00e9rale. C\u00e9sar prend place derri\u00e8re le <b>micro<\/b>. Z\u00e9lie, quant \u00e0 elle, rythme la musique avec \u00e9nergie \u00e0 la <b>batterie<\/b>. Violette s\u2019accorde parfaitement \u00e0 la <b>guitare<\/b>, ajoutant \u00e0 la fois m\u00e9lodie et puissance aux compositions tandis qu\u2019Ana\u00efs joue de la <b>basse<\/b>. Enfin, M\u00e9lody compl\u00e8te le tout au <b>piano<\/b>.<\/p>\n<p class=\" wall-content\">C\u2019est \u00e0 l\u2019<b>\u00e9t\u00e9 2024<\/b> que la famille a d\u00e9cid\u00e9 de se lancer s\u00e9rieusement dans l\u2019aventure musicale. Ensemble, ils \u00e9crivent, composent et interpr\u00e8tent leurs propres morceaux, exclusivement en fran\u00e7ais. \u00ab\u2009En moins d\u2019un an, on est d\u00e9j\u00e0 parvenu \u00e0 \u00e9crire <b>15<\/b> <b>compositions musicales<\/b>\u2009\u00bb, se r\u00e9jouit C\u00e9sar, le p\u00e8re de la famille.<\/p>\n<p>Enregistrer un EP<\/p>\n<p class=\" wall-content\">Originaire du Pays de Bray, la famille ne compte pas s\u2019arr\u00eater en si bon chemin. Port\u00e9s par une <b>passion <\/b>sans rel\u00e2che, les membres du groupe Les Nouveaux Sauvages continuent d\u2019enrichir leur r\u00e9pertoire. \u00ab\u2009On aimerait bien refaire 5 ou 6 nouvelles compositions musicales pour le mois de septembre\u2009\u00bb, pr\u00e9cise C\u00e9sar.<\/p>\n<p>Vid\u00e9os : en ce moment sur Actu<\/p>\n<p class=\" wall-content\">Et les ambitions ne s\u2019arr\u00eatent pas l\u00e0. \u00c0 plus long terme, le p\u00e8re de famille envisage une nouvelle \u00e9tape dans le parcours musical. \u00ab\u2009L\u2019id\u00e9e serait d\u2019enregistrer un <b>EP <\/b>en fin d\u2019ann\u00e9e\u2009\u00bb, ajoute-t-il.<\/p>\n<p>    <a href=\"https:\/\/www.facebook.com\/plugins\/post.php?href=https%3A%2F%2Fwww.facebook.com%2Fpermalink.php%3Fstory_fbid%3Dpfbid02KSzN4MBCqxzqqypJgoF6VcNUkhkBZr86dZcxNJS2aE7M1a7EFrgx4jRe1P2hUHQLl%26id%3D61570063220291&amp;show_text=true&amp;width=350\" title=\"Ouvrie le lien\" rel=\"nofollow noopener\" target=\"_blank\">Cliquez ici pour visualiser le contenu<\/a><\/p>\n<p class=\" wall-content\">D\u00e9j\u00e0 pr\u00e9sents sur plusieurs \u00e9v\u00e9nements en Seine-Maritime ou dans l\u2019Eure depuis la fin d\u00e9cembre\u00a02024, les membres du groupe aimeraient d\u00e9sormais se produire dans des manifestations de plus grande envergure. \u00ab\u2009Comme nous ne pouvons pas encore donner de concerts, nous aimerions participer \u00e0 des <b>festivals <\/b>et assurer des <b>premi\u00e8res parties<\/b>\u2009\u00bb, indique M\u00e9lody.<\/p>\n<p class=\" wall-content\">En attendant de les retrouver sur leur propre sc\u00e8ne, vous pourrez croiser C\u00e9sar, M\u00e9lody et leurs enfants le 22\u00a0ao\u00fbt 2025, \u00e0 l\u2019occasion de la f\u00eate patronale de Serqueux.<\/p>\n<p class=\" wall-content\">Suivez toute l\u2019actualit\u00e9 de vos villes et m\u00e9dias favoris en vous inscrivant \u00e0 <a href=\"https:\/\/moncompte.actu.fr\" title=\"D\u00e9couvez Mon Actu\" rel=\"nofollow noopener\" data-trk=\"{&quot;cta&quot;:{&quot;action&quot;:&quot;https:\\\/\\\/moncompte.actu.fr&quot;,&quot;category&quot;:&quot;mon compte&quot;,&quot;from&quot;:&quot;article footer&quot;,&quot;name&quot;:&quot;Mon actu&quot;,&quot;type&quot;:&quot;cta&quot;}}\" target=\"_blank\">Mon Actu<\/a>.<\/p>\n","protected":false},"excerpt":{"rendered":"Par Adam Casies Publi\u00e9 le 30 juil. 2025 \u00e0 14h21 Les Nouveaux Sauvages, un groupe de musique originaire&hellip;\n","protected":false},"author":2,"featured_media":286220,"comment_status":"","ping_status":"","sticky":false,"template":"","format":"standard","meta":{"footnotes":""},"categories":[1355],"tags":[58,59,652,1011,27,1361,873,10175,104],"class_list":{"0":"post-286219","1":"post","2":"type-post","3":"status-publish","4":"format-standard","5":"has-post-thumbnail","7":"category-musique","8":"tag-divertissement","9":"tag-entertainment","10":"tag-famille","11":"tag-fr","12":"tag-france","13":"tag-music","14":"tag-musique","15":"tag-pays-de-bray","16":"tag-societe"},"share_on_mastodon":{"url":"https:\/\/pubeurope.com\/@fr\/114946796671751864","error":""},"_links":{"self":[{"href":"https:\/\/www.europesays.com\/fr\/wp-json\/wp\/v2\/posts\/286219","targetHints":{"allow":["GET"]}}],"collection":[{"href":"https:\/\/www.europesays.com\/fr\/wp-json\/wp\/v2\/posts"}],"about":[{"href":"https:\/\/www.europesays.com\/fr\/wp-json\/wp\/v2\/types\/post"}],"author":[{"embeddable":true,"href":"https:\/\/www.europesays.com\/fr\/wp-json\/wp\/v2\/users\/2"}],"replies":[{"embeddable":true,"href":"https:\/\/www.europesays.com\/fr\/wp-json\/wp\/v2\/comments?post=286219"}],"version-history":[{"count":0,"href":"https:\/\/www.europesays.com\/fr\/wp-json\/wp\/v2\/posts\/286219\/revisions"}],"wp:featuredmedia":[{"embeddable":true,"href":"https:\/\/www.europesays.com\/fr\/wp-json\/wp\/v2\/media\/286220"}],"wp:attachment":[{"href":"https:\/\/www.europesays.com\/fr\/wp-json\/wp\/v2\/media?parent=286219"}],"wp:term":[{"taxonomy":"category","embeddable":true,"href":"https:\/\/www.europesays.com\/fr\/wp-json\/wp\/v2\/categories?post=286219"},{"taxonomy":"post_tag","embeddable":true,"href":"https:\/\/www.europesays.com\/fr\/wp-json\/wp\/v2\/tags?post=286219"}],"curies":[{"name":"wp","href":"https:\/\/api.w.org\/{rel}","templated":true}]}}