{"id":286230,"date":"2025-07-31T08:06:11","date_gmt":"2025-07-31T08:06:11","guid":{"rendered":"https:\/\/www.europesays.com\/fr\/286230\/"},"modified":"2025-07-31T08:06:11","modified_gmt":"2025-07-31T08:06:11","slug":"la-ministre-du-tourisme-se-dit-favorable-a-sa-suppression-mais-tacle-ryanair","status":"publish","type":"post","link":"https:\/\/www.europesays.com\/fr\/286230\/","title":{"rendered":"la ministre du Tourisme se dit favorable \u00e0 sa suppression mais tacle Ryanair"},"content":{"rendered":"<p>Nathalie Delattre affirme que cette taxe, qui a notamment pouss\u00e9 la compagnie \u00e0 supprimer trois dessertes en France, \u00abest de nature \u00e0 ralentir le trafic a\u00e9rien\u00bb. L\u2019annonce de l\u2019entreprise irlandaise n\u2019en reste pas moins opportuniste.<\/p>\n<p class=\"fig-paragraph\">La taxe sur les billets d\u2019avion a du plomb dans l\u2019aile. La ministre fran\u00e7aise du Tourisme Nathalie Delattre, favorable \u00e0 sa suppression, a cependant estim\u00e9 jeudi que la compagnie\u00a0<a href=\"http:\/\/www.lefigaro.fr\/societes\/en-guerre-contre-la-taxe-astronomique-sur-les-billets-d-avion-ryanair-supprime-trois-dessertes-en-france-20250730\" data-fig-type=\"NewsFlash\" data-gtm-custom-categorie=\"navigation\" data-gtm-custom-action=\"crossclick\" data-gtm-custom-label=\"Contextuel\" data-gtm-event=\"customEventSPE\" data-fig-domain=\"LEFIGARO\" rel=\"nofollow noopener\" target=\"_blank\">Ryanair\u00a0<\/a>faisait preuve d\u2019opportunisme en invoquant cette taxe pour supprimer trois dessertes r\u00e9gionales pour l\u2019hiver 2025 en France.<\/p>\n<p class=\"fig-paragraph\">\u00abJe suis aux c\u00f4t\u00e9s du ministre (des Transports) Philippe Tabarot pour d\u00e9fendre cette option de supprimer cette taxe\u00bb, a d\u00e9clar\u00e9 la ministre sur TF1. \u00abIl y a un probl\u00e8me avec cette taxe\u00bb, a d\u00e9clar\u00e9 Nathalie Delattre, reconnaissant que \u00absur le\u00a0<a href=\"http:\/\/www.lefigaro.fr\/conjoncture\/a-chaque-vol-les-passagers-jouent-a-la-loterie-ces-regles-opaques-imposees-par-les-low-cost-sur-les-bagages-a-main-20250713\" data-fig-type=\"Article\" data-gtm-custom-categorie=\"navigation\" data-gtm-custom-action=\"crossclick\" data-gtm-custom-label=\"Contextuel\" data-gtm-event=\"customEventSPE\" data-fig-domain=\"LEFIGARO\" rel=\"nofollow noopener\" target=\"_blank\">low cost<\/a> \u00a0cela peut se comprendre encore plus: quand vous faites un aller-retour, 15 euros sur un low cost \u00e7a peut faire une diff\u00e9rence\u00bb. \u00abCette taxe est de nature \u00e0 ralentir le trafic a\u00e9rien\u00bb, a-t-elle dit.<\/p>\n<p>                                    <a class=\"fig-a11y-skip a11y-hidden\" href=\"#fig-a11y-skip-main-inarticle\"><br \/>\n        Passer la publicit\u00e9<br \/>\n    <\/a><\/p>\n<p class=\"fig-paragraph\">Dans Le Parisien, ce jour, le ministre des Transports a quant \u00e0 lui rappel\u00e9 sa volont\u00e9 exprim\u00e9e de longue date de \u00abfaire preuve de mesure, et surtout de stabilit\u00e9 fiscale\u00bb. En mars, il se disait d\u00e9j\u00e0, \u00e0 titre personnel, \u00abr\u00e9serv\u00e9\u00bb \u00e0 l\u2019id\u00e9e d\u2019inscrire cette hausse dans la dur\u00e9e. Il souhaite \u00abune pause\u00bb dans la taxation du secteur a\u00e9rien, au moment o\u00f9 le gouvernement pr\u00e9pare ses arbitrages pour le budget 2026.<\/p>\n<p class=\"fig-body-link\">\n            \u00c0 lire aussi<br \/>\n        <a class=\"fig-body-link__link\" href=\"http:\/\/www.lefigaro.fr\/societes\/en-guerre-contre-la-taxe-astronomique-sur-les-billets-d-avion-ryanair-supprime-trois-dessertes-en-france-20250730\" data-fig-type=\"NewsFlash\" data-gtm-custom-categorie=\"navigation\" data-gtm-custom-action=\"crossclick\" data-gtm-custom-label=\"Contextuel\" data-gtm-event=\"customEventSPE\" data-fig-domain=\"LEFIGARO\" rel=\"nofollow noopener\" target=\"_blank\">En guerre contre la \u00abtaxe astronomique\u00bb sur les billets d\u2019avion, Ryanair supprime trois dessertes en France<br \/>\n    <\/a>\n<\/p>\n<p>Un impact significatif pour le low cost<\/p>\n<p class=\"fig-paragraph\">Nathalie Delattre a malgr\u00e9 tout critiqu\u00e9 l\u2019annonce de Ryanair, mercredi. La compagnie irlandaise a annonc\u00e9 mercredi, en riposte \u00e0 l\u2019augmentation de la taxe de solidarit\u00e9 sur les billets d\u2019avion, \u00abl\u2019arr\u00eat de ses activit\u00e9s\u00bb pour l\u2019hiver 2025 sur les a\u00e9roports de Strasbourg (est), de Bergerac et de Brive (sud-ouest), d\u2019o\u00f9 elle desservait l\u2019\u00c9cosse ou le Portugal. La compagnie avait d\u00e9j\u00e0 quitt\u00e9 Vatry (est) au printemps. \u00abRyanair a un plan de suppression depuis un moment et profite parfois de ce type d\u2019effet pour r\u00e9duire la voilure\u00bb, a tacl\u00e9 la membre du gouvernement.<\/p>\n<p class=\"fig-paragraph\">Ryanair est quand m\u00eame \u00abla premi\u00e8re compagnie a\u00e9rienne en Europe\u00bb et \u00able fait qu\u2019elle d\u00e9cide de porter sa croissance dans les pays voisins n\u2019est pas une bonne nouvelle pour la France\u00bb, a affirm\u00e9 de son c\u00f4t\u00e9 Thomas Juin, pr\u00e9sident de l\u2019Union des a\u00e9roports fran\u00e7ais, au micro de RMC. \u00abIl n\u2019y aura pas d\u2019autres compagnies a\u00e9riennes qui viendront se positionner puisqu\u2019elles consid\u00e8rent que les taxes en France sont un repoussoir\u00bb, ajoute-t-il.<\/p>\n<p class=\"fig-paragraph\">Pour rappel, la\u00a0<a href=\"http:\/\/www.lefigaro.fr\/societes\/taxe-sur-les-billets-d-avion-le-trafic-tient-bon-pour-l-instant-20250404\" data-fig-type=\"Article\" data-gtm-custom-categorie=\"navigation\" data-gtm-custom-action=\"crossclick\" data-gtm-custom-label=\"Contextuel\" data-gtm-event=\"customEventSPE\" data-fig-domain=\"LEFIGARO\" rel=\"nofollow noopener\" target=\"_blank\">taxe de solidarit\u00e9 sur les billets d\u2019avion (TSBA)<\/a>\u00a0en vigueur en France est pass\u00e9e \u00e0 7,4 euros contre 2,63 euros auparavant pour les vols int\u00e9rieurs ou vers l\u2019Europe. Le gouvernement l\u2019a alourdie pour l\u2019ann\u00e9e budg\u00e9taire 2025, escomptant 800 millions d\u2019euros de recettes suppl\u00e9mentaires.<\/p>\n","protected":false},"excerpt":{"rendered":"Nathalie Delattre affirme que cette taxe, qui a notamment pouss\u00e9 la compagnie \u00e0 supprimer trois dessertes en France,&hellip;\n","protected":false},"author":2,"featured_media":286231,"comment_status":"","ping_status":"","sticky":false,"template":"","format":"standard","meta":{"footnotes":""},"categories":[6],"tags":[7675,35,33,34,1011,27,602],"class_list":{"0":"post-286230","1":"post","2":"type-post","3":"status-publish","4":"format-standard","5":"has-post-thumbnail","7":"category-economie","8":"tag-aerien","9":"tag-business","10":"tag-economie","11":"tag-economy","12":"tag-fr","13":"tag-france","14":"tag-tourisme"},"share_on_mastodon":{"url":"https:\/\/pubeurope.com\/@fr\/114946820266043490","error":""},"_links":{"self":[{"href":"https:\/\/www.europesays.com\/fr\/wp-json\/wp\/v2\/posts\/286230","targetHints":{"allow":["GET"]}}],"collection":[{"href":"https:\/\/www.europesays.com\/fr\/wp-json\/wp\/v2\/posts"}],"about":[{"href":"https:\/\/www.europesays.com\/fr\/wp-json\/wp\/v2\/types\/post"}],"author":[{"embeddable":true,"href":"https:\/\/www.europesays.com\/fr\/wp-json\/wp\/v2\/users\/2"}],"replies":[{"embeddable":true,"href":"https:\/\/www.europesays.com\/fr\/wp-json\/wp\/v2\/comments?post=286230"}],"version-history":[{"count":0,"href":"https:\/\/www.europesays.com\/fr\/wp-json\/wp\/v2\/posts\/286230\/revisions"}],"wp:featuredmedia":[{"embeddable":true,"href":"https:\/\/www.europesays.com\/fr\/wp-json\/wp\/v2\/media\/286231"}],"wp:attachment":[{"href":"https:\/\/www.europesays.com\/fr\/wp-json\/wp\/v2\/media?parent=286230"}],"wp:term":[{"taxonomy":"category","embeddable":true,"href":"https:\/\/www.europesays.com\/fr\/wp-json\/wp\/v2\/categories?post=286230"},{"taxonomy":"post_tag","embeddable":true,"href":"https:\/\/www.europesays.com\/fr\/wp-json\/wp\/v2\/tags?post=286230"}],"curies":[{"name":"wp","href":"https:\/\/api.w.org\/{rel}","templated":true}]}}