{"id":286234,"date":"2025-07-31T08:08:09","date_gmt":"2025-07-31T08:08:09","guid":{"rendered":"https:\/\/www.europesays.com\/fr\/286234\/"},"modified":"2025-07-31T08:08:09","modified_gmt":"2025-07-31T08:08:09","slug":"un-enfant-de-8-ans-chute-de-15-metres-et-decede","status":"publish","type":"post","link":"https:\/\/www.europesays.com\/fr\/286234\/","title":{"rendered":"un enfant de 8 ans chute de 15 m\u00e8tres et d\u00e9c\u00e8de"},"content":{"rendered":"<p style=\"text-align: justify;\">Un enfant de 8 ans a perdu la vie apr\u00e8s avoir fait une chute de 15 m\u00e8tres, \u00e7a s\u2019est pass\u00e9 ce mercredi en d\u00e9but d\u2019apr\u00e8s-midi \u00e0 Gleiz\u00e9. L\u2019enfant est tomb\u00e9 du 5\u00e8me \u00e9tage d\u2019un immeuble du quartier de Belleroche. L\u2019alerte a \u00e9t\u00e9 donn\u00e9e vers 14h30.<\/p>\n<p style=\"text-align: justify;\">Une enqu\u00eate a \u00e9t\u00e9 ouverte\u00a0par le commissariat de Villefranche-sur-Sa\u00f4ne\u00a0pour d\u00e9terminer les circonstances de ce drame. Selon les premiers \u00e9l\u00e9ments rapport\u00e9s par Le Progr\u00e8s, trois des fr\u00e8res et s\u0153urs de la victime \u00e9tait sur place mais les parents de la fratrie n&rsquo;\u00e9taient pas pr\u00e9sents dans l&rsquo;appartement lors du drame. Le p\u00e8re travaillait tandis que la m\u00e8re \u00e9tait en d\u00e9placement \u00e0 l&rsquo;\u00e9tranger.<\/p>\n","protected":false},"excerpt":{"rendered":"Un enfant de 8 ans a perdu la vie apr\u00e8s avoir fait une chute de 15 m\u00e8tres, \u00e7a&hellip;\n","protected":false},"author":2,"featured_media":286235,"comment_status":"","ping_status":"","sticky":false,"template":"","format":"standard","meta":{"footnotes":""},"categories":[4],"tags":[1111,11,2813,2190,1109,251,1112,2811,118,1011,27,1922,1110,1114,2428,2810,12,241,316,25,2812,517,800],"class_list":{"0":"post-286234","1":"post","2":"type-post","3":"status-publish","4":"format-standard","5":"has-post-thumbnail","7":"category-france","8":"tag-actu","9":"tag-actualites","10":"tag-article","11":"tag-asvel","12":"tag-breves","13":"tag-culture","14":"tag-depeches","15":"tag-economique","16":"tag-faits-divers","17":"tag-fr","18":"tag-france","19":"tag-info","20":"tag-informations","21":"tag-infos","22":"tag-lyon","23":"tag-lyonmag","24":"tag-news","25":"tag-ol","26":"tag-politique","27":"tag-republique-francaise","28":"tag-sociale","29":"tag-sport","30":"tag-transports"},"share_on_mastodon":{"url":"https:\/\/pubeurope.com\/@fr\/114946828169582349","error":""},"_links":{"self":[{"href":"https:\/\/www.europesays.com\/fr\/wp-json\/wp\/v2\/posts\/286234","targetHints":{"allow":["GET"]}}],"collection":[{"href":"https:\/\/www.europesays.com\/fr\/wp-json\/wp\/v2\/posts"}],"about":[{"href":"https:\/\/www.europesays.com\/fr\/wp-json\/wp\/v2\/types\/post"}],"author":[{"embeddable":true,"href":"https:\/\/www.europesays.com\/fr\/wp-json\/wp\/v2\/users\/2"}],"replies":[{"embeddable":true,"href":"https:\/\/www.europesays.com\/fr\/wp-json\/wp\/v2\/comments?post=286234"}],"version-history":[{"count":0,"href":"https:\/\/www.europesays.com\/fr\/wp-json\/wp\/v2\/posts\/286234\/revisions"}],"wp:featuredmedia":[{"embeddable":true,"href":"https:\/\/www.europesays.com\/fr\/wp-json\/wp\/v2\/media\/286235"}],"wp:attachment":[{"href":"https:\/\/www.europesays.com\/fr\/wp-json\/wp\/v2\/media?parent=286234"}],"wp:term":[{"taxonomy":"category","embeddable":true,"href":"https:\/\/www.europesays.com\/fr\/wp-json\/wp\/v2\/categories?post=286234"},{"taxonomy":"post_tag","embeddable":true,"href":"https:\/\/www.europesays.com\/fr\/wp-json\/wp\/v2\/tags?post=286234"}],"curies":[{"name":"wp","href":"https:\/\/api.w.org\/{rel}","templated":true}]}}