{"id":286246,"date":"2025-07-31T08:16:18","date_gmt":"2025-07-31T08:16:18","guid":{"rendered":"https:\/\/www.europesays.com\/fr\/286246\/"},"modified":"2025-07-31T08:16:18","modified_gmt":"2025-07-31T08:16:18","slug":"quand-cest-un-appel-en-deuxieme-partie-de-nuit-on-sait-quon-va-etre-confrontes-a-des-drames-on-a-suivi-une-equipe-de-depanneurs-hyerois","status":"publish","type":"post","link":"https:\/\/www.europesays.com\/fr\/286246\/","title":{"rendered":"\u00ab\u00a0Quand c\u2019est un appel en deuxi\u00e8me partie de nuit, on sait qu\u2019on va \u00eatre confront\u00e9s \u00e0 des drames&#8230;\u00a0\u00bb: on a suivi une \u00e9quipe de d\u00e9panneurs hy\u00e9rois"},"content":{"rendered":"<p>Le garage Saint-Gervais est une institution \u00e0 Hy\u00e8res. Un pneu crev\u00e9, une panne inopin\u00e9e ou un accident plus grave, vous avez des chances d\u2019\u00eatre secouru par un des membres de cette \u00e9quipe tr\u00e8s familiale.<\/p>\n<p>\u00a0\u00bb J\u2019ai repris l\u2019activit\u00e9 de mon patron en 2008&Prime;, explique le g\u00e9rant, Jean-Marc. \u00ab\u00a0Depuis, je travaille avec mes deux fils, Julian et Thomas, et des employ\u00e9s fid\u00e8les.\u00a0\u00bb Pour ces professionnels, il n\u2019y a pas de \u00ab\u00a0jour sans\u00a0\u00bb: \u00ab\u00a0Nous sommes ouverts tous les jours et joignables \u00e0 tout moment pour rendre service. C\u2019est une obligation quand on fait un m\u00e9tier de l\u2019urgence. Surtout l\u2019\u00e9t\u00e9 pour d\u00e9panner les gens partout afin qu\u2019ils ne se g\u00e2chent pas les vacances. \u00ab\u00a0<\/p>\n<p>Interventions lors des inondations<\/p>\n<p>Douze camions \u00ab\u00a0tournent\u00a0\u00bb nuit et jour pour porter assistance \u00e0 des automobilistes coinc\u00e9s. Et, en ce moment, l\u2019activit\u00e9 redouble en raison du nombre de vacanciers qui cro\u00eet de fa\u00e7on exponentielle. \u00ab\u00a0Nous portons secours \u00e0 une trentaine de personnes tous les jours. Cela va d\u2019un pneu crev\u00e9 \u00e0 des accidents graves o\u00f9 le v\u00e9hicule est tr\u00e8s endommag\u00e9. C\u2019est dur, parfois, de d\u00e9couvrir en arrivant des voitures r\u00e9duites \u00e0 l\u2019\u00e9tat d\u2019\u00e9pave. On pense tout de suite aux victimes&#8230;\u00a0\u00bb, ajoute Jean-Marc, affect\u00e9 par des souvenirs difficiles.<\/p>\n<p>Parmi les 6.000 interventions effectu\u00e9es chaque ann\u00e9e, certaines marquent plus que d\u2019autres. \u00c0 la demande des assurances ou directement, les d\u00e9panneurs doivent r\u00e9ussir \u00e0 acc\u00e9der partout pour remorquer un v\u00e9hicule. Y compris dans les zones les plus recul\u00e9es ou escarp\u00e9es, ce qui est souvent le cas. \u00ab\u00a0Notre objectif: tout faire pour sortir la voiture o\u00f9 qu\u2019elle soit. M\u00eame si le terrain est difficile.\u00a0\u00bb Il faut alors faire preuve d\u2019ing\u00e9niosit\u00e9 pour se faufiler et arriver \u00e0 r\u00e9cup\u00e9rer une voiture en f\u00e2cheuse posture. \u00ab\u00a0Lors des inondations \u00e0 La Londe, c\u2019\u00e9tait infernal. L\u2019eau avait emport\u00e9 des voitures dans des zones inaccessibles. Il fallait pourtant les ramener.\u00a0\u00bb<\/p>\n<p>Et ces professionnels de rappeler \u00e0 nous, automobilistes, de bien v\u00e9rifier sur notre contrat d\u2019assurance que nous b\u00e9n\u00e9ficions de l\u2019assistance d\u00e9pannage. Cela \u00e9vite bien des tracas administratifs le jour o\u00f9 une panne survient. \u00ab\u00a0Il ne se passe pas une nuit sans qu\u2019on soit appel\u00e9 en urgence pour un p\u00e9pin o\u00f9 une collision sur la route\u00a0\u00bb, encha\u00eene Thomas.<\/p>\n<p>Douze camions sont disponibles au garage Saint-Gervais pour partir en mission \u00e0 n\u2019importe quelle heure du jour et de la nuit. \u00ab\u00a0Et, h\u00e9las, souvent quand c\u2019est un appel en deuxi\u00e8me partie de nuit, on sait qu\u2019on va \u00eatre confront\u00e9s \u00e0 des drames&#8230;\u00a0\u00bb<\/p>\n<p>\u00ab\u00a0La vitesse, ce poison\u00a0\u00bb<\/p>\n<p>Pour eux, l\u2019exigence de prudence n\u2019est donc pas un vain mot. \u00ab\u00a0On le constate tous les jours: la vitesse est un poison. Les conduites \u00e0 risques aussi.\u00a0\u00bb Ils remarquent aussi que de nombreux accidents ont lieu sur les m\u00eames routes: des axes en ligne droite o\u00f9 la vigilance des conducteurs baisse ou des ronds-points, apparemment s\u00e9curis\u00e9s, que les automobilistes franchissent trop vite et font une sortie de route.<\/p>\n<p>Parmi les conducteurs les plus nombreux sur nos routes l\u2019\u00e9t\u00e9, on trouve les Allemands, les Italiens et les Anglais. Et ils ont g\u00e9n\u00e9ralement une bonne connaissance de la route&#8230; et de leurs contrats d\u2019assurance concernant la prise en charge de leur v\u00e9hicule en cas de \u00ab\u00a0p\u00e9pin\u00a0\u00bb.<\/p>\n<p>Mieux que les Fran\u00e7ais, plus \u00e9tourdis quand ils roulent \u00ab\u00a0\u00e0 domicile\u00a0\u00bb.<\/p>\n","protected":false},"excerpt":{"rendered":"Le garage Saint-Gervais est une institution \u00e0 Hy\u00e8res. Un pneu crev\u00e9, une panne inopin\u00e9e ou un accident plus&hellip;\n","protected":false},"author":2,"featured_media":286247,"comment_status":"","ping_status":"","sticky":false,"template":"","format":"standard","meta":{"footnotes":""},"categories":[9619],"tags":[1111,11,1777,674,1011,27,12,882,25,2310,3366],"class_list":{"0":"post-286246","1":"post","2":"type-post","3":"status-publish","4":"format-standard","5":"has-post-thumbnail","7":"category-toulon","8":"tag-actu","9":"tag-actualites","10":"tag-eu","11":"tag-europe","12":"tag-fr","13":"tag-france","14":"tag-news","15":"tag-provence-alpes-cote-dazur","16":"tag-republique-francaise","17":"tag-toulon","18":"tag-vie-locale"},"share_on_mastodon":{"url":"https:\/\/pubeurope.com\/@fr\/114946859532015151","error":""},"_links":{"self":[{"href":"https:\/\/www.europesays.com\/fr\/wp-json\/wp\/v2\/posts\/286246","targetHints":{"allow":["GET"]}}],"collection":[{"href":"https:\/\/www.europesays.com\/fr\/wp-json\/wp\/v2\/posts"}],"about":[{"href":"https:\/\/www.europesays.com\/fr\/wp-json\/wp\/v2\/types\/post"}],"author":[{"embeddable":true,"href":"https:\/\/www.europesays.com\/fr\/wp-json\/wp\/v2\/users\/2"}],"replies":[{"embeddable":true,"href":"https:\/\/www.europesays.com\/fr\/wp-json\/wp\/v2\/comments?post=286246"}],"version-history":[{"count":0,"href":"https:\/\/www.europesays.com\/fr\/wp-json\/wp\/v2\/posts\/286246\/revisions"}],"wp:featuredmedia":[{"embeddable":true,"href":"https:\/\/www.europesays.com\/fr\/wp-json\/wp\/v2\/media\/286247"}],"wp:attachment":[{"href":"https:\/\/www.europesays.com\/fr\/wp-json\/wp\/v2\/media?parent=286246"}],"wp:term":[{"taxonomy":"category","embeddable":true,"href":"https:\/\/www.europesays.com\/fr\/wp-json\/wp\/v2\/categories?post=286246"},{"taxonomy":"post_tag","embeddable":true,"href":"https:\/\/www.europesays.com\/fr\/wp-json\/wp\/v2\/tags?post=286246"}],"curies":[{"name":"wp","href":"https:\/\/api.w.org\/{rel}","templated":true}]}}