{"id":286270,"date":"2025-07-31T08:31:14","date_gmt":"2025-07-31T08:31:14","guid":{"rendered":"https:\/\/www.europesays.com\/fr\/286270\/"},"modified":"2025-07-31T08:31:14","modified_gmt":"2025-07-31T08:31:14","slug":"match-nul-pour-les-u19-contre-nantes-1-1","status":"publish","type":"post","link":"https:\/\/www.europesays.com\/fr\/286270\/","title":{"rendered":"match nul pour les U19 contre Nantes (1-1)"},"content":{"rendered":"<p>                            <img width=\"770\" height=\"433\" src=\"https:\/\/www.europesays.com\/fr\/wp-content\/uploads\/2025\/07\/OL-Romane-Thevenot-54-770x433.jpg\" class=\"attachment-article size-article wp-post-image\" alt=\"Ballon OL \u00e0 l'entra\u00eenement\" decoding=\"async\" fetchpriority=\"high\"  \/><\/p>\n<p>Ballon OL \u00e0 l\u2019entra\u00eenement \/ (Cr\u00e9dit : Romane Thevenot)<\/p>\n<p>Mercredi, les U19 de l&rsquo;OL ont jou\u00e9 leur deuxi\u00e8me match amical de l&rsquo;\u00e9t\u00e9. Face au FC Nantes, ils ont glan\u00e9 le nul un but partout. <\/p>\n<p>Loin du festival des \u00ab\u00a0grands\u00a0\u00bb en Autriche face \u00e0 Majorque (1-1), les U19 de l&rsquo;OL d\u00e9fiaient leurs homologues du FC Nantes. Une rencontre qui servait de deuxi\u00e8me affiche de pr\u00e9paration pour les prot\u00e9ger de Florent <strong>Balmont<\/strong>. La partie se d\u00e9roulait pr\u00e8s de Cholet (Maine-et-Loire). <\/p>\n<p>Apr\u00e8s le revers contre la r\u00e9serve de Grenoble samedi (<a href=\"https:\/\/www.olympique-et-lyonnais.com\/ol-academie-les-u19-sinclinent-face-a-la-reserve-de-grenoble,372990.html\" rel=\"nofollow noopener\" target=\"_blank\">1-3<\/a>), les Gones disputaient un match de 2&#215;30 minutes face aux Nantais. Et ce sont les Lig\u00e9riens qui ont ouvert la marque en premi\u00e8re p\u00e9riode. <strong>Dabo\u00a0<\/strong>a transform\u00e9 un penalty d&rsquo;une subtile panenka\u00a0sur penalty. <\/p>\n<p>But du jeune Muminovic <\/p>\n<p>C&rsquo;est l&rsquo;attaquant Adjin\u00a0<strong>Muminovic<\/strong> (2009), <a href=\"http:\/\/Adjin Muminovic\" rel=\"nofollow\">arriv\u00e9 cet \u00e9t\u00e9<\/a>, qui a r\u00e9pondu pour l&rsquo;OL apr\u00e8s la pause, dans les derniers instants. Apr\u00e8s cette sortie, les Rhodaniens participeront <a href=\"https:\/\/www.olympique-et-lyonnais.com\/lol-connait-ses-adversaires-pour-le-tournoi-carisport-u19,371179.html\" rel=\"nofollow noopener\" target=\"_blank\">au tournoi Carisport<\/a> ce week-end. <a href=\"https:\/\/www.carisport.fr\/planning-des-matchs\/\" rel=\"nofollow noopener\" target=\"_blank\">Les 2 et 3 ao\u00fbt<\/a>, ils affronteront tout d&rsquo;abord Le Havre et Angers \u00e0 Saint-Macaire-en-Mauges pour leur entr\u00e9e en lice. Apr\u00e8s la phase de poules, le samedi, il faudra n\u00e9gocier \u00e0 la phase de classement le dimanche.<\/p>\n","protected":false},"excerpt":{"rendered":"Ballon OL \u00e0 l\u2019entra\u00eenement \/ (Cr\u00e9dit : Romane Thevenot) Mercredi, les U19 de l&rsquo;OL ont jou\u00e9 leur deuxi\u00e8me&hellip;\n","protected":false},"author":2,"featured_media":286271,"comment_status":"","ping_status":"","sticky":false,"template":"","format":"standard","meta":{"footnotes":""},"categories":[2818],"tags":[1111,11,1777,674,1011,27,766,12,26895,2636,25,3251],"class_list":{"0":"post-286270","1":"post","2":"type-post","3":"status-publish","4":"format-standard","5":"has-post-thumbnail","7":"category-nantes","8":"tag-actu","9":"tag-actualites","10":"tag-eu","11":"tag-europe","12":"tag-fr","13":"tag-france","14":"tag-nantes","15":"tag-news","16":"tag-ol-academie","17":"tag-pays-de-la-loire","18":"tag-republique-francaise","19":"tag-u19"},"share_on_mastodon":{"url":"https:\/\/pubeurope.com\/@fr\/114946918528146653","error":""},"_links":{"self":[{"href":"https:\/\/www.europesays.com\/fr\/wp-json\/wp\/v2\/posts\/286270","targetHints":{"allow":["GET"]}}],"collection":[{"href":"https:\/\/www.europesays.com\/fr\/wp-json\/wp\/v2\/posts"}],"about":[{"href":"https:\/\/www.europesays.com\/fr\/wp-json\/wp\/v2\/types\/post"}],"author":[{"embeddable":true,"href":"https:\/\/www.europesays.com\/fr\/wp-json\/wp\/v2\/users\/2"}],"replies":[{"embeddable":true,"href":"https:\/\/www.europesays.com\/fr\/wp-json\/wp\/v2\/comments?post=286270"}],"version-history":[{"count":0,"href":"https:\/\/www.europesays.com\/fr\/wp-json\/wp\/v2\/posts\/286270\/revisions"}],"wp:featuredmedia":[{"embeddable":true,"href":"https:\/\/www.europesays.com\/fr\/wp-json\/wp\/v2\/media\/286271"}],"wp:attachment":[{"href":"https:\/\/www.europesays.com\/fr\/wp-json\/wp\/v2\/media?parent=286270"}],"wp:term":[{"taxonomy":"category","embeddable":true,"href":"https:\/\/www.europesays.com\/fr\/wp-json\/wp\/v2\/categories?post=286270"},{"taxonomy":"post_tag","embeddable":true,"href":"https:\/\/www.europesays.com\/fr\/wp-json\/wp\/v2\/tags?post=286270"}],"curies":[{"name":"wp","href":"https:\/\/api.w.org\/{rel}","templated":true}]}}