{"id":286274,"date":"2025-07-31T08:35:11","date_gmt":"2025-07-31T08:35:11","guid":{"rendered":"https:\/\/www.europesays.com\/fr\/286274\/"},"modified":"2025-07-31T08:35:11","modified_gmt":"2025-07-31T08:35:11","slug":"rose-festival-hesta-gascona-cinescopia-la-kermesse-quels-festivals-choisir-ce-mois-daout-en-haute-garonne","status":"publish","type":"post","link":"https:\/\/www.europesays.com\/fr\/286274\/","title":{"rendered":"Rose Festival, H\u00e8sta Gascona, Cin\u00e9\u2019scopia, La Kermesse\u2026 Quels festivals choisir ce mois d\u2019ao\u00fbt en Haute-Garonne\u00a0?"},"content":{"rendered":"<p class=\"paragraph text_align_left lp-f-body-02\"><b>\u00c0 l\u2019a\u00e9roport, des DJ et de la nostalgie des ann\u00e9es 1990 et 2000 au Poney Club<\/b><\/p>\n<p class=\"paragraph text_align_left lp-f-body-02\">Le Poney Club, lieu embl\u00e9matique des soir\u00e9es toulousaines, revient pour une troisi\u00e8me \u00e9dition de son festival jusqu\u2019au 30 ao\u00fbt, transformant le parking P3 de l\u2019a\u00e9roport Toulouse-Blagnac (Haute-Garonne) en une sc\u00e8ne musicale. Plusieurs soirs par semaine, le public est invit\u00e9 \u00e0 vibrer <a href=\"https:\/\/www.poneyclubtoulouse.fr\/programmation\" target=\"_blank\" rel=\"noreferrer nofollow noopener\">au rythme d\u2019une programmation artistique de haut vol<\/a>, au son des plus grands DJ.<\/p>\n<p class=\"paragraph text_align_left lp-f-body-02\">Durant ce mois d\u2019ao\u00fbt, deux temps forts sont \u00e0 noter. D\u2019abord Madame Loyal, le week-end du 7 au 9, avec une programmation \u00e9lectro dans une ambiance de f\u00eate foraine. Puis La Kermesse, du 14 au 16, qui propose de se replonger dans <a href=\"https:\/\/www.leparisien.fr\/val-d-oise-95\/corona-larusso-dr-alban-le-do-you-remember-festival-joue-la-bande-originale-de-la-vie-des-plus-de-30-ans-04-07-2024-DGFZMCKWWZGVXOIDIXOCVAZZPA.php\" target=\"_blank\" rel=\"noreferrer nofollow noopener\">les hits des ann\u00e9es 1990 et 2000<\/a> avec plus de 20 artistes ou groupes qui ont marqu\u00e9 ces deux d\u00e9cennies.<\/p>\n<p class=\"paragraph text_align_left lp-f-body-02\">Pour cette nouvelle \u00e9dition, le Poney Club se r\u00e9invente dans un espace plus vaste, avec une sc\u00e8ne repens\u00e9e, un \u00e9cran Led grand format, des bars \u00e9tendus et un espace VIP backstage. Une exp\u00e9rience unique dans un cadre atypique sur fond de coucher de soleil, avec vue imprenable sur la tour de contr\u00f4le et les pistes.<\/p>\n<p class=\"paragraph text_align_left lp-f-body-02\"><b>H\u00e8sta Gascona \u00e0 Bagn\u00e8res-de-Luchon<\/b><\/p>\n<p class=\"paragraph text_align_left lp-f-body-02\">Du 14 au 17 ao\u00fbt, <a href=\"https:\/\/lahesta.com\/\" target=\"_blank\" rel=\"nofollow noopener\">le festival H\u00e8sta Gascona<\/a> s\u2019installe \u00e0 Bagn\u00e8res-de-Luchon (Haute-Garonne) pour c\u00e9l\u00e9brer la culture et la langue occitane, \u00e0 travers une multitude d\u2019activit\u00e9s. Ce rendez-vous unique propose des concerts, des bals, des conf\u00e9rences, des d\u00e9monstrations, des projections de films, des spectacles, ainsi qu\u2019un march\u00e9 d\u2019artisans et de producteurs locaux, pour une immersion compl\u00e8te.<\/p>\n<p class=\"paragraph text_align_left lp-f-body-02\">Les visiteurs sont invit\u00e9s \u00e0 devenir acteurs de l\u2019\u00e9v\u00e9nement en participant \u00e0 des ateliers vari\u00e9s : initiation aux danses et chants occitans, apprentissage d\u2019instruments traditionnels, d\u00e9couverte de la langue et de la gastronomie occitanes. Pour les amoureux de la nature, des randonn\u00e9es cont\u00e9es d\u00e9voileront les paysages magnifiques de la ville surnomm\u00e9e \u00ab La reine des Pyr\u00e9n\u00e9es \u00bb.<\/p>\n<p class=\"paragraph text_align_left lp-f-body-02\"><b>Cin\u00e9\u2019scopia au milieu des avions<\/b><\/p>\n<p class=\"paragraph text_align_left lp-f-body-02\">Le mus\u00e9e A\u00e9roscopia, en partenariat avec le cin\u00e9ma CGR de Blagnac, lance <a href=\"https:\/\/www.aeroscopia.fr\/cinescopia-cinema-plein-air-aeroscopia\" target=\"_blank\" rel=\"noreferrer nofollow noopener\">la premi\u00e8re \u00e9dition du Cin\u00e9\u2019scopia<\/a>, les s\u00e9ances de film en plein air au milieu des avions. Un \u00e9v\u00e9nement estival in\u00e9dit m\u00ealant projections, patrimoine a\u00e9ronautique et ambiance festive, en plein c\u0153ur d\u2019un d\u00e9cor exceptionnel form\u00e9 par le Concorde, la Caravelle, le Transall et le Falcon.<\/p>\n<p class=\"paragraph text_align_left lp-f-body-02\">Un espace de projection sera am\u00e9nag\u00e9 avec \u00e9cran g\u00e9ant, chaises et transats, tandis qu\u2019un espace guinguette accueillera les spectateurs avec food trucks, buvette et animations. Ce 1er ao\u00fbt, les spectateurs pourront voir <a href=\"https:\/\/www.leparisien.fr\/culture-loisirs\/cinema\/top-gun-maverick-du-grand-cinema-en-version-supersonique-24-05-2022-IZXJHXEZXRBI3KKAZCLHBGUQNU.php\" target=\"_blank\" rel=\"noreferrer nofollow noopener\">le film \u00ab Top Gun Maverick \u00bb<\/a>, \u00e0 partir de 21h30. Puis, le 22 ao\u00fbt, ce sera le tour du film d\u2019animation \u00ab Planes \u00bb de Klay Hall.<\/p>\n<p class=\"paragraph text_align_left lp-f-body-02\"><b>Trois jours de concerts au Rose Festival<\/b><\/p>\n<p class=\"paragraph text_align_left lp-f-body-02\">Le Rose Festival revient pour <a href=\"https:\/\/rosefestival.fr\/\" target=\"_blank\" rel=\"noreferrer nofollow noopener\">une nouvelle \u00e9dition, du 29 au 31 ao\u00fbt 2025<\/a> \u00e0 Aussonne (Haute-Garonne). <a href=\"https:\/\/www.leparisien.fr\/haute-garonne-31\/a-toulouse-le-rose-festival-de-bigflo-et-oli-fait-deja-le-plein-27-08-2022-YEJJNY5FWNBPZASSJOYLPSELUY.php\" target=\"_blank\" rel=\"noreferrer nofollow noopener\">Initi\u00e9 en 2022 par les rappeurs toulousains Bigflo &amp; Oli<\/a>, le Rose Festival est devenu un incontournable de l\u2019\u00e9t\u00e9.<\/p>\n<p class=\"paragraph text_align_left lp-f-body-02\">Que vous soyez fan de rap, de pop, de hip-hop ou de musique \u00e9lectronique, il y en aura pour tous les go\u00fbts avec la pr\u00e9sence d\u00e9j\u00e0 annonc\u00e9e de Jorja Smith, Ninho Niska, SDM, Lost fr\u00e9quence S, Vald, Ronisia ou encore Marc Rebillet.<\/p>\n","protected":false},"excerpt":{"rendered":"\u00c0 l\u2019a\u00e9roport, des DJ et de la nostalgie des ann\u00e9es 1990 et 2000 au Poney Club Le Poney&hellip;\n","protected":false},"author":2,"featured_media":286275,"comment_status":"","ping_status":"","sticky":false,"template":"","format":"standard","meta":{"footnotes":""},"categories":[2816],"tags":[1111,11,872,459,1777,674,1011,27,4623,12,2680,25,2312],"class_list":{"0":"post-286274","1":"post","2":"type-post","3":"status-publish","4":"format-standard","5":"has-post-thumbnail","7":"category-toulouse","8":"tag-actu","9":"tag-actualites","10":"tag-culture-et-loisirs","11":"tag-departements-horsidfo","12":"tag-eu","13":"tag-europe","14":"tag-fr","15":"tag-france","16":"tag-haute-garonne-31","17":"tag-news","18":"tag-occitanie","19":"tag-republique-francaise","20":"tag-toulouse"},"share_on_mastodon":{"url":"https:\/\/pubeurope.com\/@fr\/114946934433389198","error":""},"_links":{"self":[{"href":"https:\/\/www.europesays.com\/fr\/wp-json\/wp\/v2\/posts\/286274","targetHints":{"allow":["GET"]}}],"collection":[{"href":"https:\/\/www.europesays.com\/fr\/wp-json\/wp\/v2\/posts"}],"about":[{"href":"https:\/\/www.europesays.com\/fr\/wp-json\/wp\/v2\/types\/post"}],"author":[{"embeddable":true,"href":"https:\/\/www.europesays.com\/fr\/wp-json\/wp\/v2\/users\/2"}],"replies":[{"embeddable":true,"href":"https:\/\/www.europesays.com\/fr\/wp-json\/wp\/v2\/comments?post=286274"}],"version-history":[{"count":0,"href":"https:\/\/www.europesays.com\/fr\/wp-json\/wp\/v2\/posts\/286274\/revisions"}],"wp:featuredmedia":[{"embeddable":true,"href":"https:\/\/www.europesays.com\/fr\/wp-json\/wp\/v2\/media\/286275"}],"wp:attachment":[{"href":"https:\/\/www.europesays.com\/fr\/wp-json\/wp\/v2\/media?parent=286274"}],"wp:term":[{"taxonomy":"category","embeddable":true,"href":"https:\/\/www.europesays.com\/fr\/wp-json\/wp\/v2\/categories?post=286274"},{"taxonomy":"post_tag","embeddable":true,"href":"https:\/\/www.europesays.com\/fr\/wp-json\/wp\/v2\/tags?post=286274"}],"curies":[{"name":"wp","href":"https:\/\/api.w.org\/{rel}","templated":true}]}}