{"id":286278,"date":"2025-07-31T08:37:17","date_gmt":"2025-07-31T08:37:17","guid":{"rendered":"https:\/\/www.europesays.com\/fr\/286278\/"},"modified":"2025-07-31T08:37:17","modified_gmt":"2025-07-31T08:37:17","slug":"la-fete-continue-a-roubaix-2e-temps-fort-de-lannee-des-fetes-du-monde","status":"publish","type":"post","link":"https:\/\/www.europesays.com\/fr\/286278\/","title":{"rendered":"La F\u00eate continue \u00e0 Roubaix : 2e temps fort de l\u2019ann\u00e9e des F\u00eates du Monde"},"content":{"rendered":"<p class=\"introduction\">Du 13 ao\u00fbt au 14 d\u00e9cembre, la saison 2 de l\u2019ann\u00e9e th\u00e9matique \u00ab\u00a02025, ann\u00e9e des F\u00eates du Monde\u00a0\u00bb s\u2019ouvre avec un programme foisonnant et festif. \u00c0 vos agendas !<\/p>\n<p>Apr\u00e8s un d\u00e9but d\u2019ann\u00e9e riche en \u00e9motions \u2013 entre le Karaok\u00e9 du Bled, les rythmes br\u00e9siliens, la semaine culturelle africaine ou encore la block party dans\u00e9e \u2013 <strong>le second temps fort de l\u2019ann\u00e9e interculturelle red\u00e9marre d\u00e8s le 13 ao\u00fbt \u00e0 Roubaix<\/strong>. Cette saison automne-hiver, toujours plac\u00e9e sous le signe du vivre-ensemble et de la diversit\u00e9, met \u00e0 l\u2019honneur des f\u00eates du monde entier \u00e0 travers spectacles, ateliers, expositions, conf\u00e9rences et bals\u2026 et c\u2019est toujours gratuit et ouvert \u00e0 toutes et \u00e0 tous !<\/p>\n<p>Une programmation haute en couleurs<\/p>\n<p>C\u2019est le Festival des Habitant\u00b7es, orchestr\u00e9 par la Compagnie D\u00e9tournoyment, qui donne le coup d\u2019envoi du 13 au 17 ao\u00fbt dans diff\u00e9rents lieux de la ville. Quatre jours de rencontres, de spectacles participatifs, d\u2019ateliers, de brocante et de bal kabyle anim\u00e9 par Myriam K. : une belle entr\u00e9e en mati\u00e8re pour cette seconde saison.<\/p>\n<p>Parmi les temps forts \u00e0 ne pas manquer :<\/p>\n<ul>\n<li><strong>Le Festin des M\u00e9sanges<\/strong> (19 septembre) \u00e0 la Condition Publique : un banquet v\u00e9g\u00e9tal pr\u00e9par\u00e9 avec les \u00e9l\u00e8ves du lyc\u00e9e Lavoisier, en partenariat avec le chef Florent Ladeyn, pour c\u00e9l\u00e9brer l\u2019automne de mani\u00e8re locale et conviviale.<\/li>\n<li><strong>\u00catre f\u00eates<\/strong> : une exposition collective visible du 20 septembre au 22 novembre au Bureau d\u2019Art et de Recherche, m\u00ealant dessins, photos et cr\u00e9ations d\u2019enfants sur le th\u00e8me de la f\u00eate.<\/li>\n<li><strong>Carton plein<\/strong> (7 novembre au Gymnase CDCN) : un loto-cabaret d\u00e9jant\u00e9 men\u00e9 par la CieF et Arthur Perole, entre performance et dancefloor.<\/li>\n<li><strong>Archi Fiesta<\/strong> (6 novembre) : une soir\u00e9e in\u00e9dite aux Archives Nationales du Monde du Travail m\u00ealant spectacle vivant, musique du monde, concerts \u00e9lectro et surprises autour des f\u00eates en milieu professionnel.<\/li>\n<li><strong>Les grands allumoirs \u00e0 la Toss\u00e9e<\/strong> (14 novembre), grande d\u00e9ambulation lumineuse et festive en famille avec Bibi-Lolo, le g\u00e9ant textile.<\/li>\n<li><strong>Velours Roubaix<\/strong> : un projet collaboratif entre habitants et musiciens autour de leurs souvenirs festifs, avec restitution en d\u00e9cembre \u00e0 l\u2019ARA.<\/li>\n<\/ul>\n<p>Une dynamique collective interculturelle<\/p>\n<p>Port\u00e9e par le <a href=\"https:\/\/www.ville-roubaix.fr\/municipalite\/participation-des-habitants\/conseil-roubaisien-interculturalite-citoyennete\/\" target=\"_blank\" rel=\"noopener nofollow\">Conseil Roubaisien de l\u2019Interculturalit\u00e9 et de la Citoyennet\u00e9 (CRIC)<\/a>, l\u2019ann\u00e9e des F\u00eates du Monde est construite en partenariat avec une multitude d\u2019acteurs culturels et associatifs de la ville : D\u00e9tournoyment, Astuce, le Non-Lieu, la Cave aux Po\u00e8tes, le Bureau d\u2019Art et de Recherche, Autour des Rythmes Actuels, La Manufacture, Le Gymnase, les Archives du Monde du Travail, la Condition Publique, la Compagnie du Tire-Laine\u2026 Tous ont r\u00e9pondu \u00e0 l\u2019appel pour faire vivre <strong>une programmation \u00e0 l\u2019image de Roubaix : festive, plurielle, participative<\/strong>.<\/p>\n<p><strong><a href=\"https:\/\/www.calameo.com\/read\/000053137f8facde83715\" target=\"_blank\" rel=\"noopener nofollow\">&gt; Consultez le programme complet des F\u00eates du Monde<\/a><\/strong><\/p>\n","protected":false},"excerpt":{"rendered":"Du 13 ao\u00fbt au 14 d\u00e9cembre, la saison 2 de l\u2019ann\u00e9e th\u00e9matique \u00ab\u00a02025, ann\u00e9e des F\u00eates du Monde\u00a0\u00bb&hellip;\n","protected":false},"author":2,"featured_media":286279,"comment_status":"","ping_status":"","sticky":false,"template":"","format":"standard","meta":{"footnotes":""},"categories":[2815],"tags":[1111,11,42515,251,1777,674,42516,1011,27,811,1307,12,25],"class_list":{"0":"post-286278","1":"post","2":"type-post","3":"status-publish","4":"format-standard","5":"has-post-thumbnail","7":"category-lille","8":"tag-actu","9":"tag-actualites","10":"tag-annee-thematique","11":"tag-culture","12":"tag-eu","13":"tag-europe","14":"tag-fetes-du-monde","15":"tag-fr","16":"tag-france","17":"tag-hauts-de-france","18":"tag-lille","19":"tag-news","20":"tag-republique-francaise"},"share_on_mastodon":{"url":"https:\/\/pubeurope.com\/@fr\/114946942317785237","error":""},"_links":{"self":[{"href":"https:\/\/www.europesays.com\/fr\/wp-json\/wp\/v2\/posts\/286278","targetHints":{"allow":["GET"]}}],"collection":[{"href":"https:\/\/www.europesays.com\/fr\/wp-json\/wp\/v2\/posts"}],"about":[{"href":"https:\/\/www.europesays.com\/fr\/wp-json\/wp\/v2\/types\/post"}],"author":[{"embeddable":true,"href":"https:\/\/www.europesays.com\/fr\/wp-json\/wp\/v2\/users\/2"}],"replies":[{"embeddable":true,"href":"https:\/\/www.europesays.com\/fr\/wp-json\/wp\/v2\/comments?post=286278"}],"version-history":[{"count":0,"href":"https:\/\/www.europesays.com\/fr\/wp-json\/wp\/v2\/posts\/286278\/revisions"}],"wp:featuredmedia":[{"embeddable":true,"href":"https:\/\/www.europesays.com\/fr\/wp-json\/wp\/v2\/media\/286279"}],"wp:attachment":[{"href":"https:\/\/www.europesays.com\/fr\/wp-json\/wp\/v2\/media?parent=286278"}],"wp:term":[{"taxonomy":"category","embeddable":true,"href":"https:\/\/www.europesays.com\/fr\/wp-json\/wp\/v2\/categories?post=286278"},{"taxonomy":"post_tag","embeddable":true,"href":"https:\/\/www.europesays.com\/fr\/wp-json\/wp\/v2\/tags?post=286278"}],"curies":[{"name":"wp","href":"https:\/\/api.w.org\/{rel}","templated":true}]}}